{"id":8867,"date":"2023-12-22T13:59:49","date_gmt":"2023-12-22T18:59:49","guid":{"rendered":"https:\/\/capri-matique.com\/client\/aprfae5\/?p=8867"},"modified":"2023-12-22T14:00:36","modified_gmt":"2023-12-22T19:00:36","slug":"souhaits-du-temps-des-fetes","status":"publish","type":"post","link":"https:\/\/www.capri-matique.com\/client\/aprfae5\/souhaits-du-temps-des-fetes\/","title":{"rendered":"Souhaits du temps des f\u00eates"},"content":{"rendered":"<p><img fetchpriority=\"high\" decoding=\"async\" class=\"aligncenter wp-image-8868 size-full\" src=\"https:\/\/capri-matique.com\/client\/aprfae5\/wp-content\/uploads\/2023\/12\/Joyeux-Noel-1.png\" alt=\"\" width=\"940\" height=\"788\" srcset=\"https:\/\/www.capri-matique.com\/client\/aprfae5\/wp-content\/uploads\/2023\/12\/Joyeux-Noel-1.png 940w, https:\/\/www.capri-matique.com\/client\/aprfae5\/wp-content\/uploads\/2023\/12\/Joyeux-Noel-1-300x251.png 300w\" sizes=\"(max-width: 940px) 100vw, 940px\" \/><\/p>\n<p>&nbsp;<\/p>\n<p>En cette p\u00e9riode de r\u00e9jouissances qui cognent \u00e0 nos portes, l\u2019\u00e9quipe de l\u2019APRFAE aimerait vous souhaiter un temps des F\u00eates en bonne sant\u00e9, rempli de bonheur, de douceur et d\u2019amour.<\/p>\n<p>De plus, en raison de cette lutte que m\u00e8nent les enseignantes et les enseignants de la FAE, nous aimerions \u00e9galement leur souhaiter certes du courage, mais aussi un peu de s\u00e9r\u00e9nit\u00e9 en ces temps difficiles.<\/p>\n<p>Nous leur souhaitons \u00e9galement des conditions d\u2019enseignement et d\u2019apprentissage \u00e0 la hauteur de leurs comp\u00e9tences et de leur ind\u00e9niable d\u00e9sir de faire la diff\u00e9rence dans la vie de leurs \u00e9l\u00e8ves. Nous sommes de tout c\u0153ur avec eux !<\/p>\n<p>Joyeux temps des F\u00eates \u00e0 toutes \u00e0 tous !<\/p>\n","protected":false},"excerpt":{"rendered":"<p>&nbsp; En cette p\u00e9riode de r\u00e9jouissances qui cognent \u00e0 nos portes, l\u2019\u00e9quipe de l\u2019APRFAE aimerait vous souhaiter un temps des F\u00eates en bonne sant\u00e9, rempli de bonheur, de douceur et d\u2019amour. De plus, en raison de cette lutte que m\u00e8nent les enseignantes et les enseignants de la FAE, nous aimerions \u00e9galement leur souhaiter certes du &hellip;<\/p>\n","protected":false},"author":2,"featured_media":0,"comment_status":"closed","ping_status":"open","sticky":false,"template":"","format":"standard","meta":{"footnotes":""},"categories":[1],"tags":[],"class_list":["post-8867","post","type-post","status-publish","format-standard","hentry","category-uncategorized"],"yoast_head":"<!-- This site is optimized with the Yoast SEO plugin v17.3 - https:\/\/yoast.com\/wordpress\/plugins\/seo\/ -->\n<title>Souhaits du temps des f\u00eates - Association de personnes retrait\u00e9es de la FAE<\/title>\n<meta name=\"robots\" content=\"noindex, follow, max-snippet:-1, max-image-preview:large, max-video-preview:-1\" \/>\n<meta property=\"og:locale\" content=\"fr_FR\" \/>\n<meta property=\"og:type\" content=\"article\" \/>\n<meta property=\"og:title\" content=\"Souhaits du temps des f\u00eates - Association de personnes retrait\u00e9es de la FAE\" \/>\n<meta property=\"og:description\" content=\"&nbsp; En cette p\u00e9riode de r\u00e9jouissances qui cognent \u00e0 nos portes, l\u2019\u00e9quipe de l\u2019APRFAE aimerait vous souhaiter un temps des F\u00eates en bonne sant\u00e9, rempli de bonheur, de douceur et d\u2019amour. De plus, en raison de cette lutte que m\u00e8nent les enseignantes et les enseignants de la FAE, nous aimerions \u00e9galement leur souhaiter certes du &hellip;\" \/>\n<meta property=\"og:url\" content=\"https:\/\/www.capri-matique.com\/client\/aprfae5\/souhaits-du-temps-des-fetes\/\" \/>\n<meta property=\"og:site_name\" content=\"Association de personnes retrait\u00e9es de la FAE\" \/>\n<meta property=\"article:published_time\" content=\"2023-12-22T18:59:49+00:00\" \/>\n<meta property=\"article:modified_time\" content=\"2023-12-22T19:00:36+00:00\" \/>\n<meta property=\"og:image\" content=\"https:\/\/capri-matique.com\/client\/aprfae5\/wp-content\/uploads\/2023\/12\/Joyeux-Noel-1.png\" \/>\n<meta name=\"twitter:card\" content=\"summary\" \/>\n<meta name=\"twitter:label1\" content=\"\u00c9crit par\" \/>\n\t<meta name=\"twitter:data1\" content=\"Chantal Couture\" \/>\n\t<meta name=\"twitter:label2\" content=\"Dur\u00e9e de lecture estim\u00e9e\" \/>\n\t<meta name=\"twitter:data2\" content=\"1 minute\" \/>\n<script type=\"application\/ld+json\" class=\"yoast-schema-graph\">{\"@context\":\"https:\/\/schema.org\",\"@graph\":[{\"@type\":\"WebSite\",\"@id\":\"https:\/\/www.capri-matique.com\/client\/aprfae5\/#website\",\"url\":\"https:\/\/www.capri-matique.com\/client\/aprfae5\/\",\"name\":\"Association de personnes retrait\\u00e9es de la FAE\",\"description\":\"L&#039;association qui nous unit\",\"potentialAction\":[{\"@type\":\"SearchAction\",\"target\":{\"@type\":\"EntryPoint\",\"urlTemplate\":\"https:\/\/www.capri-matique.com\/client\/aprfae5\/?s={search_term_string}\"},\"query-input\":\"required name=search_term_string\"}],\"inLanguage\":\"fr-FR\"},{\"@type\":\"ImageObject\",\"@id\":\"https:\/\/www.capri-matique.com\/client\/aprfae5\/souhaits-du-temps-des-fetes\/#primaryimage\",\"inLanguage\":\"fr-FR\",\"url\":\"https:\/\/capri-matique.com\/client\/aprfae5\/wp-content\/uploads\/2023\/12\/Joyeux-Noel-1.png\",\"contentUrl\":\"https:\/\/capri-matique.com\/client\/aprfae5\/wp-content\/uploads\/2023\/12\/Joyeux-Noel-1.png\"},{\"@type\":\"WebPage\",\"@id\":\"https:\/\/www.capri-matique.com\/client\/aprfae5\/souhaits-du-temps-des-fetes\/#webpage\",\"url\":\"https:\/\/www.capri-matique.com\/client\/aprfae5\/souhaits-du-temps-des-fetes\/\",\"name\":\"Souhaits du temps des f\\u00eates - Association de personnes retrait\\u00e9es de la FAE\",\"isPartOf\":{\"@id\":\"https:\/\/www.capri-matique.com\/client\/aprfae5\/#website\"},\"primaryImageOfPage\":{\"@id\":\"https:\/\/www.capri-matique.com\/client\/aprfae5\/souhaits-du-temps-des-fetes\/#primaryimage\"},\"datePublished\":\"2023-12-22T18:59:49+00:00\",\"dateModified\":\"2023-12-22T19:00:36+00:00\",\"author\":{\"@id\":\"https:\/\/www.capri-matique.com\/client\/aprfae5\/#\/schema\/person\/d49ddfd2ee6ceb42ef2fbcdda1753954\"},\"breadcrumb\":{\"@id\":\"https:\/\/www.capri-matique.com\/client\/aprfae5\/souhaits-du-temps-des-fetes\/#breadcrumb\"},\"inLanguage\":\"fr-FR\",\"potentialAction\":[{\"@type\":\"ReadAction\",\"target\":[\"https:\/\/www.capri-matique.com\/client\/aprfae5\/souhaits-du-temps-des-fetes\/\"]}]},{\"@type\":\"BreadcrumbList\",\"@id\":\"https:\/\/www.capri-matique.com\/client\/aprfae5\/souhaits-du-temps-des-fetes\/#breadcrumb\",\"itemListElement\":[{\"@type\":\"ListItem\",\"position\":1,\"name\":\"Accueil\",\"item\":\"https:\/\/www.capri-matique.com\/client\/aprfae5\/\"},{\"@type\":\"ListItem\",\"position\":2,\"name\":\"Souhaits du temps des f\\u00eates\"}]},{\"@type\":\"Person\",\"@id\":\"https:\/\/www.capri-matique.com\/client\/aprfae5\/#\/schema\/person\/d49ddfd2ee6ceb42ef2fbcdda1753954\",\"name\":\"Chantal Couture\",\"url\":\"https:\/\/www.capri-matique.com\/client\/aprfae5\/author\/chantal-couture\/\"}]}<\/script>\n<!-- \/ Yoast SEO plugin. -->","yoast_head_json":{"title":"Souhaits du temps des f\u00eates - Association de personnes retrait\u00e9es de la FAE","robots":{"index":"noindex","follow":"follow","max-snippet":"max-snippet:-1","max-image-preview":"max-image-preview:large","max-video-preview":"max-video-preview:-1"},"og_locale":"fr_FR","og_type":"article","og_title":"Souhaits du temps des f\u00eates - Association de personnes retrait\u00e9es de la FAE","og_description":"&nbsp; En cette p\u00e9riode de r\u00e9jouissances qui cognent \u00e0 nos portes, l\u2019\u00e9quipe de l\u2019APRFAE aimerait vous souhaiter un temps des F\u00eates en bonne sant\u00e9, rempli de bonheur, de douceur et d\u2019amour. De plus, en raison de cette lutte que m\u00e8nent les enseignantes et les enseignants de la FAE, nous aimerions \u00e9galement leur souhaiter certes du &hellip;","og_url":"https:\/\/www.capri-matique.com\/client\/aprfae5\/souhaits-du-temps-des-fetes\/","og_site_name":"Association de personnes retrait\u00e9es de la FAE","article_published_time":"2023-12-22T18:59:49+00:00","article_modified_time":"2023-12-22T19:00:36+00:00","og_image":[{"url":"https:\/\/capri-matique.com\/client\/aprfae5\/wp-content\/uploads\/2023\/12\/Joyeux-Noel-1.png"}],"twitter_card":"summary","twitter_misc":{"\u00c9crit par":"Chantal Couture","Dur\u00e9e de lecture estim\u00e9e":"1 minute"},"schema":{"@context":"https:\/\/schema.org","@graph":[{"@type":"WebSite","@id":"https:\/\/www.capri-matique.com\/client\/aprfae5\/#website","url":"https:\/\/www.capri-matique.com\/client\/aprfae5\/","name":"Association de personnes retrait\u00e9es de la FAE","description":"L&#039;association qui nous unit","potentialAction":[{"@type":"SearchAction","target":{"@type":"EntryPoint","urlTemplate":"https:\/\/www.capri-matique.com\/client\/aprfae5\/?s={search_term_string}"},"query-input":"required name=search_term_string"}],"inLanguage":"fr-FR"},{"@type":"ImageObject","@id":"https:\/\/www.capri-matique.com\/client\/aprfae5\/souhaits-du-temps-des-fetes\/#primaryimage","inLanguage":"fr-FR","url":"https:\/\/capri-matique.com\/client\/aprfae5\/wp-content\/uploads\/2023\/12\/Joyeux-Noel-1.png","contentUrl":"https:\/\/capri-matique.com\/client\/aprfae5\/wp-content\/uploads\/2023\/12\/Joyeux-Noel-1.png"},{"@type":"WebPage","@id":"https:\/\/www.capri-matique.com\/client\/aprfae5\/souhaits-du-temps-des-fetes\/#webpage","url":"https:\/\/www.capri-matique.com\/client\/aprfae5\/souhaits-du-temps-des-fetes\/","name":"Souhaits du temps des f\u00eates - Association de personnes retrait\u00e9es de la FAE","isPartOf":{"@id":"https:\/\/www.capri-matique.com\/client\/aprfae5\/#website"},"primaryImageOfPage":{"@id":"https:\/\/www.capri-matique.com\/client\/aprfae5\/souhaits-du-temps-des-fetes\/#primaryimage"},"datePublished":"2023-12-22T18:59:49+00:00","dateModified":"2023-12-22T19:00:36+00:00","author":{"@id":"https:\/\/www.capri-matique.com\/client\/aprfae5\/#\/schema\/person\/d49ddfd2ee6ceb42ef2fbcdda1753954"},"breadcrumb":{"@id":"https:\/\/www.capri-matique.com\/client\/aprfae5\/souhaits-du-temps-des-fetes\/#breadcrumb"},"inLanguage":"fr-FR","potentialAction":[{"@type":"ReadAction","target":["https:\/\/www.capri-matique.com\/client\/aprfae5\/souhaits-du-temps-des-fetes\/"]}]},{"@type":"BreadcrumbList","@id":"https:\/\/www.capri-matique.com\/client\/aprfae5\/souhaits-du-temps-des-fetes\/#breadcrumb","itemListElement":[{"@type":"ListItem","position":1,"name":"Accueil","item":"https:\/\/www.capri-matique.com\/client\/aprfae5\/"},{"@type":"ListItem","position":2,"name":"Souhaits du temps des f\u00eates"}]},{"@type":"Person","@id":"https:\/\/www.capri-matique.com\/client\/aprfae5\/#\/schema\/person\/d49ddfd2ee6ceb42ef2fbcdda1753954","name":"Chantal Couture","url":"https:\/\/www.capri-matique.com\/client\/aprfae5\/author\/chantal-couture\/"}]}},"_links":{"self":[{"href":"https:\/\/www.capri-matique.com\/client\/aprfae5\/wp-json\/wp\/v2\/posts\/8867","targetHints":{"allow":["GET"]}}],"collection":[{"href":"https:\/\/www.capri-matique.com\/client\/aprfae5\/wp-json\/wp\/v2\/posts"}],"about":[{"href":"https:\/\/www.capri-matique.com\/client\/aprfae5\/wp-json\/wp\/v2\/types\/post"}],"author":[{"embeddable":true,"href":"https:\/\/www.capri-matique.com\/client\/aprfae5\/wp-json\/wp\/v2\/users\/2"}],"replies":[{"embeddable":true,"href":"https:\/\/www.capri-matique.com\/client\/aprfae5\/wp-json\/wp\/v2\/comments?post=8867"}],"version-history":[{"count":1,"href":"https:\/\/www.capri-matique.com\/client\/aprfae5\/wp-json\/wp\/v2\/posts\/8867\/revisions"}],"predecessor-version":[{"id":8869,"href":"https:\/\/www.capri-matique.com\/client\/aprfae5\/wp-json\/wp\/v2\/posts\/8867\/revisions\/8869"}],"wp:attachment":[{"href":"https:\/\/www.capri-matique.com\/client\/aprfae5\/wp-json\/wp\/v2\/media?parent=8867"}],"wp:term":[{"taxonomy":"category","embeddable":true,"href":"https:\/\/www.capri-matique.com\/client\/aprfae5\/wp-json\/wp\/v2\/categories?post=8867"},{"taxonomy":"post_tag","embeddable":true,"href":"https:\/\/www.capri-matique.com\/client\/aprfae5\/wp-json\/wp\/v2\/tags?post=8867"}],"curies":[{"name":"wp","href":"https:\/\/api.w.org\/{rel}","templated":true}]}}