{"id":8839,"date":"2023-12-19T14:44:12","date_gmt":"2023-12-19T19:44:12","guid":{"rendered":"https:\/\/capri-matique.com\/client\/aprfae5\/?p=8839"},"modified":"2023-12-19T14:47:18","modified_gmt":"2023-12-19T19:47:18","slug":"une-collecte-de-dons","status":"publish","type":"post","link":"https:\/\/www.capri-matique.com\/client\/aprfae5\/une-collecte-de-dons\/","title":{"rendered":"Une collecte de dons"},"content":{"rendered":"<h1 style=\"text-align: center;\"><span style=\"font-family: verdana, geneva, sans-serif; font-size: 18pt;\"><strong>Une collecte de dons pour les enseignantes et les enseignants de la FAE<\/strong><\/span><\/h1>\n<p><img fetchpriority=\"high\" decoding=\"async\" class=\"aligncenter wp-image-8840 size-large\" src=\"https:\/\/capri-matique.com\/client\/aprfae5\/wp-content\/uploads\/2023\/12\/collecte-jourjpg-792x1024.jpg\" alt=\"\" width=\"792\" height=\"1024\" srcset=\"https:\/\/www.capri-matique.com\/client\/aprfae5\/wp-content\/uploads\/2023\/12\/collecte-jourjpg-792x1024.jpg 792w, https:\/\/www.capri-matique.com\/client\/aprfae5\/wp-content\/uploads\/2023\/12\/collecte-jourjpg-232x300.jpg 232w, https:\/\/www.capri-matique.com\/client\/aprfae5\/wp-content\/uploads\/2023\/12\/collecte-jourjpg-1187x1536.jpg 1187w, https:\/\/www.capri-matique.com\/client\/aprfae5\/wp-content\/uploads\/2023\/12\/collecte-jourjpg.jpg 1583w\" sizes=\"(max-width: 792px) 100vw, 792px\" \/><\/p>\n<p>&nbsp;<\/p>\n<p>Le samedi 23 d\u00e9cembre prochain, une collecte de dons pour venir en aide aux enseignantes et enseignants de la FAE pr\u00e9sentement en gr\u00e8ve. Vous pourrez alors offrir des denr\u00e9es non p\u00e9rissables, des cartes-cadeaux (\u00e9picerie, essence), des jouets, des produits d\u2019hygi\u00e8ne et des v\u00eatements chauds, entre autres.<\/p>\n<p>L\u2019accueil des dons se d\u00e9roulera de 10h \u00e0 midi et la distribution, elle, aura lieu de 13h \u00e0 15h.<\/p>\n<p>Dans le tableau ci-dessous, voici la liste des endroits o\u00f9 vous pourrez remettre vos dons.<\/p>\n<p>P.-S. Pour les gens de Laval, vous pouvez vous pr\u00e9senter \u00e0 un autre point de collecte ou vous adresser \u00e0 votre syndicat (SERL).<\/p>\n<p>Merci \u00e0 toutes et \u00e0 tous pour votre implication !<\/p>\n<p><strong>\u00a0<\/strong><\/p>\n","protected":false},"excerpt":{"rendered":"<p>Une collecte de dons pour les enseignantes et les enseignants de la FAE &nbsp; Le samedi 23 d\u00e9cembre prochain, une collecte de dons pour venir en aide aux enseignantes et enseignants de la FAE pr\u00e9sentement en gr\u00e8ve. Vous pourrez alors offrir des denr\u00e9es non p\u00e9rissables, des cartes-cadeaux (\u00e9picerie, essence), des jouets, des produits d\u2019hygi\u00e8ne et &hellip;<\/p>\n","protected":false},"author":2,"featured_media":0,"comment_status":"closed","ping_status":"open","sticky":false,"template":"","format":"standard","meta":{"footnotes":""},"categories":[21],"tags":[],"class_list":["post-8839","post","type-post","status-publish","format-standard","hentry","category-evenements"],"yoast_head":"<!-- This site is optimized with the Yoast SEO plugin v17.3 - https:\/\/yoast.com\/wordpress\/plugins\/seo\/ -->\n<title>Une collecte de dons - Association de personnes retrait\u00e9es de la FAE<\/title>\n<meta name=\"robots\" content=\"noindex, follow, max-snippet:-1, max-image-preview:large, max-video-preview:-1\" \/>\n<meta property=\"og:locale\" content=\"fr_FR\" \/>\n<meta property=\"og:type\" content=\"article\" \/>\n<meta property=\"og:title\" content=\"Une collecte de dons - Association de personnes retrait\u00e9es de la FAE\" \/>\n<meta property=\"og:description\" content=\"Une collecte de dons pour les enseignantes et les enseignants de la FAE &nbsp; Le samedi 23 d\u00e9cembre prochain, une collecte de dons pour venir en aide aux enseignantes et enseignants de la FAE pr\u00e9sentement en gr\u00e8ve. Vous pourrez alors offrir des denr\u00e9es non p\u00e9rissables, des cartes-cadeaux (\u00e9picerie, essence), des jouets, des produits d\u2019hygi\u00e8ne et &hellip;\" \/>\n<meta property=\"og:url\" content=\"https:\/\/www.capri-matique.com\/client\/aprfae5\/une-collecte-de-dons\/\" \/>\n<meta property=\"og:site_name\" content=\"Association de personnes retrait\u00e9es de la FAE\" \/>\n<meta property=\"article:published_time\" content=\"2023-12-19T19:44:12+00:00\" \/>\n<meta property=\"article:modified_time\" content=\"2023-12-19T19:47:18+00:00\" \/>\n<meta property=\"og:image\" content=\"https:\/\/capri-matique.com\/client\/aprfae5\/wp-content\/uploads\/2023\/12\/collecte-jourjpg-792x1024.jpg\" \/>\n<meta name=\"twitter:card\" content=\"summary\" \/>\n<meta name=\"twitter:label1\" content=\"\u00c9crit par\" \/>\n\t<meta name=\"twitter:data1\" content=\"Chantal Couture\" \/>\n\t<meta name=\"twitter:label2\" content=\"Dur\u00e9e de lecture estim\u00e9e\" \/>\n\t<meta name=\"twitter:data2\" content=\"1 minute\" \/>\n<script type=\"application\/ld+json\" class=\"yoast-schema-graph\">{\"@context\":\"https:\/\/schema.org\",\"@graph\":[{\"@type\":\"WebSite\",\"@id\":\"https:\/\/www.capri-matique.com\/client\/aprfae5\/#website\",\"url\":\"https:\/\/www.capri-matique.com\/client\/aprfae5\/\",\"name\":\"Association de personnes retrait\\u00e9es de la FAE\",\"description\":\"L&#039;association qui nous unit\",\"potentialAction\":[{\"@type\":\"SearchAction\",\"target\":{\"@type\":\"EntryPoint\",\"urlTemplate\":\"https:\/\/www.capri-matique.com\/client\/aprfae5\/?s={search_term_string}\"},\"query-input\":\"required name=search_term_string\"}],\"inLanguage\":\"fr-FR\"},{\"@type\":\"ImageObject\",\"@id\":\"https:\/\/www.capri-matique.com\/client\/aprfae5\/une-collecte-de-dons\/#primaryimage\",\"inLanguage\":\"fr-FR\",\"url\":\"https:\/\/capri-matique.com\/client\/aprfae5\/wp-content\/uploads\/2023\/12\/collecte-jourjpg-792x1024.jpg\",\"contentUrl\":\"https:\/\/capri-matique.com\/client\/aprfae5\/wp-content\/uploads\/2023\/12\/collecte-jourjpg-792x1024.jpg\"},{\"@type\":\"WebPage\",\"@id\":\"https:\/\/www.capri-matique.com\/client\/aprfae5\/une-collecte-de-dons\/#webpage\",\"url\":\"https:\/\/www.capri-matique.com\/client\/aprfae5\/une-collecte-de-dons\/\",\"name\":\"Une collecte de dons - Association de personnes retrait\\u00e9es de la FAE\",\"isPartOf\":{\"@id\":\"https:\/\/www.capri-matique.com\/client\/aprfae5\/#website\"},\"primaryImageOfPage\":{\"@id\":\"https:\/\/www.capri-matique.com\/client\/aprfae5\/une-collecte-de-dons\/#primaryimage\"},\"datePublished\":\"2023-12-19T19:44:12+00:00\",\"dateModified\":\"2023-12-19T19:47:18+00:00\",\"author\":{\"@id\":\"https:\/\/www.capri-matique.com\/client\/aprfae5\/#\/schema\/person\/d49ddfd2ee6ceb42ef2fbcdda1753954\"},\"breadcrumb\":{\"@id\":\"https:\/\/www.capri-matique.com\/client\/aprfae5\/une-collecte-de-dons\/#breadcrumb\"},\"inLanguage\":\"fr-FR\",\"potentialAction\":[{\"@type\":\"ReadAction\",\"target\":[\"https:\/\/www.capri-matique.com\/client\/aprfae5\/une-collecte-de-dons\/\"]}]},{\"@type\":\"BreadcrumbList\",\"@id\":\"https:\/\/www.capri-matique.com\/client\/aprfae5\/une-collecte-de-dons\/#breadcrumb\",\"itemListElement\":[{\"@type\":\"ListItem\",\"position\":1,\"name\":\"Accueil\",\"item\":\"https:\/\/www.capri-matique.com\/client\/aprfae5\/\"},{\"@type\":\"ListItem\",\"position\":2,\"name\":\"Une collecte de dons\"}]},{\"@type\":\"Person\",\"@id\":\"https:\/\/www.capri-matique.com\/client\/aprfae5\/#\/schema\/person\/d49ddfd2ee6ceb42ef2fbcdda1753954\",\"name\":\"Chantal Couture\",\"url\":\"https:\/\/www.capri-matique.com\/client\/aprfae5\/author\/chantal-couture\/\"}]}<\/script>\n<!-- \/ Yoast SEO plugin. -->","yoast_head_json":{"title":"Une collecte de dons - Association de personnes retrait\u00e9es de la FAE","robots":{"index":"noindex","follow":"follow","max-snippet":"max-snippet:-1","max-image-preview":"max-image-preview:large","max-video-preview":"max-video-preview:-1"},"og_locale":"fr_FR","og_type":"article","og_title":"Une collecte de dons - Association de personnes retrait\u00e9es de la FAE","og_description":"Une collecte de dons pour les enseignantes et les enseignants de la FAE &nbsp; Le samedi 23 d\u00e9cembre prochain, une collecte de dons pour venir en aide aux enseignantes et enseignants de la FAE pr\u00e9sentement en gr\u00e8ve. Vous pourrez alors offrir des denr\u00e9es non p\u00e9rissables, des cartes-cadeaux (\u00e9picerie, essence), des jouets, des produits d\u2019hygi\u00e8ne et &hellip;","og_url":"https:\/\/www.capri-matique.com\/client\/aprfae5\/une-collecte-de-dons\/","og_site_name":"Association de personnes retrait\u00e9es de la FAE","article_published_time":"2023-12-19T19:44:12+00:00","article_modified_time":"2023-12-19T19:47:18+00:00","og_image":[{"url":"https:\/\/capri-matique.com\/client\/aprfae5\/wp-content\/uploads\/2023\/12\/collecte-jourjpg-792x1024.jpg"}],"twitter_card":"summary","twitter_misc":{"\u00c9crit par":"Chantal Couture","Dur\u00e9e de lecture estim\u00e9e":"1 minute"},"schema":{"@context":"https:\/\/schema.org","@graph":[{"@type":"WebSite","@id":"https:\/\/www.capri-matique.com\/client\/aprfae5\/#website","url":"https:\/\/www.capri-matique.com\/client\/aprfae5\/","name":"Association de personnes retrait\u00e9es de la FAE","description":"L&#039;association qui nous unit","potentialAction":[{"@type":"SearchAction","target":{"@type":"EntryPoint","urlTemplate":"https:\/\/www.capri-matique.com\/client\/aprfae5\/?s={search_term_string}"},"query-input":"required name=search_term_string"}],"inLanguage":"fr-FR"},{"@type":"ImageObject","@id":"https:\/\/www.capri-matique.com\/client\/aprfae5\/une-collecte-de-dons\/#primaryimage","inLanguage":"fr-FR","url":"https:\/\/capri-matique.com\/client\/aprfae5\/wp-content\/uploads\/2023\/12\/collecte-jourjpg-792x1024.jpg","contentUrl":"https:\/\/capri-matique.com\/client\/aprfae5\/wp-content\/uploads\/2023\/12\/collecte-jourjpg-792x1024.jpg"},{"@type":"WebPage","@id":"https:\/\/www.capri-matique.com\/client\/aprfae5\/une-collecte-de-dons\/#webpage","url":"https:\/\/www.capri-matique.com\/client\/aprfae5\/une-collecte-de-dons\/","name":"Une collecte de dons - Association de personnes retrait\u00e9es de la FAE","isPartOf":{"@id":"https:\/\/www.capri-matique.com\/client\/aprfae5\/#website"},"primaryImageOfPage":{"@id":"https:\/\/www.capri-matique.com\/client\/aprfae5\/une-collecte-de-dons\/#primaryimage"},"datePublished":"2023-12-19T19:44:12+00:00","dateModified":"2023-12-19T19:47:18+00:00","author":{"@id":"https:\/\/www.capri-matique.com\/client\/aprfae5\/#\/schema\/person\/d49ddfd2ee6ceb42ef2fbcdda1753954"},"breadcrumb":{"@id":"https:\/\/www.capri-matique.com\/client\/aprfae5\/une-collecte-de-dons\/#breadcrumb"},"inLanguage":"fr-FR","potentialAction":[{"@type":"ReadAction","target":["https:\/\/www.capri-matique.com\/client\/aprfae5\/une-collecte-de-dons\/"]}]},{"@type":"BreadcrumbList","@id":"https:\/\/www.capri-matique.com\/client\/aprfae5\/une-collecte-de-dons\/#breadcrumb","itemListElement":[{"@type":"ListItem","position":1,"name":"Accueil","item":"https:\/\/www.capri-matique.com\/client\/aprfae5\/"},{"@type":"ListItem","position":2,"name":"Une collecte de dons"}]},{"@type":"Person","@id":"https:\/\/www.capri-matique.com\/client\/aprfae5\/#\/schema\/person\/d49ddfd2ee6ceb42ef2fbcdda1753954","name":"Chantal Couture","url":"https:\/\/www.capri-matique.com\/client\/aprfae5\/author\/chantal-couture\/"}]}},"_links":{"self":[{"href":"https:\/\/www.capri-matique.com\/client\/aprfae5\/wp-json\/wp\/v2\/posts\/8839","targetHints":{"allow":["GET"]}}],"collection":[{"href":"https:\/\/www.capri-matique.com\/client\/aprfae5\/wp-json\/wp\/v2\/posts"}],"about":[{"href":"https:\/\/www.capri-matique.com\/client\/aprfae5\/wp-json\/wp\/v2\/types\/post"}],"author":[{"embeddable":true,"href":"https:\/\/www.capri-matique.com\/client\/aprfae5\/wp-json\/wp\/v2\/users\/2"}],"replies":[{"embeddable":true,"href":"https:\/\/www.capri-matique.com\/client\/aprfae5\/wp-json\/wp\/v2\/comments?post=8839"}],"version-history":[{"count":1,"href":"https:\/\/www.capri-matique.com\/client\/aprfae5\/wp-json\/wp\/v2\/posts\/8839\/revisions"}],"predecessor-version":[{"id":8841,"href":"https:\/\/www.capri-matique.com\/client\/aprfae5\/wp-json\/wp\/v2\/posts\/8839\/revisions\/8841"}],"wp:attachment":[{"href":"https:\/\/www.capri-matique.com\/client\/aprfae5\/wp-json\/wp\/v2\/media?parent=8839"}],"wp:term":[{"taxonomy":"category","embeddable":true,"href":"https:\/\/www.capri-matique.com\/client\/aprfae5\/wp-json\/wp\/v2\/categories?post=8839"},{"taxonomy":"post_tag","embeddable":true,"href":"https:\/\/www.capri-matique.com\/client\/aprfae5\/wp-json\/wp\/v2\/tags?post=8839"}],"curies":[{"name":"wp","href":"https:\/\/api.w.org\/{rel}","templated":true}]}}