{"id":8821,"date":"2023-12-19T14:01:50","date_gmt":"2023-12-19T19:01:50","guid":{"rendered":"https:\/\/capri-matique.com\/client\/aprfae5\/?p=8821"},"modified":"2023-12-19T14:41:14","modified_gmt":"2023-12-19T19:41:14","slug":"grand-rassemblement","status":"publish","type":"post","link":"https:\/\/www.capri-matique.com\/client\/aprfae5\/grand-rassemblement\/","title":{"rendered":"Grand rassemblement"},"content":{"rendered":"<p><img fetchpriority=\"high\" decoding=\"async\" class=\"aligncenter wp-image-8822 size-full\" src=\"https:\/\/capri-matique.com\/client\/aprfae5\/wp-content\/uploads\/2023\/12\/rassemblement.jpg\" alt=\"\" width=\"960\" height=\"320\" srcset=\"https:\/\/www.capri-matique.com\/client\/aprfae5\/wp-content\/uploads\/2023\/12\/rassemblement.jpg 960w, https:\/\/www.capri-matique.com\/client\/aprfae5\/wp-content\/uploads\/2023\/12\/rassemblement-300x100.jpg 300w\" sizes=\"(max-width: 960px) 100vw, 960px\" \/><\/p>\n<h1 style=\"text-align: center;\"><strong>Grand rassemblement citoyen pour sauver l\u2019\u00c9cole publique <\/strong><\/h1>\n<p>Le vendredi 22 d\u00e9cembre prochain, un <a href=\"https:\/\/www.facebook.com\/events\/1291591078051180\">Grand rassemblement citoyen pour sauver l\u2019\u00c9cole publique<\/a> aura lieu au 770, rue Sherbrooke Ouest, tout pr\u00e8s de l\u2019Universit\u00e9 McGill. Le rassemblement s\u2019amorcera dans les alentours de midi pour se conclure \u00e0 14h.<\/p>\n<p>Plusieurs artistes et personnalit\u00e9s publiques prendront alors la parole pour exprimer leur solidarit\u00e9 et d\u00e9fendre l\u2019\u00c9cole publique !<\/p>\n<p>&nbsp;<\/p>\n<p>&nbsp;<\/p>\n","protected":false},"excerpt":{"rendered":"<p>Grand rassemblement citoyen pour sauver l\u2019\u00c9cole publique Le vendredi 22 d\u00e9cembre prochain, un Grand rassemblement citoyen pour sauver l\u2019\u00c9cole publique aura lieu au 770, rue Sherbrooke Ouest, tout pr\u00e8s de l\u2019Universit\u00e9 McGill. Le rassemblement s\u2019amorcera dans les alentours de midi pour se conclure \u00e0 14h. Plusieurs artistes et personnalit\u00e9s publiques prendront alors la parole pour &hellip;<\/p>\n","protected":false},"author":2,"featured_media":0,"comment_status":"closed","ping_status":"open","sticky":false,"template":"","format":"standard","meta":{"footnotes":""},"categories":[21],"tags":[],"class_list":["post-8821","post","type-post","status-publish","format-standard","hentry","category-evenements"],"yoast_head":"<!-- This site is optimized with the Yoast SEO plugin v17.3 - https:\/\/yoast.com\/wordpress\/plugins\/seo\/ -->\n<title>Grand rassemblement - Association de personnes retrait\u00e9es de la FAE<\/title>\n<meta name=\"robots\" content=\"noindex, follow, max-snippet:-1, max-image-preview:large, max-video-preview:-1\" \/>\n<meta property=\"og:locale\" content=\"fr_FR\" \/>\n<meta property=\"og:type\" content=\"article\" \/>\n<meta property=\"og:title\" content=\"Grand rassemblement - Association de personnes retrait\u00e9es de la FAE\" \/>\n<meta property=\"og:description\" content=\"Grand rassemblement citoyen pour sauver l\u2019\u00c9cole publique Le vendredi 22 d\u00e9cembre prochain, un Grand rassemblement citoyen pour sauver l\u2019\u00c9cole publique aura lieu au 770, rue Sherbrooke Ouest, tout pr\u00e8s de l\u2019Universit\u00e9 McGill. Le rassemblement s\u2019amorcera dans les alentours de midi pour se conclure \u00e0 14h. Plusieurs artistes et personnalit\u00e9s publiques prendront alors la parole pour &hellip;\" \/>\n<meta property=\"og:url\" content=\"https:\/\/www.capri-matique.com\/client\/aprfae5\/grand-rassemblement\/\" \/>\n<meta property=\"og:site_name\" content=\"Association de personnes retrait\u00e9es de la FAE\" \/>\n<meta property=\"article:published_time\" content=\"2023-12-19T19:01:50+00:00\" \/>\n<meta property=\"article:modified_time\" content=\"2023-12-19T19:41:14+00:00\" \/>\n<meta property=\"og:image\" content=\"https:\/\/capri-matique.com\/client\/aprfae5\/wp-content\/uploads\/2023\/12\/rassemblement.jpg\" \/>\n<meta name=\"twitter:card\" content=\"summary\" \/>\n<meta name=\"twitter:label1\" content=\"\u00c9crit par\" \/>\n\t<meta name=\"twitter:data1\" content=\"Chantal Couture\" \/>\n<script type=\"application\/ld+json\" class=\"yoast-schema-graph\">{\"@context\":\"https:\/\/schema.org\",\"@graph\":[{\"@type\":\"WebSite\",\"@id\":\"https:\/\/www.capri-matique.com\/client\/aprfae5\/#website\",\"url\":\"https:\/\/www.capri-matique.com\/client\/aprfae5\/\",\"name\":\"Association de personnes retrait\\u00e9es de la FAE\",\"description\":\"L&#039;association qui nous unit\",\"potentialAction\":[{\"@type\":\"SearchAction\",\"target\":{\"@type\":\"EntryPoint\",\"urlTemplate\":\"https:\/\/www.capri-matique.com\/client\/aprfae5\/?s={search_term_string}\"},\"query-input\":\"required name=search_term_string\"}],\"inLanguage\":\"fr-FR\"},{\"@type\":\"ImageObject\",\"@id\":\"https:\/\/www.capri-matique.com\/client\/aprfae5\/grand-rassemblement\/#primaryimage\",\"inLanguage\":\"fr-FR\",\"url\":\"https:\/\/capri-matique.com\/client\/aprfae5\/wp-content\/uploads\/2023\/12\/rassemblement.jpg\",\"contentUrl\":\"https:\/\/capri-matique.com\/client\/aprfae5\/wp-content\/uploads\/2023\/12\/rassemblement.jpg\"},{\"@type\":\"WebPage\",\"@id\":\"https:\/\/www.capri-matique.com\/client\/aprfae5\/grand-rassemblement\/#webpage\",\"url\":\"https:\/\/www.capri-matique.com\/client\/aprfae5\/grand-rassemblement\/\",\"name\":\"Grand rassemblement - Association de personnes retrait\\u00e9es de la FAE\",\"isPartOf\":{\"@id\":\"https:\/\/www.capri-matique.com\/client\/aprfae5\/#website\"},\"primaryImageOfPage\":{\"@id\":\"https:\/\/www.capri-matique.com\/client\/aprfae5\/grand-rassemblement\/#primaryimage\"},\"datePublished\":\"2023-12-19T19:01:50+00:00\",\"dateModified\":\"2023-12-19T19:41:14+00:00\",\"author\":{\"@id\":\"https:\/\/www.capri-matique.com\/client\/aprfae5\/#\/schema\/person\/d49ddfd2ee6ceb42ef2fbcdda1753954\"},\"breadcrumb\":{\"@id\":\"https:\/\/www.capri-matique.com\/client\/aprfae5\/grand-rassemblement\/#breadcrumb\"},\"inLanguage\":\"fr-FR\",\"potentialAction\":[{\"@type\":\"ReadAction\",\"target\":[\"https:\/\/www.capri-matique.com\/client\/aprfae5\/grand-rassemblement\/\"]}]},{\"@type\":\"BreadcrumbList\",\"@id\":\"https:\/\/www.capri-matique.com\/client\/aprfae5\/grand-rassemblement\/#breadcrumb\",\"itemListElement\":[{\"@type\":\"ListItem\",\"position\":1,\"name\":\"Accueil\",\"item\":\"https:\/\/www.capri-matique.com\/client\/aprfae5\/\"},{\"@type\":\"ListItem\",\"position\":2,\"name\":\"Grand rassemblement\"}]},{\"@type\":\"Person\",\"@id\":\"https:\/\/www.capri-matique.com\/client\/aprfae5\/#\/schema\/person\/d49ddfd2ee6ceb42ef2fbcdda1753954\",\"name\":\"Chantal Couture\",\"url\":\"https:\/\/www.capri-matique.com\/client\/aprfae5\/author\/chantal-couture\/\"}]}<\/script>\n<!-- \/ Yoast SEO plugin. -->","yoast_head_json":{"title":"Grand rassemblement - Association de personnes retrait\u00e9es de la FAE","robots":{"index":"noindex","follow":"follow","max-snippet":"max-snippet:-1","max-image-preview":"max-image-preview:large","max-video-preview":"max-video-preview:-1"},"og_locale":"fr_FR","og_type":"article","og_title":"Grand rassemblement - Association de personnes retrait\u00e9es de la FAE","og_description":"Grand rassemblement citoyen pour sauver l\u2019\u00c9cole publique Le vendredi 22 d\u00e9cembre prochain, un Grand rassemblement citoyen pour sauver l\u2019\u00c9cole publique aura lieu au 770, rue Sherbrooke Ouest, tout pr\u00e8s de l\u2019Universit\u00e9 McGill. Le rassemblement s\u2019amorcera dans les alentours de midi pour se conclure \u00e0 14h. Plusieurs artistes et personnalit\u00e9s publiques prendront alors la parole pour &hellip;","og_url":"https:\/\/www.capri-matique.com\/client\/aprfae5\/grand-rassemblement\/","og_site_name":"Association de personnes retrait\u00e9es de la FAE","article_published_time":"2023-12-19T19:01:50+00:00","article_modified_time":"2023-12-19T19:41:14+00:00","og_image":[{"url":"https:\/\/capri-matique.com\/client\/aprfae5\/wp-content\/uploads\/2023\/12\/rassemblement.jpg"}],"twitter_card":"summary","twitter_misc":{"\u00c9crit par":"Chantal Couture"},"schema":{"@context":"https:\/\/schema.org","@graph":[{"@type":"WebSite","@id":"https:\/\/www.capri-matique.com\/client\/aprfae5\/#website","url":"https:\/\/www.capri-matique.com\/client\/aprfae5\/","name":"Association de personnes retrait\u00e9es de la FAE","description":"L&#039;association qui nous unit","potentialAction":[{"@type":"SearchAction","target":{"@type":"EntryPoint","urlTemplate":"https:\/\/www.capri-matique.com\/client\/aprfae5\/?s={search_term_string}"},"query-input":"required name=search_term_string"}],"inLanguage":"fr-FR"},{"@type":"ImageObject","@id":"https:\/\/www.capri-matique.com\/client\/aprfae5\/grand-rassemblement\/#primaryimage","inLanguage":"fr-FR","url":"https:\/\/capri-matique.com\/client\/aprfae5\/wp-content\/uploads\/2023\/12\/rassemblement.jpg","contentUrl":"https:\/\/capri-matique.com\/client\/aprfae5\/wp-content\/uploads\/2023\/12\/rassemblement.jpg"},{"@type":"WebPage","@id":"https:\/\/www.capri-matique.com\/client\/aprfae5\/grand-rassemblement\/#webpage","url":"https:\/\/www.capri-matique.com\/client\/aprfae5\/grand-rassemblement\/","name":"Grand rassemblement - Association de personnes retrait\u00e9es de la FAE","isPartOf":{"@id":"https:\/\/www.capri-matique.com\/client\/aprfae5\/#website"},"primaryImageOfPage":{"@id":"https:\/\/www.capri-matique.com\/client\/aprfae5\/grand-rassemblement\/#primaryimage"},"datePublished":"2023-12-19T19:01:50+00:00","dateModified":"2023-12-19T19:41:14+00:00","author":{"@id":"https:\/\/www.capri-matique.com\/client\/aprfae5\/#\/schema\/person\/d49ddfd2ee6ceb42ef2fbcdda1753954"},"breadcrumb":{"@id":"https:\/\/www.capri-matique.com\/client\/aprfae5\/grand-rassemblement\/#breadcrumb"},"inLanguage":"fr-FR","potentialAction":[{"@type":"ReadAction","target":["https:\/\/www.capri-matique.com\/client\/aprfae5\/grand-rassemblement\/"]}]},{"@type":"BreadcrumbList","@id":"https:\/\/www.capri-matique.com\/client\/aprfae5\/grand-rassemblement\/#breadcrumb","itemListElement":[{"@type":"ListItem","position":1,"name":"Accueil","item":"https:\/\/www.capri-matique.com\/client\/aprfae5\/"},{"@type":"ListItem","position":2,"name":"Grand rassemblement"}]},{"@type":"Person","@id":"https:\/\/www.capri-matique.com\/client\/aprfae5\/#\/schema\/person\/d49ddfd2ee6ceb42ef2fbcdda1753954","name":"Chantal Couture","url":"https:\/\/www.capri-matique.com\/client\/aprfae5\/author\/chantal-couture\/"}]}},"_links":{"self":[{"href":"https:\/\/www.capri-matique.com\/client\/aprfae5\/wp-json\/wp\/v2\/posts\/8821","targetHints":{"allow":["GET"]}}],"collection":[{"href":"https:\/\/www.capri-matique.com\/client\/aprfae5\/wp-json\/wp\/v2\/posts"}],"about":[{"href":"https:\/\/www.capri-matique.com\/client\/aprfae5\/wp-json\/wp\/v2\/types\/post"}],"author":[{"embeddable":true,"href":"https:\/\/www.capri-matique.com\/client\/aprfae5\/wp-json\/wp\/v2\/users\/2"}],"replies":[{"embeddable":true,"href":"https:\/\/www.capri-matique.com\/client\/aprfae5\/wp-json\/wp\/v2\/comments?post=8821"}],"version-history":[{"count":4,"href":"https:\/\/www.capri-matique.com\/client\/aprfae5\/wp-json\/wp\/v2\/posts\/8821\/revisions"}],"predecessor-version":[{"id":8828,"href":"https:\/\/www.capri-matique.com\/client\/aprfae5\/wp-json\/wp\/v2\/posts\/8821\/revisions\/8828"}],"wp:attachment":[{"href":"https:\/\/www.capri-matique.com\/client\/aprfae5\/wp-json\/wp\/v2\/media?parent=8821"}],"wp:term":[{"taxonomy":"category","embeddable":true,"href":"https:\/\/www.capri-matique.com\/client\/aprfae5\/wp-json\/wp\/v2\/categories?post=8821"},{"taxonomy":"post_tag","embeddable":true,"href":"https:\/\/www.capri-matique.com\/client\/aprfae5\/wp-json\/wp\/v2\/tags?post=8821"}],"curies":[{"name":"wp","href":"https:\/\/api.w.org\/{rel}","templated":true}]}}