{"id":8793,"date":"2023-12-14T17:14:50","date_gmt":"2023-12-14T22:14:50","guid":{"rendered":"https:\/\/capri-matique.com\/client\/aprfae5\/?p=8793"},"modified":"2023-12-14T17:52:34","modified_gmt":"2023-12-14T22:52:34","slug":"entraide","status":"publish","type":"post","link":"https:\/\/www.capri-matique.com\/client\/aprfae5\/entraide\/","title":{"rendered":"Entraide"},"content":{"rendered":"\t\t<div data-elementor-type=\"wp-post\" data-elementor-id=\"8793\" class=\"elementor elementor-8793\">\n\t\t\t\t\t\t\t\t\t<section class=\"elementor-section elementor-top-section elementor-element elementor-element-3d651d1 elementor-section-boxed elementor-section-height-default elementor-section-height-default\" data-id=\"3d651d1\" data-element_type=\"section\">\n\t\t\t\t\t\t<div class=\"elementor-container elementor-column-gap-default\">\n\t\t\t\t\t<div class=\"elementor-column elementor-col-100 elementor-top-column elementor-element elementor-element-c1140f6\" data-id=\"c1140f6\" data-element_type=\"column\">\n\t\t\t<div class=\"elementor-widget-wrap elementor-element-populated\">\n\t\t\t\t\t\t\t\t<div class=\"elementor-element elementor-element-c0685e6 elementor-widget elementor-widget-heading\" data-id=\"c0685e6\" data-element_type=\"widget\" data-widget_type=\"heading.default\">\n\t\t\t\t<div class=\"elementor-widget-container\">\n\t\t\t<style>\/*! elementor - v3.18.0 - 08-12-2023 *\/\n.elementor-heading-title{padding:0;margin:0;line-height:1}.elementor-widget-heading .elementor-heading-title[class*=elementor-size-]>a{color:inherit;font-size:inherit;line-height:inherit}.elementor-widget-heading .elementor-heading-title.elementor-size-small{font-size:15px}.elementor-widget-heading .elementor-heading-title.elementor-size-medium{font-size:19px}.elementor-widget-heading .elementor-heading-title.elementor-size-large{font-size:29px}.elementor-widget-heading .elementor-heading-title.elementor-size-xl{font-size:39px}.elementor-widget-heading .elementor-heading-title.elementor-size-xxl{font-size:59px}<\/style><h2 class=\"elementor-heading-title elementor-size-default\"><p><b><span style=\"font-size:14.0pt;line-height:107%\">ENTRAIDE POUR LES PROFS&nbsp;: CAMPAGNE DE FINANCEMENT DE L\u2019APRFAE<\/span><\/b><span style=\"font-family: var( --e-global-typography-primary-font-family ), Sans-serif; font-size: 3.4rem; font-weight: var( --e-global-typography-primary-font-weight );\"><\/span><\/p><\/h2>\t\t<\/div>\n\t\t\t\t<\/div>\n\t\t\t\t\t<\/div>\n\t\t<\/div>\n\t\t\t\t\t\t\t<\/div>\n\t\t<\/section>\n\t\t<div class=\"elementor-element elementor-element-dcf73b5 e-flex e-con-boxed e-con e-parent\" data-id=\"dcf73b5\" data-element_type=\"container\" data-settings=\"{&quot;container_type&quot;:&quot;flex&quot;,&quot;content_width&quot;:&quot;boxed&quot;}\" data-core-v316-plus=\"true\">\n\t\t\t\t\t<div class=\"e-con-inner\">\n\t\t\t\t<div class=\"elementor-element elementor-element-2cf8a44 elementor-widget elementor-widget-image\" data-id=\"2cf8a44\" data-element_type=\"widget\" data-widget_type=\"image.default\">\n\t\t\t\t<div class=\"elementor-widget-container\">\n\t\t\t<style>\/*! elementor - v3.18.0 - 08-12-2023 *\/\n.elementor-widget-image{text-align:center}.elementor-widget-image a{display:inline-block}.elementor-widget-image a img[src$=\".svg\"]{width:48px}.elementor-widget-image img{vertical-align:middle;display:inline-block}<\/style>\t\t\t\t\t\t\t\t\t\t\t\t<img fetchpriority=\"high\" decoding=\"async\" width=\"600\" height=\"399\" src=\"https:\/\/www.capri-matique.com\/client\/aprfae5\/wp-content\/uploads\/2023\/12\/entraide-profs-aprfae.png\" class=\"attachment-large size-large wp-image-8811\" alt=\"\" srcset=\"https:\/\/www.capri-matique.com\/client\/aprfae5\/wp-content\/uploads\/2023\/12\/entraide-profs-aprfae.png 600w, https:\/\/www.capri-matique.com\/client\/aprfae5\/wp-content\/uploads\/2023\/12\/entraide-profs-aprfae-300x200.png 300w\" sizes=\"(max-width: 600px) 100vw, 600px\" \/>\t\t\t\t\t\t\t\t\t\t\t\t\t\t\t<\/div>\n\t\t\t\t<\/div>\n\t\t\t\t\t<\/div>\n\t\t\t\t<\/div>\n\t\t\t\t<section class=\"elementor-section elementor-top-section elementor-element elementor-element-7c5400c elementor-section-boxed elementor-section-height-default elementor-section-height-default\" data-id=\"7c5400c\" data-element_type=\"section\">\n\t\t\t\t\t\t<div class=\"elementor-container elementor-column-gap-default\">\n\t\t\t\t\t<div class=\"elementor-column elementor-col-100 elementor-top-column elementor-element elementor-element-c760f8f\" data-id=\"c760f8f\" data-element_type=\"column\">\n\t\t\t<div class=\"elementor-widget-wrap elementor-element-populated\">\n\t\t\t\t\t\t\t\t<div class=\"elementor-element elementor-element-df95ac9 elementor-widget elementor-widget-text-editor\" data-id=\"df95ac9\" data-element_type=\"widget\" data-widget_type=\"text-editor.default\">\n\t\t\t\t<div class=\"elementor-widget-container\">\n\t\t\t<style>\/*! elementor - v3.18.0 - 08-12-2023 *\/\n.elementor-widget-text-editor.elementor-drop-cap-view-stacked .elementor-drop-cap{background-color:#69727d;color:#fff}.elementor-widget-text-editor.elementor-drop-cap-view-framed .elementor-drop-cap{color:#69727d;border:3px solid;background-color:transparent}.elementor-widget-text-editor:not(.elementor-drop-cap-view-default) .elementor-drop-cap{margin-top:8px}.elementor-widget-text-editor:not(.elementor-drop-cap-view-default) .elementor-drop-cap-letter{width:1em;height:1em}.elementor-widget-text-editor .elementor-drop-cap{float:left;text-align:center;line-height:1;font-size:50px}.elementor-widget-text-editor .elementor-drop-cap-letter{display:inline-block}<\/style>\t\t\t\t<p>.<span style=\"font-size: 15px; color: var( --e-global-color-text ); font-family: var( --e-global-typography-text-font-family ), Sans-serif; font-weight: var( --e-global-typography-text-font-weight );\">La gr\u00e8ve g\u00e9n\u00e9rale des enseignantes et enseignants de la FAE, d\u00e9clench\u00e9e le 23 novembre dernier, est toujours en cours. C\u2019est dans ce contexte qu\u2019est n\u00e9 le compte Facebook <\/span><a style=\"font-size: 15px; font-family: var( --e-global-typography-text-font-family ), Sans-serif;\" href=\"https:\/\/www.facebook.com\/groups\/744988570776994\"><i>Entraide pour les profs en gr\u00e8ve<\/i><\/a><span style=\"font-size: 15px; color: var( --e-global-color-text ); font-family: var( --e-global-typography-text-font-family ), Sans-serif; font-weight: var( --e-global-typography-text-font-weight );\"> dont l\u2019une des fondatrices est membre de la FAE.<\/span><\/p><p class=\"MsoNormal\">Puisque l\u2019APRFAE fait preuve d\u2019une solidarit\u00e9 envers les enseignantes et enseignants de la FAE, nous sollicitons votre participation \u00e0 la campagne de financement organis\u00e9 par l\u2019APRFAE. <s><\/s><\/p><p class=\"MsoNormal\">Pour effectuer vos dons avec Interac, vous devez vous rendre sur votre plateforme bancaire et suivre les consignes demand\u00e9es.<\/p>\t\t\t\t\t\t<\/div>\n\t\t\t\t<\/div>\n\t\t\t\t\t<\/div>\n\t\t<\/div>\n\t\t\t\t\t\t\t<\/div>\n\t\t<\/section>\n\t\t\t\t<section class=\"elementor-section elementor-top-section elementor-element elementor-element-b6fded7 elementor-section-boxed elementor-section-height-default elementor-section-height-default\" data-id=\"b6fded7\" data-element_type=\"section\">\n\t\t\t\t\t\t<div class=\"elementor-container elementor-column-gap-default\">\n\t\t\t\t\t<div class=\"elementor-column elementor-col-100 elementor-top-column elementor-element elementor-element-d1c454b\" data-id=\"d1c454b\" data-element_type=\"column\" data-settings=\"{&quot;background_background&quot;:&quot;classic&quot;}\">\n\t\t\t<div class=\"elementor-widget-wrap elementor-element-populated\">\n\t\t\t\t\t\t\t\t<div class=\"elementor-element elementor-element-b0f23a2 elementor-widget elementor-widget-text-editor\" data-id=\"b0f23a2\" data-element_type=\"widget\" data-widget_type=\"text-editor.default\">\n\t\t\t\t<div class=\"elementor-widget-container\">\n\t\t\t\t\t\t\t<p class=\"MsoNormal\">Adresse du destinataire\u00a0: <a href=\"mailto:donfae2023@gmail.com%20\">donfae2023@gmail.com <\/a><span style=\"color: #212121;\">(compte<\/span> <span class=\"MsoHyperlink\"><span style=\"color: #212121;\">au nom de Jean-Fran\u00e7ois Proulx)<\/span><\/span><\/p><p class=\"MsoNormal\">Question Interac\u00a0: association (en minuscules) \u2013 si demand\u00e9<\/p><p class=\"MsoNormal\">R\u00e9ponse\u00a0: aprfae (en minuscules) &#8211;\u00a0 si demand\u00e9<\/p><p class=\"MsoNormal\">\u00a0Message au\u00a0destinataire\u00a0: \u00a0membre de l\u2019APRFAE.<\/p>\t\t\t\t\t\t<\/div>\n\t\t\t\t<\/div>\n\t\t\t\t\t<\/div>\n\t\t<\/div>\n\t\t\t\t\t\t\t<\/div>\n\t\t<\/section>\n\t\t\t\t<section class=\"elementor-section elementor-top-section elementor-element elementor-element-0204267 elementor-section-boxed elementor-section-height-default elementor-section-height-default\" data-id=\"0204267\" data-element_type=\"section\">\n\t\t\t\t\t\t<div class=\"elementor-container elementor-column-gap-default\">\n\t\t\t\t\t<div class=\"elementor-column elementor-col-100 elementor-top-column elementor-element elementor-element-1165a22\" data-id=\"1165a22\" data-element_type=\"column\">\n\t\t\t<div class=\"elementor-widget-wrap elementor-element-populated\">\n\t\t\t\t\t\t\t\t<div class=\"elementor-element elementor-element-da29428 elementor-widget elementor-widget-text-editor\" data-id=\"da29428\" data-element_type=\"widget\" data-widget_type=\"text-editor.default\">\n\t\t\t\t<div class=\"elementor-widget-container\">\n\t\t\t\t\t\t\t<p class=\"MsoNormal\">Nous devons toutes et tous soutenir cette lutte importante !<\/p><p class=\"MsoNormal\">Merci \u00e0 l\u2019avance pour votre g\u00e9n\u00e9rosit\u00e9 et solidarit\u00e9 !<\/p><p>\u00a0<\/p><p class=\"MsoNormal\">L\u2019\u00e9quipe de l\u2019APRFAE<\/p>\t\t\t\t\t\t<\/div>\n\t\t\t\t<\/div>\n\t\t\t\t\t<\/div>\n\t\t<\/div>\n\t\t\t\t\t\t\t<\/div>\n\t\t<\/section>\n\t\t\t\t<section class=\"elementor-section elementor-top-section elementor-element elementor-element-acab412 elementor-section-boxed elementor-section-height-default elementor-section-height-default\" data-id=\"acab412\" data-element_type=\"section\">\n\t\t\t\t\t\t<div class=\"elementor-container elementor-column-gap-default\">\n\t\t\t\t\t<div class=\"elementor-column elementor-col-100 elementor-top-column elementor-element elementor-element-f38d627\" data-id=\"f38d627\" data-element_type=\"column\">\n\t\t\t<div class=\"elementor-widget-wrap elementor-element-populated\">\n\t\t\t\t\t\t\t\t<div class=\"elementor-element elementor-element-22c7d99 elementor-widget elementor-widget-image\" data-id=\"22c7d99\" data-element_type=\"widget\" data-widget_type=\"image.default\">\n\t\t\t\t<div class=\"elementor-widget-container\">\n\t\t\t\t\t\t\t\t\t\t\t\t\t\t\t<img decoding=\"async\" width=\"600\" height=\"150\" src=\"https:\/\/www.capri-matique.com\/client\/aprfae5\/wp-content\/uploads\/2023\/12\/solidaire-600-cadre-2.jpg\" class=\"attachment-large size-large wp-image-8798\" alt=\"\" srcset=\"https:\/\/www.capri-matique.com\/client\/aprfae5\/wp-content\/uploads\/2023\/12\/solidaire-600-cadre-2.jpg 600w, https:\/\/www.capri-matique.com\/client\/aprfae5\/wp-content\/uploads\/2023\/12\/solidaire-600-cadre-2-300x75.jpg 300w\" sizes=\"(max-width: 600px) 100vw, 600px\" \/>\t\t\t\t\t\t\t\t\t\t\t\t\t\t\t<\/div>\n\t\t\t\t<\/div>\n\t\t\t\t\t<\/div>\n\t\t<\/div>\n\t\t\t\t\t\t\t<\/div>\n\t\t<\/section>\n\t\t\t\t\t\t\t<\/div>\n\t\t","protected":false},"excerpt":{"rendered":"<p>ENTRAIDE POUR LES PROFS&nbsp;: CAMPAGNE DE FINANCEMENT DE L\u2019APRFAE .La gr\u00e8ve g\u00e9n\u00e9rale des enseignantes et enseignants de la FAE, d\u00e9clench\u00e9e le 23 novembre dernier, est toujours en cours. C\u2019est dans ce contexte qu\u2019est n\u00e9 le compte Facebook Entraide pour les profs en gr\u00e8ve dont l\u2019une des fondatrices est membre de la FAE. Puisque l\u2019APRFAE fait &hellip;<\/p>\n","protected":false},"author":2,"featured_media":0,"comment_status":"closed","ping_status":"open","sticky":false,"template":"elementor_header_footer","format":"standard","meta":{"footnotes":""},"categories":[1],"tags":[],"class_list":["post-8793","post","type-post","status-publish","format-standard","hentry","category-uncategorized"],"yoast_head":"<!-- This site is optimized with the Yoast SEO plugin v17.3 - https:\/\/yoast.com\/wordpress\/plugins\/seo\/ -->\n<title>Entraide - Association de personnes retrait\u00e9es de la FAE<\/title>\n<meta name=\"robots\" content=\"noindex, follow, max-snippet:-1, max-image-preview:large, max-video-preview:-1\" \/>\n<meta property=\"og:locale\" content=\"fr_FR\" \/>\n<meta property=\"og:type\" content=\"article\" \/>\n<meta property=\"og:title\" content=\"Entraide - Association de personnes retrait\u00e9es de la FAE\" \/>\n<meta property=\"og:description\" content=\"ENTRAIDE POUR LES PROFS&nbsp;: CAMPAGNE DE FINANCEMENT DE L\u2019APRFAE .La gr\u00e8ve g\u00e9n\u00e9rale des enseignantes et enseignants de la FAE, d\u00e9clench\u00e9e le 23 novembre dernier, est toujours en cours. C\u2019est dans ce contexte qu\u2019est n\u00e9 le compte Facebook Entraide pour les profs en gr\u00e8ve dont l\u2019une des fondatrices est membre de la FAE. Puisque l\u2019APRFAE fait &hellip;\" \/>\n<meta property=\"og:url\" content=\"https:\/\/www.capri-matique.com\/client\/aprfae5\/entraide\/\" \/>\n<meta property=\"og:site_name\" content=\"Association de personnes retrait\u00e9es de la FAE\" \/>\n<meta property=\"article:published_time\" content=\"2023-12-14T22:14:50+00:00\" \/>\n<meta property=\"article:modified_time\" content=\"2023-12-14T22:52:34+00:00\" \/>\n<meta property=\"og:image\" content=\"https:\/\/capri-matique.com\/client\/aprfae5\/wp-content\/uploads\/2023\/12\/entraide-profs-aprfae.png\" \/>\n<meta name=\"twitter:card\" content=\"summary\" \/>\n<meta name=\"twitter:label1\" content=\"\u00c9crit par\" \/>\n\t<meta name=\"twitter:data1\" content=\"Chantal Couture\" \/>\n\t<meta name=\"twitter:label2\" content=\"Dur\u00e9e de lecture estim\u00e9e\" \/>\n\t<meta name=\"twitter:data2\" content=\"1 minute\" \/>\n<script type=\"application\/ld+json\" class=\"yoast-schema-graph\">{\"@context\":\"https:\/\/schema.org\",\"@graph\":[{\"@type\":\"WebSite\",\"@id\":\"https:\/\/www.capri-matique.com\/client\/aprfae5\/#website\",\"url\":\"https:\/\/www.capri-matique.com\/client\/aprfae5\/\",\"name\":\"Association de personnes retrait\\u00e9es de la FAE\",\"description\":\"L&#039;association qui nous unit\",\"potentialAction\":[{\"@type\":\"SearchAction\",\"target\":{\"@type\":\"EntryPoint\",\"urlTemplate\":\"https:\/\/www.capri-matique.com\/client\/aprfae5\/?s={search_term_string}\"},\"query-input\":\"required name=search_term_string\"}],\"inLanguage\":\"fr-FR\"},{\"@type\":\"ImageObject\",\"@id\":\"https:\/\/www.capri-matique.com\/client\/aprfae5\/entraide\/#primaryimage\",\"inLanguage\":\"fr-FR\",\"url\":\"https:\/\/capri-matique.com\/client\/aprfae5\/wp-content\/uploads\/2023\/12\/entraide-profs-aprfae.png\",\"contentUrl\":\"https:\/\/capri-matique.com\/client\/aprfae5\/wp-content\/uploads\/2023\/12\/entraide-profs-aprfae.png\"},{\"@type\":\"WebPage\",\"@id\":\"https:\/\/www.capri-matique.com\/client\/aprfae5\/entraide\/#webpage\",\"url\":\"https:\/\/www.capri-matique.com\/client\/aprfae5\/entraide\/\",\"name\":\"Entraide - Association de personnes retrait\\u00e9es de la FAE\",\"isPartOf\":{\"@id\":\"https:\/\/www.capri-matique.com\/client\/aprfae5\/#website\"},\"primaryImageOfPage\":{\"@id\":\"https:\/\/www.capri-matique.com\/client\/aprfae5\/entraide\/#primaryimage\"},\"datePublished\":\"2023-12-14T22:14:50+00:00\",\"dateModified\":\"2023-12-14T22:52:34+00:00\",\"author\":{\"@id\":\"https:\/\/www.capri-matique.com\/client\/aprfae5\/#\/schema\/person\/d49ddfd2ee6ceb42ef2fbcdda1753954\"},\"breadcrumb\":{\"@id\":\"https:\/\/www.capri-matique.com\/client\/aprfae5\/entraide\/#breadcrumb\"},\"inLanguage\":\"fr-FR\",\"potentialAction\":[{\"@type\":\"ReadAction\",\"target\":[\"https:\/\/www.capri-matique.com\/client\/aprfae5\/entraide\/\"]}]},{\"@type\":\"BreadcrumbList\",\"@id\":\"https:\/\/www.capri-matique.com\/client\/aprfae5\/entraide\/#breadcrumb\",\"itemListElement\":[{\"@type\":\"ListItem\",\"position\":1,\"name\":\"Accueil\",\"item\":\"https:\/\/www.capri-matique.com\/client\/aprfae5\/\"},{\"@type\":\"ListItem\",\"position\":2,\"name\":\"Entraide\"}]},{\"@type\":\"Person\",\"@id\":\"https:\/\/www.capri-matique.com\/client\/aprfae5\/#\/schema\/person\/d49ddfd2ee6ceb42ef2fbcdda1753954\",\"name\":\"Chantal Couture\",\"url\":\"https:\/\/www.capri-matique.com\/client\/aprfae5\/author\/chantal-couture\/\"}]}<\/script>\n<!-- \/ Yoast SEO plugin. -->","yoast_head_json":{"title":"Entraide - Association de personnes retrait\u00e9es de la FAE","robots":{"index":"noindex","follow":"follow","max-snippet":"max-snippet:-1","max-image-preview":"max-image-preview:large","max-video-preview":"max-video-preview:-1"},"og_locale":"fr_FR","og_type":"article","og_title":"Entraide - Association de personnes retrait\u00e9es de la FAE","og_description":"ENTRAIDE POUR LES PROFS&nbsp;: CAMPAGNE DE FINANCEMENT DE L\u2019APRFAE .La gr\u00e8ve g\u00e9n\u00e9rale des enseignantes et enseignants de la FAE, d\u00e9clench\u00e9e le 23 novembre dernier, est toujours en cours. C\u2019est dans ce contexte qu\u2019est n\u00e9 le compte Facebook Entraide pour les profs en gr\u00e8ve dont l\u2019une des fondatrices est membre de la FAE. Puisque l\u2019APRFAE fait &hellip;","og_url":"https:\/\/www.capri-matique.com\/client\/aprfae5\/entraide\/","og_site_name":"Association de personnes retrait\u00e9es de la FAE","article_published_time":"2023-12-14T22:14:50+00:00","article_modified_time":"2023-12-14T22:52:34+00:00","og_image":[{"url":"https:\/\/capri-matique.com\/client\/aprfae5\/wp-content\/uploads\/2023\/12\/entraide-profs-aprfae.png"}],"twitter_card":"summary","twitter_misc":{"\u00c9crit par":"Chantal Couture","Dur\u00e9e de lecture estim\u00e9e":"1 minute"},"schema":{"@context":"https:\/\/schema.org","@graph":[{"@type":"WebSite","@id":"https:\/\/www.capri-matique.com\/client\/aprfae5\/#website","url":"https:\/\/www.capri-matique.com\/client\/aprfae5\/","name":"Association de personnes retrait\u00e9es de la FAE","description":"L&#039;association qui nous unit","potentialAction":[{"@type":"SearchAction","target":{"@type":"EntryPoint","urlTemplate":"https:\/\/www.capri-matique.com\/client\/aprfae5\/?s={search_term_string}"},"query-input":"required name=search_term_string"}],"inLanguage":"fr-FR"},{"@type":"ImageObject","@id":"https:\/\/www.capri-matique.com\/client\/aprfae5\/entraide\/#primaryimage","inLanguage":"fr-FR","url":"https:\/\/capri-matique.com\/client\/aprfae5\/wp-content\/uploads\/2023\/12\/entraide-profs-aprfae.png","contentUrl":"https:\/\/capri-matique.com\/client\/aprfae5\/wp-content\/uploads\/2023\/12\/entraide-profs-aprfae.png"},{"@type":"WebPage","@id":"https:\/\/www.capri-matique.com\/client\/aprfae5\/entraide\/#webpage","url":"https:\/\/www.capri-matique.com\/client\/aprfae5\/entraide\/","name":"Entraide - Association de personnes retrait\u00e9es de la FAE","isPartOf":{"@id":"https:\/\/www.capri-matique.com\/client\/aprfae5\/#website"},"primaryImageOfPage":{"@id":"https:\/\/www.capri-matique.com\/client\/aprfae5\/entraide\/#primaryimage"},"datePublished":"2023-12-14T22:14:50+00:00","dateModified":"2023-12-14T22:52:34+00:00","author":{"@id":"https:\/\/www.capri-matique.com\/client\/aprfae5\/#\/schema\/person\/d49ddfd2ee6ceb42ef2fbcdda1753954"},"breadcrumb":{"@id":"https:\/\/www.capri-matique.com\/client\/aprfae5\/entraide\/#breadcrumb"},"inLanguage":"fr-FR","potentialAction":[{"@type":"ReadAction","target":["https:\/\/www.capri-matique.com\/client\/aprfae5\/entraide\/"]}]},{"@type":"BreadcrumbList","@id":"https:\/\/www.capri-matique.com\/client\/aprfae5\/entraide\/#breadcrumb","itemListElement":[{"@type":"ListItem","position":1,"name":"Accueil","item":"https:\/\/www.capri-matique.com\/client\/aprfae5\/"},{"@type":"ListItem","position":2,"name":"Entraide"}]},{"@type":"Person","@id":"https:\/\/www.capri-matique.com\/client\/aprfae5\/#\/schema\/person\/d49ddfd2ee6ceb42ef2fbcdda1753954","name":"Chantal Couture","url":"https:\/\/www.capri-matique.com\/client\/aprfae5\/author\/chantal-couture\/"}]}},"_links":{"self":[{"href":"https:\/\/www.capri-matique.com\/client\/aprfae5\/wp-json\/wp\/v2\/posts\/8793","targetHints":{"allow":["GET"]}}],"collection":[{"href":"https:\/\/www.capri-matique.com\/client\/aprfae5\/wp-json\/wp\/v2\/posts"}],"about":[{"href":"https:\/\/www.capri-matique.com\/client\/aprfae5\/wp-json\/wp\/v2\/types\/post"}],"author":[{"embeddable":true,"href":"https:\/\/www.capri-matique.com\/client\/aprfae5\/wp-json\/wp\/v2\/users\/2"}],"replies":[{"embeddable":true,"href":"https:\/\/www.capri-matique.com\/client\/aprfae5\/wp-json\/wp\/v2\/comments?post=8793"}],"version-history":[{"count":15,"href":"https:\/\/www.capri-matique.com\/client\/aprfae5\/wp-json\/wp\/v2\/posts\/8793\/revisions"}],"predecessor-version":[{"id":8817,"href":"https:\/\/www.capri-matique.com\/client\/aprfae5\/wp-json\/wp\/v2\/posts\/8793\/revisions\/8817"}],"wp:attachment":[{"href":"https:\/\/www.capri-matique.com\/client\/aprfae5\/wp-json\/wp\/v2\/media?parent=8793"}],"wp:term":[{"taxonomy":"category","embeddable":true,"href":"https:\/\/www.capri-matique.com\/client\/aprfae5\/wp-json\/wp\/v2\/categories?post=8793"},{"taxonomy":"post_tag","embeddable":true,"href":"https:\/\/www.capri-matique.com\/client\/aprfae5\/wp-json\/wp\/v2\/tags?post=8793"}],"curies":[{"name":"wp","href":"https:\/\/api.w.org\/{rel}","templated":true}]}}