{"id":8732,"date":"2023-11-29T19:15:03","date_gmt":"2023-11-30T00:15:03","guid":{"rendered":"https:\/\/capri-matique.com\/client\/aprfae5\/?p=8732"},"modified":"2023-11-30T13:37:49","modified_gmt":"2023-11-30T18:37:49","slug":"resume-manifestation","status":"publish","type":"post","link":"https:\/\/www.capri-matique.com\/client\/aprfae5\/resume-manifestation\/","title":{"rendered":"Suivez la n\u00e9gociation"},"content":{"rendered":"<p><img fetchpriority=\"high\" decoding=\"async\" class=\"size-medium wp-image-8699 aligncenter\" src=\"https:\/\/capri-matique.com\/client\/aprfae5\/wp-content\/uploads\/2023\/11\/Solidaire-choix-300x300.jpg\" alt=\"\" width=\"300\" height=\"300\" srcset=\"https:\/\/www.capri-matique.com\/client\/aprfae5\/wp-content\/uploads\/2023\/11\/Solidaire-choix-300x300.jpg 300w, https:\/\/www.capri-matique.com\/client\/aprfae5\/wp-content\/uploads\/2023\/11\/Solidaire-choix-1024x1024.jpg 1024w, https:\/\/www.capri-matique.com\/client\/aprfae5\/wp-content\/uploads\/2023\/11\/Solidaire-choix-150x150.jpg 150w, https:\/\/www.capri-matique.com\/client\/aprfae5\/wp-content\/uploads\/2023\/11\/Solidaire-choix.jpg 1080w\" sizes=\"(max-width: 300px) 100vw, 300px\" \/>Le jeudi 23 novembre dernier s\u2019est d\u00e9roul\u00e9e la Grande marche pour les profs et l\u2019\u00e9cole publique. Cette manifestation organis\u00e9e par la F\u00e9d\u00e9ration autonome de l\u2019enseignement (FAE) marquait le coup d\u2019envoi quant au d\u00e9clenchement de la gr\u00e8ve g\u00e9n\u00e9rale illimit\u00e9e des enseignantes et enseignants membres des syndicats affili\u00e9s \u00e0 la FAE.<\/p>\n<p>Pour suivre l\u2019\u00e9volution de cette importante n\u00e9gociation, nous vous invitons \u00e0 consulter r\u00e9guli\u00e8rement notre site Web \u00e0 l\u2019adresse suivante <a href=\"https:\/\/capri-matique.com\/client\/aprfae5\/\">https:\/\/capri-matique.com\/client\/aprfae5\/<\/a>, mais aussi notre page Facebook\u00a0en cliquant sur le lien suivant : <a href=\"https:\/\/www.facebook.com\/AprFae\">https:\/\/www.facebook.com\/AprFae<\/a>.<\/p>\n<p>Sachez que nous sommes redevables des informations qui nous seront fournies par la FAE. Pour \u00eatre bien au fait de l\u2019\u00e9volution des n\u00e9gociations, nous vous invitons donc \u00e0 consulter notre page d\u2019accueil qui sera mise \u00e0 jour r\u00e9guli\u00e8rement selon les importantes annonces qui nous seront transmises par le syndicat.<\/p>\n","protected":false},"excerpt":{"rendered":"<p>Le jeudi 23 novembre dernier s\u2019est d\u00e9roul\u00e9e la Grande marche pour les profs et l\u2019\u00e9cole publique. Cette manifestation organis\u00e9e par la F\u00e9d\u00e9ration autonome de l\u2019enseignement (FAE) marquait le coup d\u2019envoi quant au d\u00e9clenchement de la gr\u00e8ve g\u00e9n\u00e9rale illimit\u00e9e des enseignantes et enseignants membres des syndicats affili\u00e9s \u00e0 la FAE. Pour suivre l\u2019\u00e9volution de cette importante &hellip;<\/p>\n","protected":false},"author":2,"featured_media":0,"comment_status":"closed","ping_status":"open","sticky":false,"template":"","format":"standard","meta":{"footnotes":""},"categories":[1],"tags":[],"class_list":["post-8732","post","type-post","status-publish","format-standard","hentry","category-uncategorized"],"yoast_head":"<!-- This site is optimized with the Yoast SEO plugin v17.3 - https:\/\/yoast.com\/wordpress\/plugins\/seo\/ -->\n<title>Suivez la n\u00e9gociation - Association de personnes retrait\u00e9es de la FAE<\/title>\n<meta name=\"robots\" content=\"noindex, follow, max-snippet:-1, max-image-preview:large, max-video-preview:-1\" \/>\n<meta property=\"og:locale\" content=\"fr_FR\" \/>\n<meta property=\"og:type\" content=\"article\" \/>\n<meta property=\"og:title\" content=\"Suivez la n\u00e9gociation - Association de personnes retrait\u00e9es de la FAE\" \/>\n<meta property=\"og:description\" content=\"Le jeudi 23 novembre dernier s\u2019est d\u00e9roul\u00e9e la Grande marche pour les profs et l\u2019\u00e9cole publique. Cette manifestation organis\u00e9e par la F\u00e9d\u00e9ration autonome de l\u2019enseignement (FAE) marquait le coup d\u2019envoi quant au d\u00e9clenchement de la gr\u00e8ve g\u00e9n\u00e9rale illimit\u00e9e des enseignantes et enseignants membres des syndicats affili\u00e9s \u00e0 la FAE. Pour suivre l\u2019\u00e9volution de cette importante &hellip;\" \/>\n<meta property=\"og:url\" content=\"https:\/\/www.capri-matique.com\/client\/aprfae5\/resume-manifestation\/\" \/>\n<meta property=\"og:site_name\" content=\"Association de personnes retrait\u00e9es de la FAE\" \/>\n<meta property=\"article:published_time\" content=\"2023-11-30T00:15:03+00:00\" \/>\n<meta property=\"article:modified_time\" content=\"2023-11-30T18:37:49+00:00\" \/>\n<meta property=\"og:image\" content=\"https:\/\/capri-matique.com\/client\/aprfae5\/wp-content\/uploads\/2023\/11\/Solidaire-choix-300x300.jpg\" \/>\n<meta name=\"twitter:card\" content=\"summary\" \/>\n<meta name=\"twitter:label1\" content=\"\u00c9crit par\" \/>\n\t<meta name=\"twitter:data1\" content=\"Chantal Couture\" \/>\n\t<meta name=\"twitter:label2\" content=\"Dur\u00e9e de lecture estim\u00e9e\" \/>\n\t<meta name=\"twitter:data2\" content=\"1 minute\" \/>\n<script type=\"application\/ld+json\" class=\"yoast-schema-graph\">{\"@context\":\"https:\/\/schema.org\",\"@graph\":[{\"@type\":\"WebSite\",\"@id\":\"https:\/\/www.capri-matique.com\/client\/aprfae5\/#website\",\"url\":\"https:\/\/www.capri-matique.com\/client\/aprfae5\/\",\"name\":\"Association de personnes retrait\\u00e9es de la FAE\",\"description\":\"L&#039;association qui nous unit\",\"potentialAction\":[{\"@type\":\"SearchAction\",\"target\":{\"@type\":\"EntryPoint\",\"urlTemplate\":\"https:\/\/www.capri-matique.com\/client\/aprfae5\/?s={search_term_string}\"},\"query-input\":\"required name=search_term_string\"}],\"inLanguage\":\"fr-FR\"},{\"@type\":\"ImageObject\",\"@id\":\"https:\/\/www.capri-matique.com\/client\/aprfae5\/resume-manifestation\/#primaryimage\",\"inLanguage\":\"fr-FR\",\"url\":\"https:\/\/capri-matique.com\/client\/aprfae5\/wp-content\/uploads\/2023\/11\/Solidaire-choix-300x300.jpg\",\"contentUrl\":\"https:\/\/capri-matique.com\/client\/aprfae5\/wp-content\/uploads\/2023\/11\/Solidaire-choix-300x300.jpg\"},{\"@type\":\"WebPage\",\"@id\":\"https:\/\/www.capri-matique.com\/client\/aprfae5\/resume-manifestation\/#webpage\",\"url\":\"https:\/\/www.capri-matique.com\/client\/aprfae5\/resume-manifestation\/\",\"name\":\"Suivez la n\\u00e9gociation - Association de personnes retrait\\u00e9es de la FAE\",\"isPartOf\":{\"@id\":\"https:\/\/www.capri-matique.com\/client\/aprfae5\/#website\"},\"primaryImageOfPage\":{\"@id\":\"https:\/\/www.capri-matique.com\/client\/aprfae5\/resume-manifestation\/#primaryimage\"},\"datePublished\":\"2023-11-30T00:15:03+00:00\",\"dateModified\":\"2023-11-30T18:37:49+00:00\",\"author\":{\"@id\":\"https:\/\/www.capri-matique.com\/client\/aprfae5\/#\/schema\/person\/d49ddfd2ee6ceb42ef2fbcdda1753954\"},\"breadcrumb\":{\"@id\":\"https:\/\/www.capri-matique.com\/client\/aprfae5\/resume-manifestation\/#breadcrumb\"},\"inLanguage\":\"fr-FR\",\"potentialAction\":[{\"@type\":\"ReadAction\",\"target\":[\"https:\/\/www.capri-matique.com\/client\/aprfae5\/resume-manifestation\/\"]}]},{\"@type\":\"BreadcrumbList\",\"@id\":\"https:\/\/www.capri-matique.com\/client\/aprfae5\/resume-manifestation\/#breadcrumb\",\"itemListElement\":[{\"@type\":\"ListItem\",\"position\":1,\"name\":\"Accueil\",\"item\":\"https:\/\/www.capri-matique.com\/client\/aprfae5\/\"},{\"@type\":\"ListItem\",\"position\":2,\"name\":\"Suivez la n\\u00e9gociation\"}]},{\"@type\":\"Person\",\"@id\":\"https:\/\/www.capri-matique.com\/client\/aprfae5\/#\/schema\/person\/d49ddfd2ee6ceb42ef2fbcdda1753954\",\"name\":\"Chantal Couture\",\"url\":\"https:\/\/www.capri-matique.com\/client\/aprfae5\/author\/chantal-couture\/\"}]}<\/script>\n<!-- \/ Yoast SEO plugin. -->","yoast_head_json":{"title":"Suivez la n\u00e9gociation - Association de personnes retrait\u00e9es de la FAE","robots":{"index":"noindex","follow":"follow","max-snippet":"max-snippet:-1","max-image-preview":"max-image-preview:large","max-video-preview":"max-video-preview:-1"},"og_locale":"fr_FR","og_type":"article","og_title":"Suivez la n\u00e9gociation - Association de personnes retrait\u00e9es de la FAE","og_description":"Le jeudi 23 novembre dernier s\u2019est d\u00e9roul\u00e9e la Grande marche pour les profs et l\u2019\u00e9cole publique. Cette manifestation organis\u00e9e par la F\u00e9d\u00e9ration autonome de l\u2019enseignement (FAE) marquait le coup d\u2019envoi quant au d\u00e9clenchement de la gr\u00e8ve g\u00e9n\u00e9rale illimit\u00e9e des enseignantes et enseignants membres des syndicats affili\u00e9s \u00e0 la FAE. Pour suivre l\u2019\u00e9volution de cette importante &hellip;","og_url":"https:\/\/www.capri-matique.com\/client\/aprfae5\/resume-manifestation\/","og_site_name":"Association de personnes retrait\u00e9es de la FAE","article_published_time":"2023-11-30T00:15:03+00:00","article_modified_time":"2023-11-30T18:37:49+00:00","og_image":[{"url":"https:\/\/capri-matique.com\/client\/aprfae5\/wp-content\/uploads\/2023\/11\/Solidaire-choix-300x300.jpg"}],"twitter_card":"summary","twitter_misc":{"\u00c9crit par":"Chantal Couture","Dur\u00e9e de lecture estim\u00e9e":"1 minute"},"schema":{"@context":"https:\/\/schema.org","@graph":[{"@type":"WebSite","@id":"https:\/\/www.capri-matique.com\/client\/aprfae5\/#website","url":"https:\/\/www.capri-matique.com\/client\/aprfae5\/","name":"Association de personnes retrait\u00e9es de la FAE","description":"L&#039;association qui nous unit","potentialAction":[{"@type":"SearchAction","target":{"@type":"EntryPoint","urlTemplate":"https:\/\/www.capri-matique.com\/client\/aprfae5\/?s={search_term_string}"},"query-input":"required name=search_term_string"}],"inLanguage":"fr-FR"},{"@type":"ImageObject","@id":"https:\/\/www.capri-matique.com\/client\/aprfae5\/resume-manifestation\/#primaryimage","inLanguage":"fr-FR","url":"https:\/\/capri-matique.com\/client\/aprfae5\/wp-content\/uploads\/2023\/11\/Solidaire-choix-300x300.jpg","contentUrl":"https:\/\/capri-matique.com\/client\/aprfae5\/wp-content\/uploads\/2023\/11\/Solidaire-choix-300x300.jpg"},{"@type":"WebPage","@id":"https:\/\/www.capri-matique.com\/client\/aprfae5\/resume-manifestation\/#webpage","url":"https:\/\/www.capri-matique.com\/client\/aprfae5\/resume-manifestation\/","name":"Suivez la n\u00e9gociation - Association de personnes retrait\u00e9es de la FAE","isPartOf":{"@id":"https:\/\/www.capri-matique.com\/client\/aprfae5\/#website"},"primaryImageOfPage":{"@id":"https:\/\/www.capri-matique.com\/client\/aprfae5\/resume-manifestation\/#primaryimage"},"datePublished":"2023-11-30T00:15:03+00:00","dateModified":"2023-11-30T18:37:49+00:00","author":{"@id":"https:\/\/www.capri-matique.com\/client\/aprfae5\/#\/schema\/person\/d49ddfd2ee6ceb42ef2fbcdda1753954"},"breadcrumb":{"@id":"https:\/\/www.capri-matique.com\/client\/aprfae5\/resume-manifestation\/#breadcrumb"},"inLanguage":"fr-FR","potentialAction":[{"@type":"ReadAction","target":["https:\/\/www.capri-matique.com\/client\/aprfae5\/resume-manifestation\/"]}]},{"@type":"BreadcrumbList","@id":"https:\/\/www.capri-matique.com\/client\/aprfae5\/resume-manifestation\/#breadcrumb","itemListElement":[{"@type":"ListItem","position":1,"name":"Accueil","item":"https:\/\/www.capri-matique.com\/client\/aprfae5\/"},{"@type":"ListItem","position":2,"name":"Suivez la n\u00e9gociation"}]},{"@type":"Person","@id":"https:\/\/www.capri-matique.com\/client\/aprfae5\/#\/schema\/person\/d49ddfd2ee6ceb42ef2fbcdda1753954","name":"Chantal Couture","url":"https:\/\/www.capri-matique.com\/client\/aprfae5\/author\/chantal-couture\/"}]}},"_links":{"self":[{"href":"https:\/\/www.capri-matique.com\/client\/aprfae5\/wp-json\/wp\/v2\/posts\/8732","targetHints":{"allow":["GET"]}}],"collection":[{"href":"https:\/\/www.capri-matique.com\/client\/aprfae5\/wp-json\/wp\/v2\/posts"}],"about":[{"href":"https:\/\/www.capri-matique.com\/client\/aprfae5\/wp-json\/wp\/v2\/types\/post"}],"author":[{"embeddable":true,"href":"https:\/\/www.capri-matique.com\/client\/aprfae5\/wp-json\/wp\/v2\/users\/2"}],"replies":[{"embeddable":true,"href":"https:\/\/www.capri-matique.com\/client\/aprfae5\/wp-json\/wp\/v2\/comments?post=8732"}],"version-history":[{"count":3,"href":"https:\/\/www.capri-matique.com\/client\/aprfae5\/wp-json\/wp\/v2\/posts\/8732\/revisions"}],"predecessor-version":[{"id":8739,"href":"https:\/\/www.capri-matique.com\/client\/aprfae5\/wp-json\/wp\/v2\/posts\/8732\/revisions\/8739"}],"wp:attachment":[{"href":"https:\/\/www.capri-matique.com\/client\/aprfae5\/wp-json\/wp\/v2\/media?parent=8732"}],"wp:term":[{"taxonomy":"category","embeddable":true,"href":"https:\/\/www.capri-matique.com\/client\/aprfae5\/wp-json\/wp\/v2\/categories?post=8732"},{"taxonomy":"post_tag","embeddable":true,"href":"https:\/\/www.capri-matique.com\/client\/aprfae5\/wp-json\/wp\/v2\/tags?post=8732"}],"curies":[{"name":"wp","href":"https:\/\/api.w.org\/{rel}","templated":true}]}}