{"id":8697,"date":"2023-11-15T14:34:57","date_gmt":"2023-11-15T19:34:57","guid":{"rendered":"https:\/\/capri-matique.com\/client\/aprfae5\/?p=8697"},"modified":"2023-11-22T13:59:10","modified_gmt":"2023-11-22T18:59:10","slug":"manifestation-du-23-novembre-2023","status":"publish","type":"post","link":"https:\/\/www.capri-matique.com\/client\/aprfae5\/manifestation-du-23-novembre-2023\/","title":{"rendered":"MANIFESTATION DU 23 NOVEMBRE 2023"},"content":{"rendered":"<p>&nbsp;<\/p>\n<p><strong><img fetchpriority=\"high\" decoding=\"async\" class=\"aligncenter wp-image-8699 \" src=\"https:\/\/capri-matique.com\/client\/aprfae5\/wp-content\/uploads\/2023\/11\/Solidaire-choix-1024x1024.jpg\" alt=\"\" width=\"428\" height=\"428\" srcset=\"https:\/\/www.capri-matique.com\/client\/aprfae5\/wp-content\/uploads\/2023\/11\/Solidaire-choix-1024x1024.jpg 1024w, https:\/\/www.capri-matique.com\/client\/aprfae5\/wp-content\/uploads\/2023\/11\/Solidaire-choix-300x300.jpg 300w, https:\/\/www.capri-matique.com\/client\/aprfae5\/wp-content\/uploads\/2023\/11\/Solidaire-choix-150x150.jpg 150w, https:\/\/www.capri-matique.com\/client\/aprfae5\/wp-content\/uploads\/2023\/11\/Solidaire-choix.jpg 1080w\" sizes=\"(max-width: 428px) 100vw, 428px\" \/><\/strong><\/p>\n<p>&nbsp;<\/p>\n<p><strong>PARTICIPATION \u00c0 LA MANIFESTATION DU 23 NOVEMBRE 2023 &#8211; <\/strong><strong>SOLIDARIT\u00c9 ENVERS LES ENSEIGNANTES ET LES ENSEIGNANTS DE LA FAE!<\/strong><\/p>\n<p>&nbsp;<\/p>\n<p><strong>\u00a0\u00a0\u00a0\u00a0\u00a0\u00a0\u00a0\u00a0\u00a0\u00a0\u00a0\u00a0\u00a0\u00a0\u00a0\u00a0\u00a0\u00a0\u00a0\u00a0\u00a0\u00a0\u00a0\u00a0\u00a0\u00a0\u00a0\u00a0\u00a0\u00a0\u00a0\u00a0\u00a0\u00a0\u00a0\u00a0\u00a0\u00a0\u00a0\u00a0\u00a0\u00a0\u00a0\u00a0\u00a0\u00a0\u00a0\u00a0\u00a0\u00a0\u00a0\u00a0\u00a0\u00a0\u00a0\u00a0\u00a0\u00a0\u00a0\u00a0\u00a0\u00a0\u00a0\u00a0\u00a0\u00a0\u00a0\u00a0\u00a0\u00a0\u00a0\u00a0\u00a0\u00a0\u00a0\u00a0\u00a0\u00a0\u00a0\n<table id=\"tablepress-5\" class=\"tablepress tablepress-id-5\">\n<tbody class=\"row-hover\">\n<tr class=\"row-1 odd\">\n\t<td class=\"column-1\">*QUELQUES CONSIGNES POUR FACILITER VOTRE PARTICIPATION \u00c0 LA GRANDE MARCHE POUR LES PROFS ET L\u2019\u00c9COLE PUBLIQUE<br \/>\n <br \/>\nPour celles et ceux qui d\u00e9sirent marcher avec nous, le point de ralliement propos\u00e9 est situ\u00e9 au coin de la rue Villeray et du boulevard Saint-Laurent, adjacent au parc Jarry. Nous y serons \u00e0 11h45.<br \/>\n <br \/>\nD\u00e8s votre arriv\u00e9e sur les lieux, vous pourrez texter le coordonnateur aux communications de l\u2019APRFAE, St\u00e9phane Deslauriers, qui vous indiquera pr\u00e9cis\u00e9ment \u00e0 quel endroit nous serons regroup\u00e9s. Voil\u00e0 son num\u00e9ro de t\u00e9l\u00e9phone cellulaire pour le joindre : 438 392-0420.<br \/>\n  <br \/>\nNous vous rappelons que le trajet est d\u2019une distance de 5 kilom\u00e8tres. Il s\u2019amorcera au parc Jarry, coin Villeray et Saint-Laurent, pour se conclure tout pr\u00e8s du Monument George-\u00c9tienne Cartier situ\u00e9 \u00e0 l\u2019entr\u00e9e du parc du Mont-Royal sur l\u2019avenue du Parc, entre les rues Des Pins et Mont-Royal.<br \/>\n <br \/>\n <br \/>\nFait \u00e0 noter, les organisateurs de la marche n\u2019ont pu obtenir la collaboration des arrondissements montr\u00e9alais concern\u00e9s quant \u00e0 l\u2019ajout d\u2019installations sanitaires tout au long du parcours. Toutefois, sachez qu\u2019au parc Jarry, cinq toilettes chimiques seront accessibles, en plus d\u2019une autre  localis\u00e9e en plein c\u0153ur du parc. <br \/>\n  <br \/>\nAu plaisir de vous voir en grand nombre \u00e0 cette marche historique !<br \/>\n<\/td>\n<\/tr>\n<\/tbody>\n<\/table>\n<!-- #tablepress-5 from cache --> <\/strong><\/p>\n<p>Rappelons-nous qu\u2019au cours de l\u2019automne, les assembl\u00e9es g\u00e9n\u00e9rales des neuf syndicats affili\u00e9s \u00e0 la F\u00e9d\u00e9ration autonome de l\u2019enseignement ont vot\u00e9 en faveur de la tenue d\u2019une gr\u00e8ve g\u00e9n\u00e9rale illimit\u00e9e (GGI) qui s\u2019amorcera le jeudi 23 novembre, si aucune entente n\u2019est ent\u00e9rin\u00e9e d\u2019ici l\u00e0. Afin de marquer cet \u00e9v\u00e9nement important, la FAE organise une <em>Grande marche pour les profs et l\u2019\u00c9cole publique<\/em> dont le coup d\u2019envoi sera donn\u00e9 le jeudi 23 novembre prochain, \u00e0 11h30, au parc Jarry, \u00e0 Montr\u00e9al.<\/p>\n<p>Dans l\u2019esprit des d\u00e9cisions prises dans le cadre de notre Assembl\u00e9e g\u00e9n\u00e9rale du 8 novembre, l\u2019APRFAE vous invite \u00e0 participer massivement \u00e0 cette manifestation. L\u2019APRFAE est solidaire des revendications des enseignantes et enseignants membres de la FAE. Il en va de l\u2019am\u00e9lioration des conditions d\u2019enseignement de nos profs, des conditions d\u2019apprentissage des \u00e9l\u00e8ves et de l\u2019avenir de notre syst\u00e8me d\u2019\u00e9ducation public!<\/p>\n<p>Pour en connaitre davantage sur les revendications port\u00e9es par les enseignantes et enseignants et pour suivre de pr\u00e8s la n\u00e9gociation, il suffit de consulter le site de la FAE, \u00e0 l\u2019adresse suivante : <a href=\"https:\/\/www.lafae.qc.ca\/negociation-nationale\">https:\/\/www.lafae.qc.ca\/negociation-nationale<\/a><\/p>\n<p>Le trajet pr\u00e9vu est d&#8217;une distance d&#8217;environ 5 kilom\u00e8tres et a \u00e9t\u00e9 planifi\u00e9 en descente. Les stations de m\u00e9tro avoisinantes du parc Jarry sont les suivantes\u00a0: De Castelnau (ligne bleue) et Jarry (ligne orange). La marche se conclura tout pr\u00e8s du pavillon Mordecai-Richler situ\u00e9 \u00e0 l\u2019entr\u00e9e du parc du Mont-Royal. Le point de ralliement sera publi\u00e9 sur notre site Web sous peu. Restez \u00e0 l\u2019aff\u00fbt !<\/p>\n<p>Si vous aviez besoin d\u2019un transport, il serait important de vous inscrire aupr\u00e8s de votre syndicat local ou d\u2019un syndicat de la FAE plus pr\u00e8s de votre domicile afin de r\u00e9server votre place ainsi qu\u2019un repas, s\u2019il y a lieu.<\/p>\n<p>Faits importants \u00e0 noter, deux kiosques bien identifi\u00e9s \u00e0 la FAE seront am\u00e9nag\u00e9s au coin des rues Villeray et Saint-Laurent. Sachez aussi que l\u2019arrondissement concern\u00e9 a refus\u00e9 d\u2019am\u00e9nager des toilettes tout au long du parcours. Vous devrez donc en tenir compte dans la planification de votre journ\u00e9e.<\/p>\n<p>Pour obtenir plus de d\u00e9tails sur la tenue de cette manifestation, cliquez sur le lien suivant\u00a0:<\/p>\n<p><a href=\"https:\/\/www.facebook.com\/events\/852003163061884?ref=newsfeed\">https:\/\/www.facebook.com\/events\/852003163061884?ref=newsfeed<\/a><\/p>\n<p>Sinon, vous pouvez communiquer directement avec notre coordonnateur aux communications \u00e0 l\u2019adresse suivante\u00a0: <a href=\"mailto:s.deslauriers@aprfae.ca\">s.deslauriers@aprfae.ca<\/a><\/p>\n<p>Participez en grand nombre !<\/p>\n<p>Nicole Frascadore,<\/p>\n<p>pr\u00e9sidente<\/p>\n<p>&nbsp;<\/p>\n","protected":false},"excerpt":{"rendered":"<p>&nbsp; &nbsp; PARTICIPATION \u00c0 LA MANIFESTATION DU 23 NOVEMBRE 2023 &#8211; SOLIDARIT\u00c9 ENVERS LES ENSEIGNANTES ET LES ENSEIGNANTS DE LA FAE! &nbsp; \u00a0\u00a0\u00a0\u00a0\u00a0\u00a0\u00a0\u00a0\u00a0\u00a0\u00a0\u00a0\u00a0\u00a0\u00a0\u00a0\u00a0\u00a0\u00a0\u00a0\u00a0\u00a0\u00a0\u00a0\u00a0\u00a0\u00a0\u00a0\u00a0\u00a0\u00a0\u00a0\u00a0\u00a0\u00a0\u00a0\u00a0\u00a0\u00a0\u00a0\u00a0\u00a0\u00a0\u00a0\u00a0\u00a0\u00a0\u00a0\u00a0\u00a0\u00a0\u00a0\u00a0\u00a0\u00a0\u00a0\u00a0\u00a0\u00a0\u00a0\u00a0\u00a0\u00a0\u00a0\u00a0\u00a0\u00a0\u00a0\u00a0\u00a0\u00a0\u00a0\u00a0\u00a0\u00a0\u00a0\u00a0\u00a0\u00a0 Rappelons-nous qu\u2019au cours de l\u2019automne, les assembl\u00e9es g\u00e9n\u00e9rales des neuf syndicats affili\u00e9s \u00e0 la F\u00e9d\u00e9ration autonome de l\u2019enseignement ont vot\u00e9 en faveur de la tenue d\u2019une gr\u00e8ve g\u00e9n\u00e9rale illimit\u00e9e (GGI) qui s\u2019amorcera &hellip;<\/p>\n","protected":false},"author":2,"featured_media":0,"comment_status":"closed","ping_status":"open","sticky":false,"template":"","format":"standard","meta":{"footnotes":""},"categories":[16],"tags":[],"class_list":["post-8697","post","type-post","status-publish","format-standard","hentry","category-activites"],"yoast_head":"<!-- This site is optimized with the Yoast SEO plugin v17.3 - https:\/\/yoast.com\/wordpress\/plugins\/seo\/ -->\n<title>MANIFESTATION DU 23 NOVEMBRE 2023 - Association de personnes retrait\u00e9es de la FAE<\/title>\n<meta name=\"robots\" content=\"noindex, follow, max-snippet:-1, max-image-preview:large, max-video-preview:-1\" \/>\n<meta property=\"og:locale\" content=\"fr_FR\" \/>\n<meta property=\"og:type\" content=\"article\" \/>\n<meta property=\"og:title\" content=\"MANIFESTATION DU 23 NOVEMBRE 2023 - Association de personnes retrait\u00e9es de la FAE\" \/>\n<meta property=\"og:description\" content=\"&nbsp; &nbsp; PARTICIPATION \u00c0 LA MANIFESTATION DU 23 NOVEMBRE 2023 &#8211; SOLIDARIT\u00c9 ENVERS LES ENSEIGNANTES ET LES ENSEIGNANTS DE LA FAE! &nbsp; \u00a0\u00a0\u00a0\u00a0\u00a0\u00a0\u00a0\u00a0\u00a0\u00a0\u00a0\u00a0\u00a0\u00a0\u00a0\u00a0\u00a0\u00a0\u00a0\u00a0\u00a0\u00a0\u00a0\u00a0\u00a0\u00a0\u00a0\u00a0\u00a0\u00a0\u00a0\u00a0\u00a0\u00a0\u00a0\u00a0\u00a0\u00a0\u00a0\u00a0\u00a0\u00a0\u00a0\u00a0\u00a0\u00a0\u00a0\u00a0\u00a0\u00a0\u00a0\u00a0\u00a0\u00a0\u00a0\u00a0\u00a0\u00a0\u00a0\u00a0\u00a0\u00a0\u00a0\u00a0\u00a0\u00a0\u00a0\u00a0\u00a0\u00a0\u00a0\u00a0\u00a0\u00a0\u00a0\u00a0\u00a0\u00a0\u00a0 Rappelons-nous qu\u2019au cours de l\u2019automne, les assembl\u00e9es g\u00e9n\u00e9rales des neuf syndicats affili\u00e9s \u00e0 la F\u00e9d\u00e9ration autonome de l\u2019enseignement ont vot\u00e9 en faveur de la tenue d\u2019une gr\u00e8ve g\u00e9n\u00e9rale illimit\u00e9e (GGI) qui s\u2019amorcera &hellip;\" \/>\n<meta property=\"og:url\" content=\"https:\/\/www.capri-matique.com\/client\/aprfae5\/manifestation-du-23-novembre-2023\/\" \/>\n<meta property=\"og:site_name\" content=\"Association de personnes retrait\u00e9es de la FAE\" \/>\n<meta property=\"article:published_time\" content=\"2023-11-15T19:34:57+00:00\" \/>\n<meta property=\"article:modified_time\" content=\"2023-11-22T18:59:10+00:00\" \/>\n<meta property=\"og:image\" content=\"https:\/\/capri-matique.com\/client\/aprfae5\/wp-content\/uploads\/2023\/11\/Solidaire-choix-1024x1024.jpg\" \/>\n<meta name=\"twitter:card\" content=\"summary\" \/>\n<meta name=\"twitter:label1\" content=\"\u00c9crit par\" \/>\n\t<meta name=\"twitter:data1\" content=\"Chantal Couture\" \/>\n\t<meta name=\"twitter:label2\" content=\"Dur\u00e9e de lecture estim\u00e9e\" \/>\n\t<meta name=\"twitter:data2\" content=\"2 minutes\" \/>\n<script type=\"application\/ld+json\" class=\"yoast-schema-graph\">{\"@context\":\"https:\/\/schema.org\",\"@graph\":[{\"@type\":\"WebSite\",\"@id\":\"https:\/\/www.capri-matique.com\/client\/aprfae5\/#website\",\"url\":\"https:\/\/www.capri-matique.com\/client\/aprfae5\/\",\"name\":\"Association de personnes retrait\\u00e9es de la FAE\",\"description\":\"L&#039;association qui nous unit\",\"potentialAction\":[{\"@type\":\"SearchAction\",\"target\":{\"@type\":\"EntryPoint\",\"urlTemplate\":\"https:\/\/www.capri-matique.com\/client\/aprfae5\/?s={search_term_string}\"},\"query-input\":\"required name=search_term_string\"}],\"inLanguage\":\"fr-FR\"},{\"@type\":\"ImageObject\",\"@id\":\"https:\/\/www.capri-matique.com\/client\/aprfae5\/manifestation-du-23-novembre-2023\/#primaryimage\",\"inLanguage\":\"fr-FR\",\"url\":\"https:\/\/capri-matique.com\/client\/aprfae5\/wp-content\/uploads\/2023\/11\/Solidaire-choix-1024x1024.jpg\",\"contentUrl\":\"https:\/\/capri-matique.com\/client\/aprfae5\/wp-content\/uploads\/2023\/11\/Solidaire-choix-1024x1024.jpg\"},{\"@type\":\"WebPage\",\"@id\":\"https:\/\/www.capri-matique.com\/client\/aprfae5\/manifestation-du-23-novembre-2023\/#webpage\",\"url\":\"https:\/\/www.capri-matique.com\/client\/aprfae5\/manifestation-du-23-novembre-2023\/\",\"name\":\"MANIFESTATION DU 23 NOVEMBRE 2023 - Association de personnes retrait\\u00e9es de la FAE\",\"isPartOf\":{\"@id\":\"https:\/\/www.capri-matique.com\/client\/aprfae5\/#website\"},\"primaryImageOfPage\":{\"@id\":\"https:\/\/www.capri-matique.com\/client\/aprfae5\/manifestation-du-23-novembre-2023\/#primaryimage\"},\"datePublished\":\"2023-11-15T19:34:57+00:00\",\"dateModified\":\"2023-11-22T18:59:10+00:00\",\"author\":{\"@id\":\"https:\/\/www.capri-matique.com\/client\/aprfae5\/#\/schema\/person\/d49ddfd2ee6ceb42ef2fbcdda1753954\"},\"breadcrumb\":{\"@id\":\"https:\/\/www.capri-matique.com\/client\/aprfae5\/manifestation-du-23-novembre-2023\/#breadcrumb\"},\"inLanguage\":\"fr-FR\",\"potentialAction\":[{\"@type\":\"ReadAction\",\"target\":[\"https:\/\/www.capri-matique.com\/client\/aprfae5\/manifestation-du-23-novembre-2023\/\"]}]},{\"@type\":\"BreadcrumbList\",\"@id\":\"https:\/\/www.capri-matique.com\/client\/aprfae5\/manifestation-du-23-novembre-2023\/#breadcrumb\",\"itemListElement\":[{\"@type\":\"ListItem\",\"position\":1,\"name\":\"Accueil\",\"item\":\"https:\/\/www.capri-matique.com\/client\/aprfae5\/\"},{\"@type\":\"ListItem\",\"position\":2,\"name\":\"MANIFESTATION DU 23 NOVEMBRE 2023\"}]},{\"@type\":\"Person\",\"@id\":\"https:\/\/www.capri-matique.com\/client\/aprfae5\/#\/schema\/person\/d49ddfd2ee6ceb42ef2fbcdda1753954\",\"name\":\"Chantal Couture\",\"url\":\"https:\/\/www.capri-matique.com\/client\/aprfae5\/author\/chantal-couture\/\"}]}<\/script>\n<!-- \/ Yoast SEO plugin. -->","yoast_head_json":{"title":"MANIFESTATION DU 23 NOVEMBRE 2023 - Association de personnes retrait\u00e9es de la FAE","robots":{"index":"noindex","follow":"follow","max-snippet":"max-snippet:-1","max-image-preview":"max-image-preview:large","max-video-preview":"max-video-preview:-1"},"og_locale":"fr_FR","og_type":"article","og_title":"MANIFESTATION DU 23 NOVEMBRE 2023 - Association de personnes retrait\u00e9es de la FAE","og_description":"&nbsp; &nbsp; PARTICIPATION \u00c0 LA MANIFESTATION DU 23 NOVEMBRE 2023 &#8211; SOLIDARIT\u00c9 ENVERS LES ENSEIGNANTES ET LES ENSEIGNANTS DE LA FAE! &nbsp; \u00a0\u00a0\u00a0\u00a0\u00a0\u00a0\u00a0\u00a0\u00a0\u00a0\u00a0\u00a0\u00a0\u00a0\u00a0\u00a0\u00a0\u00a0\u00a0\u00a0\u00a0\u00a0\u00a0\u00a0\u00a0\u00a0\u00a0\u00a0\u00a0\u00a0\u00a0\u00a0\u00a0\u00a0\u00a0\u00a0\u00a0\u00a0\u00a0\u00a0\u00a0\u00a0\u00a0\u00a0\u00a0\u00a0\u00a0\u00a0\u00a0\u00a0\u00a0\u00a0\u00a0\u00a0\u00a0\u00a0\u00a0\u00a0\u00a0\u00a0\u00a0\u00a0\u00a0\u00a0\u00a0\u00a0\u00a0\u00a0\u00a0\u00a0\u00a0\u00a0\u00a0\u00a0\u00a0\u00a0\u00a0\u00a0\u00a0 Rappelons-nous qu\u2019au cours de l\u2019automne, les assembl\u00e9es g\u00e9n\u00e9rales des neuf syndicats affili\u00e9s \u00e0 la F\u00e9d\u00e9ration autonome de l\u2019enseignement ont vot\u00e9 en faveur de la tenue d\u2019une gr\u00e8ve g\u00e9n\u00e9rale illimit\u00e9e (GGI) qui s\u2019amorcera &hellip;","og_url":"https:\/\/www.capri-matique.com\/client\/aprfae5\/manifestation-du-23-novembre-2023\/","og_site_name":"Association de personnes retrait\u00e9es de la FAE","article_published_time":"2023-11-15T19:34:57+00:00","article_modified_time":"2023-11-22T18:59:10+00:00","og_image":[{"url":"https:\/\/capri-matique.com\/client\/aprfae5\/wp-content\/uploads\/2023\/11\/Solidaire-choix-1024x1024.jpg"}],"twitter_card":"summary","twitter_misc":{"\u00c9crit par":"Chantal Couture","Dur\u00e9e de lecture estim\u00e9e":"2 minutes"},"schema":{"@context":"https:\/\/schema.org","@graph":[{"@type":"WebSite","@id":"https:\/\/www.capri-matique.com\/client\/aprfae5\/#website","url":"https:\/\/www.capri-matique.com\/client\/aprfae5\/","name":"Association de personnes retrait\u00e9es de la FAE","description":"L&#039;association qui nous unit","potentialAction":[{"@type":"SearchAction","target":{"@type":"EntryPoint","urlTemplate":"https:\/\/www.capri-matique.com\/client\/aprfae5\/?s={search_term_string}"},"query-input":"required name=search_term_string"}],"inLanguage":"fr-FR"},{"@type":"ImageObject","@id":"https:\/\/www.capri-matique.com\/client\/aprfae5\/manifestation-du-23-novembre-2023\/#primaryimage","inLanguage":"fr-FR","url":"https:\/\/capri-matique.com\/client\/aprfae5\/wp-content\/uploads\/2023\/11\/Solidaire-choix-1024x1024.jpg","contentUrl":"https:\/\/capri-matique.com\/client\/aprfae5\/wp-content\/uploads\/2023\/11\/Solidaire-choix-1024x1024.jpg"},{"@type":"WebPage","@id":"https:\/\/www.capri-matique.com\/client\/aprfae5\/manifestation-du-23-novembre-2023\/#webpage","url":"https:\/\/www.capri-matique.com\/client\/aprfae5\/manifestation-du-23-novembre-2023\/","name":"MANIFESTATION DU 23 NOVEMBRE 2023 - Association de personnes retrait\u00e9es de la FAE","isPartOf":{"@id":"https:\/\/www.capri-matique.com\/client\/aprfae5\/#website"},"primaryImageOfPage":{"@id":"https:\/\/www.capri-matique.com\/client\/aprfae5\/manifestation-du-23-novembre-2023\/#primaryimage"},"datePublished":"2023-11-15T19:34:57+00:00","dateModified":"2023-11-22T18:59:10+00:00","author":{"@id":"https:\/\/www.capri-matique.com\/client\/aprfae5\/#\/schema\/person\/d49ddfd2ee6ceb42ef2fbcdda1753954"},"breadcrumb":{"@id":"https:\/\/www.capri-matique.com\/client\/aprfae5\/manifestation-du-23-novembre-2023\/#breadcrumb"},"inLanguage":"fr-FR","potentialAction":[{"@type":"ReadAction","target":["https:\/\/www.capri-matique.com\/client\/aprfae5\/manifestation-du-23-novembre-2023\/"]}]},{"@type":"BreadcrumbList","@id":"https:\/\/www.capri-matique.com\/client\/aprfae5\/manifestation-du-23-novembre-2023\/#breadcrumb","itemListElement":[{"@type":"ListItem","position":1,"name":"Accueil","item":"https:\/\/www.capri-matique.com\/client\/aprfae5\/"},{"@type":"ListItem","position":2,"name":"MANIFESTATION DU 23 NOVEMBRE 2023"}]},{"@type":"Person","@id":"https:\/\/www.capri-matique.com\/client\/aprfae5\/#\/schema\/person\/d49ddfd2ee6ceb42ef2fbcdda1753954","name":"Chantal Couture","url":"https:\/\/www.capri-matique.com\/client\/aprfae5\/author\/chantal-couture\/"}]}},"_links":{"self":[{"href":"https:\/\/www.capri-matique.com\/client\/aprfae5\/wp-json\/wp\/v2\/posts\/8697","targetHints":{"allow":["GET"]}}],"collection":[{"href":"https:\/\/www.capri-matique.com\/client\/aprfae5\/wp-json\/wp\/v2\/posts"}],"about":[{"href":"https:\/\/www.capri-matique.com\/client\/aprfae5\/wp-json\/wp\/v2\/types\/post"}],"author":[{"embeddable":true,"href":"https:\/\/www.capri-matique.com\/client\/aprfae5\/wp-json\/wp\/v2\/users\/2"}],"replies":[{"embeddable":true,"href":"https:\/\/www.capri-matique.com\/client\/aprfae5\/wp-json\/wp\/v2\/comments?post=8697"}],"version-history":[{"count":6,"href":"https:\/\/www.capri-matique.com\/client\/aprfae5\/wp-json\/wp\/v2\/posts\/8697\/revisions"}],"predecessor-version":[{"id":8718,"href":"https:\/\/www.capri-matique.com\/client\/aprfae5\/wp-json\/wp\/v2\/posts\/8697\/revisions\/8718"}],"wp:attachment":[{"href":"https:\/\/www.capri-matique.com\/client\/aprfae5\/wp-json\/wp\/v2\/media?parent=8697"}],"wp:term":[{"taxonomy":"category","embeddable":true,"href":"https:\/\/www.capri-matique.com\/client\/aprfae5\/wp-json\/wp\/v2\/categories?post=8697"},{"taxonomy":"post_tag","embeddable":true,"href":"https:\/\/www.capri-matique.com\/client\/aprfae5\/wp-json\/wp\/v2\/tags?post=8697"}],"curies":[{"name":"wp","href":"https:\/\/api.w.org\/{rel}","templated":true}]}}