{"id":8676,"date":"2023-10-24T15:53:15","date_gmt":"2023-10-24T19:53:15","guid":{"rendered":"https:\/\/capri-matique.com\/client\/aprfae5\/?p=8676"},"modified":"2023-10-24T16:14:33","modified_gmt":"2023-10-24T20:14:33","slug":"convocation-ag-2023","status":"publish","type":"post","link":"https:\/\/www.capri-matique.com\/client\/aprfae5\/convocation-ag-2023\/","title":{"rendered":"Convocation AG-2023"},"content":{"rendered":"<p>&nbsp;<\/p>\n<p><img fetchpriority=\"high\" decoding=\"async\" class=\"aligncenter wp-image-8611 \" src=\"https:\/\/capri-matique.com\/client\/aprfae5\/wp-content\/uploads\/2023\/10\/AG2023-1024x682.jpeg\" alt=\"\" width=\"401\" height=\"267\" srcset=\"https:\/\/www.capri-matique.com\/client\/aprfae5\/wp-content\/uploads\/2023\/10\/AG2023-1024x682.jpeg 1024w, https:\/\/www.capri-matique.com\/client\/aprfae5\/wp-content\/uploads\/2023\/10\/AG2023-300x200.jpeg 300w, https:\/\/www.capri-matique.com\/client\/aprfae5\/wp-content\/uploads\/2023\/10\/AG2023-1536x1024.jpeg 1536w, https:\/\/www.capri-matique.com\/client\/aprfae5\/wp-content\/uploads\/2023\/10\/AG2023.jpeg 2000w\" sizes=\"(max-width: 401px) 100vw, 401px\" \/><\/p>\n<p style=\"text-align: center;\">Ci-dessous la convocation ainsi que l&#8217;ordre du jour pour l&#8217;Assembl\u00e9e g\u00e9n\u00e9rale<\/p>\n<p style=\"text-align: center;\"><a href=\"https:\/\/capri-matique.com\/client\/aprfae5\/wp-content\/uploads\/2023\/10\/2023-10-24-convocation-AG-du-8-novembre-2023_.pdf\">2023-10-24 convocation AG du 8 novembre 2023_<\/a><\/p>\n","protected":false},"excerpt":{"rendered":"<p>&nbsp; Ci-dessous la convocation ainsi que l&#8217;ordre du jour pour l&#8217;Assembl\u00e9e g\u00e9n\u00e9rale 2023-10-24 convocation AG du 8 novembre 2023_<\/p>\n","protected":false},"author":2,"featured_media":0,"comment_status":"closed","ping_status":"open","sticky":false,"template":"","format":"standard","meta":{"footnotes":""},"categories":[1],"tags":[],"class_list":["post-8676","post","type-post","status-publish","format-standard","hentry","category-uncategorized"],"yoast_head":"<!-- This site is optimized with the Yoast SEO plugin v17.3 - https:\/\/yoast.com\/wordpress\/plugins\/seo\/ -->\n<title>Convocation AG-2023 - Association de personnes retrait\u00e9es de la FAE<\/title>\n<meta name=\"robots\" content=\"noindex, follow, max-snippet:-1, max-image-preview:large, max-video-preview:-1\" \/>\n<meta property=\"og:locale\" content=\"fr_FR\" \/>\n<meta property=\"og:type\" content=\"article\" \/>\n<meta property=\"og:title\" content=\"Convocation AG-2023 - Association de personnes retrait\u00e9es de la FAE\" \/>\n<meta property=\"og:description\" content=\"&nbsp; Ci-dessous la convocation ainsi que l&#8217;ordre du jour pour l&#8217;Assembl\u00e9e g\u00e9n\u00e9rale 2023-10-24 convocation AG du 8 novembre 2023_\" \/>\n<meta property=\"og:url\" content=\"https:\/\/www.capri-matique.com\/client\/aprfae5\/convocation-ag-2023\/\" \/>\n<meta property=\"og:site_name\" content=\"Association de personnes retrait\u00e9es de la FAE\" \/>\n<meta property=\"article:published_time\" content=\"2023-10-24T19:53:15+00:00\" \/>\n<meta property=\"article:modified_time\" content=\"2023-10-24T20:14:33+00:00\" \/>\n<meta property=\"og:image\" content=\"https:\/\/capri-matique.com\/client\/aprfae5\/wp-content\/uploads\/2023\/10\/AG2023-1024x682.jpeg\" \/>\n<meta name=\"twitter:card\" content=\"summary\" \/>\n<meta name=\"twitter:label1\" content=\"\u00c9crit par\" \/>\n\t<meta name=\"twitter:data1\" content=\"Chantal Couture\" \/>\n\t<meta name=\"twitter:label2\" content=\"Dur\u00e9e de lecture estim\u00e9e\" \/>\n\t<meta name=\"twitter:data2\" content=\"1 minute\" \/>\n<script type=\"application\/ld+json\" class=\"yoast-schema-graph\">{\"@context\":\"https:\/\/schema.org\",\"@graph\":[{\"@type\":\"WebSite\",\"@id\":\"https:\/\/www.capri-matique.com\/client\/aprfae5\/#website\",\"url\":\"https:\/\/www.capri-matique.com\/client\/aprfae5\/\",\"name\":\"Association de personnes retrait\\u00e9es de la FAE\",\"description\":\"L&#039;association qui nous unit\",\"potentialAction\":[{\"@type\":\"SearchAction\",\"target\":{\"@type\":\"EntryPoint\",\"urlTemplate\":\"https:\/\/www.capri-matique.com\/client\/aprfae5\/?s={search_term_string}\"},\"query-input\":\"required name=search_term_string\"}],\"inLanguage\":\"fr-FR\"},{\"@type\":\"ImageObject\",\"@id\":\"https:\/\/www.capri-matique.com\/client\/aprfae5\/convocation-ag-2023\/#primaryimage\",\"inLanguage\":\"fr-FR\",\"url\":\"https:\/\/capri-matique.com\/client\/aprfae5\/wp-content\/uploads\/2023\/10\/AG2023-1024x682.jpeg\",\"contentUrl\":\"https:\/\/capri-matique.com\/client\/aprfae5\/wp-content\/uploads\/2023\/10\/AG2023-1024x682.jpeg\"},{\"@type\":\"WebPage\",\"@id\":\"https:\/\/www.capri-matique.com\/client\/aprfae5\/convocation-ag-2023\/#webpage\",\"url\":\"https:\/\/www.capri-matique.com\/client\/aprfae5\/convocation-ag-2023\/\",\"name\":\"Convocation AG-2023 - Association de personnes retrait\\u00e9es de la FAE\",\"isPartOf\":{\"@id\":\"https:\/\/www.capri-matique.com\/client\/aprfae5\/#website\"},\"primaryImageOfPage\":{\"@id\":\"https:\/\/www.capri-matique.com\/client\/aprfae5\/convocation-ag-2023\/#primaryimage\"},\"datePublished\":\"2023-10-24T19:53:15+00:00\",\"dateModified\":\"2023-10-24T20:14:33+00:00\",\"author\":{\"@id\":\"https:\/\/www.capri-matique.com\/client\/aprfae5\/#\/schema\/person\/d49ddfd2ee6ceb42ef2fbcdda1753954\"},\"breadcrumb\":{\"@id\":\"https:\/\/www.capri-matique.com\/client\/aprfae5\/convocation-ag-2023\/#breadcrumb\"},\"inLanguage\":\"fr-FR\",\"potentialAction\":[{\"@type\":\"ReadAction\",\"target\":[\"https:\/\/www.capri-matique.com\/client\/aprfae5\/convocation-ag-2023\/\"]}]},{\"@type\":\"BreadcrumbList\",\"@id\":\"https:\/\/www.capri-matique.com\/client\/aprfae5\/convocation-ag-2023\/#breadcrumb\",\"itemListElement\":[{\"@type\":\"ListItem\",\"position\":1,\"name\":\"Accueil\",\"item\":\"https:\/\/www.capri-matique.com\/client\/aprfae5\/\"},{\"@type\":\"ListItem\",\"position\":2,\"name\":\"Convocation AG-2023\"}]},{\"@type\":\"Person\",\"@id\":\"https:\/\/www.capri-matique.com\/client\/aprfae5\/#\/schema\/person\/d49ddfd2ee6ceb42ef2fbcdda1753954\",\"name\":\"Chantal Couture\",\"url\":\"https:\/\/www.capri-matique.com\/client\/aprfae5\/author\/chantal-couture\/\"}]}<\/script>\n<!-- \/ Yoast SEO plugin. -->","yoast_head_json":{"title":"Convocation AG-2023 - Association de personnes retrait\u00e9es de la FAE","robots":{"index":"noindex","follow":"follow","max-snippet":"max-snippet:-1","max-image-preview":"max-image-preview:large","max-video-preview":"max-video-preview:-1"},"og_locale":"fr_FR","og_type":"article","og_title":"Convocation AG-2023 - Association de personnes retrait\u00e9es de la FAE","og_description":"&nbsp; Ci-dessous la convocation ainsi que l&#8217;ordre du jour pour l&#8217;Assembl\u00e9e g\u00e9n\u00e9rale 2023-10-24 convocation AG du 8 novembre 2023_","og_url":"https:\/\/www.capri-matique.com\/client\/aprfae5\/convocation-ag-2023\/","og_site_name":"Association de personnes retrait\u00e9es de la FAE","article_published_time":"2023-10-24T19:53:15+00:00","article_modified_time":"2023-10-24T20:14:33+00:00","og_image":[{"url":"https:\/\/capri-matique.com\/client\/aprfae5\/wp-content\/uploads\/2023\/10\/AG2023-1024x682.jpeg"}],"twitter_card":"summary","twitter_misc":{"\u00c9crit par":"Chantal Couture","Dur\u00e9e de lecture estim\u00e9e":"1 minute"},"schema":{"@context":"https:\/\/schema.org","@graph":[{"@type":"WebSite","@id":"https:\/\/www.capri-matique.com\/client\/aprfae5\/#website","url":"https:\/\/www.capri-matique.com\/client\/aprfae5\/","name":"Association de personnes retrait\u00e9es de la FAE","description":"L&#039;association qui nous unit","potentialAction":[{"@type":"SearchAction","target":{"@type":"EntryPoint","urlTemplate":"https:\/\/www.capri-matique.com\/client\/aprfae5\/?s={search_term_string}"},"query-input":"required name=search_term_string"}],"inLanguage":"fr-FR"},{"@type":"ImageObject","@id":"https:\/\/www.capri-matique.com\/client\/aprfae5\/convocation-ag-2023\/#primaryimage","inLanguage":"fr-FR","url":"https:\/\/capri-matique.com\/client\/aprfae5\/wp-content\/uploads\/2023\/10\/AG2023-1024x682.jpeg","contentUrl":"https:\/\/capri-matique.com\/client\/aprfae5\/wp-content\/uploads\/2023\/10\/AG2023-1024x682.jpeg"},{"@type":"WebPage","@id":"https:\/\/www.capri-matique.com\/client\/aprfae5\/convocation-ag-2023\/#webpage","url":"https:\/\/www.capri-matique.com\/client\/aprfae5\/convocation-ag-2023\/","name":"Convocation AG-2023 - Association de personnes retrait\u00e9es de la FAE","isPartOf":{"@id":"https:\/\/www.capri-matique.com\/client\/aprfae5\/#website"},"primaryImageOfPage":{"@id":"https:\/\/www.capri-matique.com\/client\/aprfae5\/convocation-ag-2023\/#primaryimage"},"datePublished":"2023-10-24T19:53:15+00:00","dateModified":"2023-10-24T20:14:33+00:00","author":{"@id":"https:\/\/www.capri-matique.com\/client\/aprfae5\/#\/schema\/person\/d49ddfd2ee6ceb42ef2fbcdda1753954"},"breadcrumb":{"@id":"https:\/\/www.capri-matique.com\/client\/aprfae5\/convocation-ag-2023\/#breadcrumb"},"inLanguage":"fr-FR","potentialAction":[{"@type":"ReadAction","target":["https:\/\/www.capri-matique.com\/client\/aprfae5\/convocation-ag-2023\/"]}]},{"@type":"BreadcrumbList","@id":"https:\/\/www.capri-matique.com\/client\/aprfae5\/convocation-ag-2023\/#breadcrumb","itemListElement":[{"@type":"ListItem","position":1,"name":"Accueil","item":"https:\/\/www.capri-matique.com\/client\/aprfae5\/"},{"@type":"ListItem","position":2,"name":"Convocation AG-2023"}]},{"@type":"Person","@id":"https:\/\/www.capri-matique.com\/client\/aprfae5\/#\/schema\/person\/d49ddfd2ee6ceb42ef2fbcdda1753954","name":"Chantal Couture","url":"https:\/\/www.capri-matique.com\/client\/aprfae5\/author\/chantal-couture\/"}]}},"_links":{"self":[{"href":"https:\/\/www.capri-matique.com\/client\/aprfae5\/wp-json\/wp\/v2\/posts\/8676","targetHints":{"allow":["GET"]}}],"collection":[{"href":"https:\/\/www.capri-matique.com\/client\/aprfae5\/wp-json\/wp\/v2\/posts"}],"about":[{"href":"https:\/\/www.capri-matique.com\/client\/aprfae5\/wp-json\/wp\/v2\/types\/post"}],"author":[{"embeddable":true,"href":"https:\/\/www.capri-matique.com\/client\/aprfae5\/wp-json\/wp\/v2\/users\/2"}],"replies":[{"embeddable":true,"href":"https:\/\/www.capri-matique.com\/client\/aprfae5\/wp-json\/wp\/v2\/comments?post=8676"}],"version-history":[{"count":3,"href":"https:\/\/www.capri-matique.com\/client\/aprfae5\/wp-json\/wp\/v2\/posts\/8676\/revisions"}],"predecessor-version":[{"id":8680,"href":"https:\/\/www.capri-matique.com\/client\/aprfae5\/wp-json\/wp\/v2\/posts\/8676\/revisions\/8680"}],"wp:attachment":[{"href":"https:\/\/www.capri-matique.com\/client\/aprfae5\/wp-json\/wp\/v2\/media?parent=8676"}],"wp:term":[{"taxonomy":"category","embeddable":true,"href":"https:\/\/www.capri-matique.com\/client\/aprfae5\/wp-json\/wp\/v2\/categories?post=8676"},{"taxonomy":"post_tag","embeddable":true,"href":"https:\/\/www.capri-matique.com\/client\/aprfae5\/wp-json\/wp\/v2\/tags?post=8676"}],"curies":[{"name":"wp","href":"https:\/\/api.w.org\/{rel}","templated":true}]}}