{"id":8596,"date":"2023-10-02T11:26:44","date_gmt":"2023-10-02T15:26:44","guid":{"rendered":"https:\/\/capri-matique.com\/client\/aprfae5\/?p=8596"},"modified":"2023-10-02T11:45:52","modified_gmt":"2023-10-02T15:45:52","slug":"semaine-pour-lecole-publique","status":"publish","type":"post","link":"https:\/\/www.capri-matique.com\/client\/aprfae5\/semaine-pour-lecole-publique\/","title":{"rendered":"Semaine pour l&#8217;\u00e9cole publique"},"content":{"rendered":"<p style=\"text-align: center;\"><span style=\"font-family: verdana, geneva, sans-serif; font-size: 12pt; color: #000000;\"><strong><em>L\u2019APRFAE est heureuse de participer \u00e0 la semaine pour l&#8217;\u00e9cole publique!<\/em><\/strong><\/span><\/p>\n<h2><img fetchpriority=\"high\" decoding=\"async\" class=\"aligncenter wp-image-8594 size-large\" src=\"https:\/\/capri-matique.com\/client\/aprfae5\/wp-content\/uploads\/2023\/10\/BANNIERE_SPEP_1920x1155_2023_VF-1024x616.jpg\" alt=\"\" width=\"960\" height=\"578\" srcset=\"https:\/\/www.capri-matique.com\/client\/aprfae5\/wp-content\/uploads\/2023\/10\/BANNIERE_SPEP_1920x1155_2023_VF-1024x616.jpg 1024w, https:\/\/www.capri-matique.com\/client\/aprfae5\/wp-content\/uploads\/2023\/10\/BANNIERE_SPEP_1920x1155_2023_VF-300x180.jpg 300w, https:\/\/www.capri-matique.com\/client\/aprfae5\/wp-content\/uploads\/2023\/10\/BANNIERE_SPEP_1920x1155_2023_VF-1536x924.jpg 1536w, https:\/\/www.capri-matique.com\/client\/aprfae5\/wp-content\/uploads\/2023\/10\/BANNIERE_SPEP_1920x1155_2023_VF.jpg 1920w\" sizes=\"(max-width: 960px) 100vw, 960px\" \/><\/h2>\n<p><span style=\"font-family: verdana, geneva, sans-serif; font-size: 10pt;\">Comme c\u2019est le cas depuis maintenant 11 ans, la FAE organise la <span style=\"color: #7268b0;\"><em>Semaine Pour l\u2019\u00c9cole Publique<\/em><\/span> du 2 au 8 octobre 2023. Au cours de cette semaine, nous pourrons \u00e9galement souligner la <span style=\"color: #7268b0;\">Journ\u00e9e mondiale des enseignantes et des\u00a0enseignants<\/span> le 5 octobre.<\/span><\/p>\n<p><span style=\"font-family: verdana, geneva, sans-serif; font-size: 10pt;\">Son porte-parole, Simon Boulerice, est d\u00e9j\u00e0 pr\u00e9sent dans les \u00e9coles. Plusieurs activit\u00e9s sont pr\u00e9vues au programme pour chacun des ordres d\u2019enseignement.<\/span><\/p>\n<p><span style=\"font-family: verdana, geneva, sans-serif; font-size: 10pt;\">Cette ann\u00e9e, en primeur, les enseignantes et enseignants retrait\u00e9s sont invit\u00e9s \u00e0 y participer en r\u00e9digeant un r\u00e9cit titr\u00e9 <em>Mon plus beau souvenir en classe. <\/em>Les membres de l\u2019APRFAE qui souhaitent y participer doivent s\u2019inscrire \u00e0 l\u2019adresse suivante et communiquer leur texte via <a href=\"https:\/\/www.lafae.qc.ca\/concours-aprfae-spep2023\">https:\/\/www.lafae.qc.ca\/concours-aprfae-spep2023<\/a>.<\/span><\/p>\n<p><span style=\"font-family: verdana, geneva, sans-serif; font-size: 10pt;\">Aucune contrainte impos\u00e9e, on laisse place \u00e0 votre cr\u00e9ativit\u00e9.<\/span><\/p>\n<p><span style=\"font-family: verdana, geneva, sans-serif; font-size: 10pt;\">Prix : un livre de Simon Boulerice, d\u00e9dicac\u00e9.<\/span><\/p>\n","protected":false},"excerpt":{"rendered":"<p>L\u2019APRFAE est heureuse de participer \u00e0 la semaine pour l&#8217;\u00e9cole publique! Comme c\u2019est le cas depuis maintenant 11 ans, la FAE organise la Semaine Pour l\u2019\u00c9cole Publique du 2 au 8 octobre 2023. Au cours de cette semaine, nous pourrons \u00e9galement souligner la Journ\u00e9e mondiale des enseignantes et des\u00a0enseignants le 5 octobre. Son porte-parole, Simon &hellip;<\/p>\n","protected":false},"author":2,"featured_media":0,"comment_status":"closed","ping_status":"open","sticky":false,"template":"","format":"standard","meta":{"footnotes":""},"categories":[1],"tags":[],"class_list":["post-8596","post","type-post","status-publish","format-standard","hentry","category-uncategorized"],"yoast_head":"<!-- This site is optimized with the Yoast SEO plugin v17.3 - https:\/\/yoast.com\/wordpress\/plugins\/seo\/ -->\n<title>Semaine pour l&#039;\u00e9cole publique - Association de personnes retrait\u00e9es de la FAE<\/title>\n<meta name=\"robots\" content=\"noindex, follow, max-snippet:-1, max-image-preview:large, max-video-preview:-1\" \/>\n<meta property=\"og:locale\" content=\"fr_FR\" \/>\n<meta property=\"og:type\" content=\"article\" \/>\n<meta property=\"og:title\" content=\"Semaine pour l&#039;\u00e9cole publique - Association de personnes retrait\u00e9es de la FAE\" \/>\n<meta property=\"og:description\" content=\"L\u2019APRFAE est heureuse de participer \u00e0 la semaine pour l&#8217;\u00e9cole publique! Comme c\u2019est le cas depuis maintenant 11 ans, la FAE organise la Semaine Pour l\u2019\u00c9cole Publique du 2 au 8 octobre 2023. Au cours de cette semaine, nous pourrons \u00e9galement souligner la Journ\u00e9e mondiale des enseignantes et des\u00a0enseignants le 5 octobre. Son porte-parole, Simon &hellip;\" \/>\n<meta property=\"og:url\" content=\"https:\/\/www.capri-matique.com\/client\/aprfae5\/semaine-pour-lecole-publique\/\" \/>\n<meta property=\"og:site_name\" content=\"Association de personnes retrait\u00e9es de la FAE\" \/>\n<meta property=\"article:published_time\" content=\"2023-10-02T15:26:44+00:00\" \/>\n<meta property=\"article:modified_time\" content=\"2023-10-02T15:45:52+00:00\" \/>\n<meta property=\"og:image\" content=\"https:\/\/capri-matique.com\/client\/aprfae5\/wp-content\/uploads\/2023\/10\/BANNIERE_SPEP_1920x1155_2023_VF-1024x616.jpg\" \/>\n<meta name=\"twitter:card\" content=\"summary\" \/>\n<meta name=\"twitter:label1\" content=\"\u00c9crit par\" \/>\n\t<meta name=\"twitter:data1\" content=\"Chantal Couture\" \/>\n\t<meta name=\"twitter:label2\" content=\"Dur\u00e9e de lecture estim\u00e9e\" \/>\n\t<meta name=\"twitter:data2\" content=\"1 minute\" \/>\n<script type=\"application\/ld+json\" class=\"yoast-schema-graph\">{\"@context\":\"https:\/\/schema.org\",\"@graph\":[{\"@type\":\"WebSite\",\"@id\":\"https:\/\/www.capri-matique.com\/client\/aprfae5\/#website\",\"url\":\"https:\/\/www.capri-matique.com\/client\/aprfae5\/\",\"name\":\"Association de personnes retrait\\u00e9es de la FAE\",\"description\":\"L&#039;association qui nous unit\",\"potentialAction\":[{\"@type\":\"SearchAction\",\"target\":{\"@type\":\"EntryPoint\",\"urlTemplate\":\"https:\/\/www.capri-matique.com\/client\/aprfae5\/?s={search_term_string}\"},\"query-input\":\"required name=search_term_string\"}],\"inLanguage\":\"fr-FR\"},{\"@type\":\"ImageObject\",\"@id\":\"https:\/\/www.capri-matique.com\/client\/aprfae5\/semaine-pour-lecole-publique\/#primaryimage\",\"inLanguage\":\"fr-FR\",\"url\":\"https:\/\/capri-matique.com\/client\/aprfae5\/wp-content\/uploads\/2023\/10\/BANNIERE_SPEP_1920x1155_2023_VF-1024x616.jpg\",\"contentUrl\":\"https:\/\/capri-matique.com\/client\/aprfae5\/wp-content\/uploads\/2023\/10\/BANNIERE_SPEP_1920x1155_2023_VF-1024x616.jpg\"},{\"@type\":\"WebPage\",\"@id\":\"https:\/\/www.capri-matique.com\/client\/aprfae5\/semaine-pour-lecole-publique\/#webpage\",\"url\":\"https:\/\/www.capri-matique.com\/client\/aprfae5\/semaine-pour-lecole-publique\/\",\"name\":\"Semaine pour l'\\u00e9cole publique - Association de personnes retrait\\u00e9es de la FAE\",\"isPartOf\":{\"@id\":\"https:\/\/www.capri-matique.com\/client\/aprfae5\/#website\"},\"primaryImageOfPage\":{\"@id\":\"https:\/\/www.capri-matique.com\/client\/aprfae5\/semaine-pour-lecole-publique\/#primaryimage\"},\"datePublished\":\"2023-10-02T15:26:44+00:00\",\"dateModified\":\"2023-10-02T15:45:52+00:00\",\"author\":{\"@id\":\"https:\/\/www.capri-matique.com\/client\/aprfae5\/#\/schema\/person\/d49ddfd2ee6ceb42ef2fbcdda1753954\"},\"breadcrumb\":{\"@id\":\"https:\/\/www.capri-matique.com\/client\/aprfae5\/semaine-pour-lecole-publique\/#breadcrumb\"},\"inLanguage\":\"fr-FR\",\"potentialAction\":[{\"@type\":\"ReadAction\",\"target\":[\"https:\/\/www.capri-matique.com\/client\/aprfae5\/semaine-pour-lecole-publique\/\"]}]},{\"@type\":\"BreadcrumbList\",\"@id\":\"https:\/\/www.capri-matique.com\/client\/aprfae5\/semaine-pour-lecole-publique\/#breadcrumb\",\"itemListElement\":[{\"@type\":\"ListItem\",\"position\":1,\"name\":\"Accueil\",\"item\":\"https:\/\/www.capri-matique.com\/client\/aprfae5\/\"},{\"@type\":\"ListItem\",\"position\":2,\"name\":\"Semaine pour l&#8217;\\u00e9cole publique\"}]},{\"@type\":\"Person\",\"@id\":\"https:\/\/www.capri-matique.com\/client\/aprfae5\/#\/schema\/person\/d49ddfd2ee6ceb42ef2fbcdda1753954\",\"name\":\"Chantal Couture\",\"url\":\"https:\/\/www.capri-matique.com\/client\/aprfae5\/author\/chantal-couture\/\"}]}<\/script>\n<!-- \/ Yoast SEO plugin. -->","yoast_head_json":{"title":"Semaine pour l'\u00e9cole publique - Association de personnes retrait\u00e9es de la FAE","robots":{"index":"noindex","follow":"follow","max-snippet":"max-snippet:-1","max-image-preview":"max-image-preview:large","max-video-preview":"max-video-preview:-1"},"og_locale":"fr_FR","og_type":"article","og_title":"Semaine pour l'\u00e9cole publique - Association de personnes retrait\u00e9es de la FAE","og_description":"L\u2019APRFAE est heureuse de participer \u00e0 la semaine pour l&#8217;\u00e9cole publique! Comme c\u2019est le cas depuis maintenant 11 ans, la FAE organise la Semaine Pour l\u2019\u00c9cole Publique du 2 au 8 octobre 2023. Au cours de cette semaine, nous pourrons \u00e9galement souligner la Journ\u00e9e mondiale des enseignantes et des\u00a0enseignants le 5 octobre. Son porte-parole, Simon &hellip;","og_url":"https:\/\/www.capri-matique.com\/client\/aprfae5\/semaine-pour-lecole-publique\/","og_site_name":"Association de personnes retrait\u00e9es de la FAE","article_published_time":"2023-10-02T15:26:44+00:00","article_modified_time":"2023-10-02T15:45:52+00:00","og_image":[{"url":"https:\/\/capri-matique.com\/client\/aprfae5\/wp-content\/uploads\/2023\/10\/BANNIERE_SPEP_1920x1155_2023_VF-1024x616.jpg"}],"twitter_card":"summary","twitter_misc":{"\u00c9crit par":"Chantal Couture","Dur\u00e9e de lecture estim\u00e9e":"1 minute"},"schema":{"@context":"https:\/\/schema.org","@graph":[{"@type":"WebSite","@id":"https:\/\/www.capri-matique.com\/client\/aprfae5\/#website","url":"https:\/\/www.capri-matique.com\/client\/aprfae5\/","name":"Association de personnes retrait\u00e9es de la FAE","description":"L&#039;association qui nous unit","potentialAction":[{"@type":"SearchAction","target":{"@type":"EntryPoint","urlTemplate":"https:\/\/www.capri-matique.com\/client\/aprfae5\/?s={search_term_string}"},"query-input":"required name=search_term_string"}],"inLanguage":"fr-FR"},{"@type":"ImageObject","@id":"https:\/\/www.capri-matique.com\/client\/aprfae5\/semaine-pour-lecole-publique\/#primaryimage","inLanguage":"fr-FR","url":"https:\/\/capri-matique.com\/client\/aprfae5\/wp-content\/uploads\/2023\/10\/BANNIERE_SPEP_1920x1155_2023_VF-1024x616.jpg","contentUrl":"https:\/\/capri-matique.com\/client\/aprfae5\/wp-content\/uploads\/2023\/10\/BANNIERE_SPEP_1920x1155_2023_VF-1024x616.jpg"},{"@type":"WebPage","@id":"https:\/\/www.capri-matique.com\/client\/aprfae5\/semaine-pour-lecole-publique\/#webpage","url":"https:\/\/www.capri-matique.com\/client\/aprfae5\/semaine-pour-lecole-publique\/","name":"Semaine pour l'\u00e9cole publique - Association de personnes retrait\u00e9es de la FAE","isPartOf":{"@id":"https:\/\/www.capri-matique.com\/client\/aprfae5\/#website"},"primaryImageOfPage":{"@id":"https:\/\/www.capri-matique.com\/client\/aprfae5\/semaine-pour-lecole-publique\/#primaryimage"},"datePublished":"2023-10-02T15:26:44+00:00","dateModified":"2023-10-02T15:45:52+00:00","author":{"@id":"https:\/\/www.capri-matique.com\/client\/aprfae5\/#\/schema\/person\/d49ddfd2ee6ceb42ef2fbcdda1753954"},"breadcrumb":{"@id":"https:\/\/www.capri-matique.com\/client\/aprfae5\/semaine-pour-lecole-publique\/#breadcrumb"},"inLanguage":"fr-FR","potentialAction":[{"@type":"ReadAction","target":["https:\/\/www.capri-matique.com\/client\/aprfae5\/semaine-pour-lecole-publique\/"]}]},{"@type":"BreadcrumbList","@id":"https:\/\/www.capri-matique.com\/client\/aprfae5\/semaine-pour-lecole-publique\/#breadcrumb","itemListElement":[{"@type":"ListItem","position":1,"name":"Accueil","item":"https:\/\/www.capri-matique.com\/client\/aprfae5\/"},{"@type":"ListItem","position":2,"name":"Semaine pour l&#8217;\u00e9cole publique"}]},{"@type":"Person","@id":"https:\/\/www.capri-matique.com\/client\/aprfae5\/#\/schema\/person\/d49ddfd2ee6ceb42ef2fbcdda1753954","name":"Chantal Couture","url":"https:\/\/www.capri-matique.com\/client\/aprfae5\/author\/chantal-couture\/"}]}},"_links":{"self":[{"href":"https:\/\/www.capri-matique.com\/client\/aprfae5\/wp-json\/wp\/v2\/posts\/8596","targetHints":{"allow":["GET"]}}],"collection":[{"href":"https:\/\/www.capri-matique.com\/client\/aprfae5\/wp-json\/wp\/v2\/posts"}],"about":[{"href":"https:\/\/www.capri-matique.com\/client\/aprfae5\/wp-json\/wp\/v2\/types\/post"}],"author":[{"embeddable":true,"href":"https:\/\/www.capri-matique.com\/client\/aprfae5\/wp-json\/wp\/v2\/users\/2"}],"replies":[{"embeddable":true,"href":"https:\/\/www.capri-matique.com\/client\/aprfae5\/wp-json\/wp\/v2\/comments?post=8596"}],"version-history":[{"count":5,"href":"https:\/\/www.capri-matique.com\/client\/aprfae5\/wp-json\/wp\/v2\/posts\/8596\/revisions"}],"predecessor-version":[{"id":8607,"href":"https:\/\/www.capri-matique.com\/client\/aprfae5\/wp-json\/wp\/v2\/posts\/8596\/revisions\/8607"}],"wp:attachment":[{"href":"https:\/\/www.capri-matique.com\/client\/aprfae5\/wp-json\/wp\/v2\/media?parent=8596"}],"wp:term":[{"taxonomy":"category","embeddable":true,"href":"https:\/\/www.capri-matique.com\/client\/aprfae5\/wp-json\/wp\/v2\/categories?post=8596"},{"taxonomy":"post_tag","embeddable":true,"href":"https:\/\/www.capri-matique.com\/client\/aprfae5\/wp-json\/wp\/v2\/tags?post=8596"}],"curies":[{"name":"wp","href":"https:\/\/api.w.org\/{rel}","templated":true}]}}