{"id":8518,"date":"2023-07-12T20:36:55","date_gmt":"2023-07-13T00:36:55","guid":{"rendered":"https:\/\/capri-matique.com\/client\/aprfae5\/?p=8518"},"modified":"2023-07-12T20:37:48","modified_gmt":"2023-07-13T00:37:48","slug":"spep-concours-souvenirs-de-classe","status":"publish","type":"post","link":"https:\/\/www.capri-matique.com\/client\/aprfae5\/spep-concours-souvenirs-de-classe\/","title":{"rendered":"SPEP &#8211; Concours souvenirs de classe"},"content":{"rendered":"<div class=\"xdj266r x11i5rnm xat24cr x1mh8g0r x1vvkbs x126k92a\">\n<div dir=\"auto\"><\/div>\n<div dir=\"auto\"><\/div>\n<p><img fetchpriority=\"high\" decoding=\"async\" class=\"aligncenter wp-image-8513 size-full\" src=\"https:\/\/capri-matique.com\/client\/aprfae5\/wp-content\/uploads\/2023\/07\/Simon-Boulerice.jpg\" alt=\"\" width=\"526\" height=\"523\" srcset=\"https:\/\/www.capri-matique.com\/client\/aprfae5\/wp-content\/uploads\/2023\/07\/Simon-Boulerice.jpg 526w, https:\/\/www.capri-matique.com\/client\/aprfae5\/wp-content\/uploads\/2023\/07\/Simon-Boulerice-300x298.jpg 300w, https:\/\/www.capri-matique.com\/client\/aprfae5\/wp-content\/uploads\/2023\/07\/Simon-Boulerice-150x150.jpg 150w\" sizes=\"(max-width: 526px) 100vw, 526px\" \/><\/p>\n<\/div>\n<div><\/div>\n<div><\/div>\n<div><span style=\"font-size: 1.5rem;\">Vous aimez <\/span><a class=\"x1i10hfl xjbqb8w x6umtig x1b1mbwd xaqea5y xav7gou x9f619 x1ypdohk xt0psk2 xe8uvvx xdj266r x11i5rnm xat24cr x1mh8g0r xexx8yu x4uap5 x18d9i69 xkhd6sd x16tdsg8 x1hl2dhg xggy1nq x1a2a7pz xt0b8zv x1qq9wsj xo1l8bm\" style=\"font-size: 1.5rem;\" tabindex=\"0\" role=\"link\" href=\"https:\/\/www.facebook.com\/SimonBoulericepublic?__cft__[0]=AZVyFk6Jk0l4HcbyqlvRPK3MZHD52mjBgh9XX7AFjWzYK8MiPOTDsGp2yy-_GhAKuqFQrWko9TpzIe9WbjRkmKGtHlP5afz4Gkx_5GTroG2VMlpue8vS2Kylu4aeYhrCDshmhG2D8Mklb6dXySeSIhV4yYXQOExOMeOo_VsvZ8bLHCJrZjWOY1GgNCUS9nDxbTCLF9kF9oFrD5r5uDgfW8QO&amp;__tn__=-]K-y-R\"><span class=\"xt0psk2\">Simon Boulerice<\/span><\/a><span style=\"font-size: 1.5rem;\"> et souhaitez gagner une \u0153uvre litt\u00e9raire d\u00e9dicac\u00e9e? Membres de l\u2019APRFAE<\/span><span style=\"font-size: 1.5rem;\">\u00a0la Semaine pour l\u2019\u00e9cole publique a \u00e9galement un concours pour vous!<\/span><\/div>\n<div dir=\"auto\">\n<div class=\"xdj266r x11i5rnm xat24cr x1mh8g0r x1vvkbs x126k92a\">\n<div dir=\"auto\">Au cours de votre carri\u00e8re, vous avez v\u00e9cu de magnifiques moments en classe. Nous vous invitons \u00e0 prendre l\u2019\u00e9t\u00e9 pour r\u00e9diger votre plus beau souvenir de classe.<\/div>\n<\/div>\n<div class=\"x11i5rnm xat24cr x1mh8g0r x1vvkbs xtlvy1s x126k92a\">\n<div dir=\"auto\">Que vous souhaitiez \u00e9crire un feuillet ou encore plusieurs pages, nous voulons vous lire!<\/div>\n<\/div>\n<div class=\"x11i5rnm xat24cr x1mh8g0r x1vvkbs xtlvy1s x126k92a\">\n<div dir=\"auto\">Les inscriptions pour ce concours organis\u00e9 dans le cadre de la\u00a0<a class=\"x1i10hfl xjbqb8w x6umtig x1b1mbwd xaqea5y xav7gou x9f619 x1ypdohk xt0psk2 xe8uvvx xdj266r x11i5rnm xat24cr x1mh8g0r xexx8yu x4uap5 x18d9i69 xkhd6sd x16tdsg8 x1hl2dhg xggy1nq x1a2a7pz xt0b8zv x1qq9wsj xo1l8bm\" tabindex=\"0\" role=\"link\" href=\"https:\/\/www.facebook.com\/hashtag\/spep2023?__eep__=6&amp;__cft__[0]=AZVyFk6Jk0l4HcbyqlvRPK3MZHD52mjBgh9XX7AFjWzYK8MiPOTDsGp2yy-_GhAKuqFQrWko9TpzIe9WbjRkmKGtHlP5afz4Gkx_5GTroG2VMlpue8vS2Kylu4aeYhrCDshmhG2D8Mklb6dXySeSIhV4yYXQOExOMeOo_VsvZ8bLHCJrZjWOY1GgNCUS9nDxbTCLF9kF9oFrD5r5uDgfW8QO&amp;__tn__=*NK-y-R\">#SPEP2023<\/a>\u00a0d\u00e9buteront en ao\u00fbt et vous serez inform\u00e9s des d\u00e9tails par l\u2019entremise des plateformes habituelles.<\/div>\n<\/div>\n<div dir=\"auto\"><\/div>\n<\/div>\n<div dir=\"auto\"><\/div>\n","protected":false},"excerpt":{"rendered":"<p>Vous aimez Simon Boulerice et souhaitez gagner une \u0153uvre litt\u00e9raire d\u00e9dicac\u00e9e? Membres de l\u2019APRFAE\u00a0la Semaine pour l\u2019\u00e9cole publique a \u00e9galement un concours pour vous! Au cours de votre carri\u00e8re, vous avez v\u00e9cu de magnifiques moments en classe. Nous vous invitons \u00e0 prendre l\u2019\u00e9t\u00e9 pour r\u00e9diger votre plus beau souvenir de classe. Que vous souhaitiez \u00e9crire &hellip;<\/p>\n","protected":false},"author":2,"featured_media":0,"comment_status":"closed","ping_status":"open","sticky":false,"template":"","format":"standard","meta":{"footnotes":""},"categories":[21],"tags":[],"class_list":["post-8518","post","type-post","status-publish","format-standard","hentry","category-evenements"],"yoast_head":"<!-- This site is optimized with the Yoast SEO plugin v17.3 - https:\/\/yoast.com\/wordpress\/plugins\/seo\/ -->\n<title>SPEP - Concours souvenirs de classe - Association de personnes retrait\u00e9es de la FAE<\/title>\n<meta name=\"robots\" content=\"noindex, follow, max-snippet:-1, max-image-preview:large, max-video-preview:-1\" \/>\n<meta property=\"og:locale\" content=\"fr_FR\" \/>\n<meta property=\"og:type\" content=\"article\" \/>\n<meta property=\"og:title\" content=\"SPEP - Concours souvenirs de classe - Association de personnes retrait\u00e9es de la FAE\" \/>\n<meta property=\"og:description\" content=\"Vous aimez Simon Boulerice et souhaitez gagner une \u0153uvre litt\u00e9raire d\u00e9dicac\u00e9e? Membres de l\u2019APRFAE\u00a0la Semaine pour l\u2019\u00e9cole publique a \u00e9galement un concours pour vous! Au cours de votre carri\u00e8re, vous avez v\u00e9cu de magnifiques moments en classe. Nous vous invitons \u00e0 prendre l\u2019\u00e9t\u00e9 pour r\u00e9diger votre plus beau souvenir de classe. Que vous souhaitiez \u00e9crire &hellip;\" \/>\n<meta property=\"og:url\" content=\"https:\/\/www.capri-matique.com\/client\/aprfae5\/spep-concours-souvenirs-de-classe\/\" \/>\n<meta property=\"og:site_name\" content=\"Association de personnes retrait\u00e9es de la FAE\" \/>\n<meta property=\"article:published_time\" content=\"2023-07-13T00:36:55+00:00\" \/>\n<meta property=\"article:modified_time\" content=\"2023-07-13T00:37:48+00:00\" \/>\n<meta property=\"og:image\" content=\"https:\/\/capri-matique.com\/client\/aprfae5\/wp-content\/uploads\/2023\/07\/Simon-Boulerice.jpg\" \/>\n<meta name=\"twitter:card\" content=\"summary\" \/>\n<meta name=\"twitter:label1\" content=\"\u00c9crit par\" \/>\n\t<meta name=\"twitter:data1\" content=\"Chantal Couture\" \/>\n\t<meta name=\"twitter:label2\" content=\"Dur\u00e9e de lecture estim\u00e9e\" \/>\n\t<meta name=\"twitter:data2\" content=\"1 minute\" \/>\n<script type=\"application\/ld+json\" class=\"yoast-schema-graph\">{\"@context\":\"https:\/\/schema.org\",\"@graph\":[{\"@type\":\"WebSite\",\"@id\":\"https:\/\/www.capri-matique.com\/client\/aprfae5\/#website\",\"url\":\"https:\/\/www.capri-matique.com\/client\/aprfae5\/\",\"name\":\"Association de personnes retrait\\u00e9es de la FAE\",\"description\":\"L&#039;association qui nous unit\",\"potentialAction\":[{\"@type\":\"SearchAction\",\"target\":{\"@type\":\"EntryPoint\",\"urlTemplate\":\"https:\/\/www.capri-matique.com\/client\/aprfae5\/?s={search_term_string}\"},\"query-input\":\"required name=search_term_string\"}],\"inLanguage\":\"fr-FR\"},{\"@type\":\"ImageObject\",\"@id\":\"https:\/\/www.capri-matique.com\/client\/aprfae5\/spep-concours-souvenirs-de-classe\/#primaryimage\",\"inLanguage\":\"fr-FR\",\"url\":\"https:\/\/capri-matique.com\/client\/aprfae5\/wp-content\/uploads\/2023\/07\/Simon-Boulerice.jpg\",\"contentUrl\":\"https:\/\/capri-matique.com\/client\/aprfae5\/wp-content\/uploads\/2023\/07\/Simon-Boulerice.jpg\"},{\"@type\":\"WebPage\",\"@id\":\"https:\/\/www.capri-matique.com\/client\/aprfae5\/spep-concours-souvenirs-de-classe\/#webpage\",\"url\":\"https:\/\/www.capri-matique.com\/client\/aprfae5\/spep-concours-souvenirs-de-classe\/\",\"name\":\"SPEP - Concours souvenirs de classe - Association de personnes retrait\\u00e9es de la FAE\",\"isPartOf\":{\"@id\":\"https:\/\/www.capri-matique.com\/client\/aprfae5\/#website\"},\"primaryImageOfPage\":{\"@id\":\"https:\/\/www.capri-matique.com\/client\/aprfae5\/spep-concours-souvenirs-de-classe\/#primaryimage\"},\"datePublished\":\"2023-07-13T00:36:55+00:00\",\"dateModified\":\"2023-07-13T00:37:48+00:00\",\"author\":{\"@id\":\"https:\/\/www.capri-matique.com\/client\/aprfae5\/#\/schema\/person\/d49ddfd2ee6ceb42ef2fbcdda1753954\"},\"breadcrumb\":{\"@id\":\"https:\/\/www.capri-matique.com\/client\/aprfae5\/spep-concours-souvenirs-de-classe\/#breadcrumb\"},\"inLanguage\":\"fr-FR\",\"potentialAction\":[{\"@type\":\"ReadAction\",\"target\":[\"https:\/\/www.capri-matique.com\/client\/aprfae5\/spep-concours-souvenirs-de-classe\/\"]}]},{\"@type\":\"BreadcrumbList\",\"@id\":\"https:\/\/www.capri-matique.com\/client\/aprfae5\/spep-concours-souvenirs-de-classe\/#breadcrumb\",\"itemListElement\":[{\"@type\":\"ListItem\",\"position\":1,\"name\":\"Accueil\",\"item\":\"https:\/\/www.capri-matique.com\/client\/aprfae5\/\"},{\"@type\":\"ListItem\",\"position\":2,\"name\":\"SPEP &#8211; Concours souvenirs de classe\"}]},{\"@type\":\"Person\",\"@id\":\"https:\/\/www.capri-matique.com\/client\/aprfae5\/#\/schema\/person\/d49ddfd2ee6ceb42ef2fbcdda1753954\",\"name\":\"Chantal Couture\",\"url\":\"https:\/\/www.capri-matique.com\/client\/aprfae5\/author\/chantal-couture\/\"}]}<\/script>\n<!-- \/ Yoast SEO plugin. -->","yoast_head_json":{"title":"SPEP - Concours souvenirs de classe - Association de personnes retrait\u00e9es de la FAE","robots":{"index":"noindex","follow":"follow","max-snippet":"max-snippet:-1","max-image-preview":"max-image-preview:large","max-video-preview":"max-video-preview:-1"},"og_locale":"fr_FR","og_type":"article","og_title":"SPEP - Concours souvenirs de classe - Association de personnes retrait\u00e9es de la FAE","og_description":"Vous aimez Simon Boulerice et souhaitez gagner une \u0153uvre litt\u00e9raire d\u00e9dicac\u00e9e? Membres de l\u2019APRFAE\u00a0la Semaine pour l\u2019\u00e9cole publique a \u00e9galement un concours pour vous! Au cours de votre carri\u00e8re, vous avez v\u00e9cu de magnifiques moments en classe. Nous vous invitons \u00e0 prendre l\u2019\u00e9t\u00e9 pour r\u00e9diger votre plus beau souvenir de classe. Que vous souhaitiez \u00e9crire &hellip;","og_url":"https:\/\/www.capri-matique.com\/client\/aprfae5\/spep-concours-souvenirs-de-classe\/","og_site_name":"Association de personnes retrait\u00e9es de la FAE","article_published_time":"2023-07-13T00:36:55+00:00","article_modified_time":"2023-07-13T00:37:48+00:00","og_image":[{"url":"https:\/\/capri-matique.com\/client\/aprfae5\/wp-content\/uploads\/2023\/07\/Simon-Boulerice.jpg"}],"twitter_card":"summary","twitter_misc":{"\u00c9crit par":"Chantal Couture","Dur\u00e9e de lecture estim\u00e9e":"1 minute"},"schema":{"@context":"https:\/\/schema.org","@graph":[{"@type":"WebSite","@id":"https:\/\/www.capri-matique.com\/client\/aprfae5\/#website","url":"https:\/\/www.capri-matique.com\/client\/aprfae5\/","name":"Association de personnes retrait\u00e9es de la FAE","description":"L&#039;association qui nous unit","potentialAction":[{"@type":"SearchAction","target":{"@type":"EntryPoint","urlTemplate":"https:\/\/www.capri-matique.com\/client\/aprfae5\/?s={search_term_string}"},"query-input":"required name=search_term_string"}],"inLanguage":"fr-FR"},{"@type":"ImageObject","@id":"https:\/\/www.capri-matique.com\/client\/aprfae5\/spep-concours-souvenirs-de-classe\/#primaryimage","inLanguage":"fr-FR","url":"https:\/\/capri-matique.com\/client\/aprfae5\/wp-content\/uploads\/2023\/07\/Simon-Boulerice.jpg","contentUrl":"https:\/\/capri-matique.com\/client\/aprfae5\/wp-content\/uploads\/2023\/07\/Simon-Boulerice.jpg"},{"@type":"WebPage","@id":"https:\/\/www.capri-matique.com\/client\/aprfae5\/spep-concours-souvenirs-de-classe\/#webpage","url":"https:\/\/www.capri-matique.com\/client\/aprfae5\/spep-concours-souvenirs-de-classe\/","name":"SPEP - Concours souvenirs de classe - Association de personnes retrait\u00e9es de la FAE","isPartOf":{"@id":"https:\/\/www.capri-matique.com\/client\/aprfae5\/#website"},"primaryImageOfPage":{"@id":"https:\/\/www.capri-matique.com\/client\/aprfae5\/spep-concours-souvenirs-de-classe\/#primaryimage"},"datePublished":"2023-07-13T00:36:55+00:00","dateModified":"2023-07-13T00:37:48+00:00","author":{"@id":"https:\/\/www.capri-matique.com\/client\/aprfae5\/#\/schema\/person\/d49ddfd2ee6ceb42ef2fbcdda1753954"},"breadcrumb":{"@id":"https:\/\/www.capri-matique.com\/client\/aprfae5\/spep-concours-souvenirs-de-classe\/#breadcrumb"},"inLanguage":"fr-FR","potentialAction":[{"@type":"ReadAction","target":["https:\/\/www.capri-matique.com\/client\/aprfae5\/spep-concours-souvenirs-de-classe\/"]}]},{"@type":"BreadcrumbList","@id":"https:\/\/www.capri-matique.com\/client\/aprfae5\/spep-concours-souvenirs-de-classe\/#breadcrumb","itemListElement":[{"@type":"ListItem","position":1,"name":"Accueil","item":"https:\/\/www.capri-matique.com\/client\/aprfae5\/"},{"@type":"ListItem","position":2,"name":"SPEP &#8211; Concours souvenirs de classe"}]},{"@type":"Person","@id":"https:\/\/www.capri-matique.com\/client\/aprfae5\/#\/schema\/person\/d49ddfd2ee6ceb42ef2fbcdda1753954","name":"Chantal Couture","url":"https:\/\/www.capri-matique.com\/client\/aprfae5\/author\/chantal-couture\/"}]}},"_links":{"self":[{"href":"https:\/\/www.capri-matique.com\/client\/aprfae5\/wp-json\/wp\/v2\/posts\/8518","targetHints":{"allow":["GET"]}}],"collection":[{"href":"https:\/\/www.capri-matique.com\/client\/aprfae5\/wp-json\/wp\/v2\/posts"}],"about":[{"href":"https:\/\/www.capri-matique.com\/client\/aprfae5\/wp-json\/wp\/v2\/types\/post"}],"author":[{"embeddable":true,"href":"https:\/\/www.capri-matique.com\/client\/aprfae5\/wp-json\/wp\/v2\/users\/2"}],"replies":[{"embeddable":true,"href":"https:\/\/www.capri-matique.com\/client\/aprfae5\/wp-json\/wp\/v2\/comments?post=8518"}],"version-history":[{"count":2,"href":"https:\/\/www.capri-matique.com\/client\/aprfae5\/wp-json\/wp\/v2\/posts\/8518\/revisions"}],"predecessor-version":[{"id":8520,"href":"https:\/\/www.capri-matique.com\/client\/aprfae5\/wp-json\/wp\/v2\/posts\/8518\/revisions\/8520"}],"wp:attachment":[{"href":"https:\/\/www.capri-matique.com\/client\/aprfae5\/wp-json\/wp\/v2\/media?parent=8518"}],"wp:term":[{"taxonomy":"category","embeddable":true,"href":"https:\/\/www.capri-matique.com\/client\/aprfae5\/wp-json\/wp\/v2\/categories?post=8518"},{"taxonomy":"post_tag","embeddable":true,"href":"https:\/\/www.capri-matique.com\/client\/aprfae5\/wp-json\/wp\/v2\/tags?post=8518"}],"curies":[{"name":"wp","href":"https:\/\/api.w.org\/{rel}","templated":true}]}}