{"id":8399,"date":"2023-05-01T11:36:42","date_gmt":"2023-05-01T15:36:42","guid":{"rendered":"https:\/\/capri-matique.com\/client\/aprfae5\/?p=8399"},"modified":"2023-05-01T11:36:42","modified_gmt":"2023-05-01T15:36:42","slug":"restaurant-crescendo","status":"publish","type":"post","link":"https:\/\/www.capri-matique.com\/client\/aprfae5\/restaurant-crescendo\/","title":{"rendered":"Restaurant Crescendo"},"content":{"rendered":"<p class=\"paragraph\" style=\"margin: 0cm; margin-bottom: .0001pt; text-align: center; vertical-align: baseline;\" align=\"center\"><span class=\"normaltextrun\"><b><span style=\"font-size: 14.0pt; font-family: 'Calibri',sans-serif;\">INVITATION AUX MEMBRES de l\u2019APRFAE\u00a0&#8211; BLLMV<\/span><\/b><\/span><span class=\"eop\"><b><span style=\"font-size: 14.0pt; font-family: 'Calibri',sans-serif;\">\u00a0<\/span><\/b><\/span><b><\/b><\/p>\n<p class=\"paragraph\" style=\"margin: 0cm; margin-bottom: .0001pt; text-align: justify; vertical-align: baseline;\"><span class=\"eop\"><span style=\"font-family: 'Calibri',sans-serif;\">\u00a0<\/span><\/span><\/p>\n<p class=\"paragraph\" style=\"margin: 0cm; margin-bottom: .0001pt; text-align: justify; vertical-align: baseline;\"><span class=\"normaltextrun\"><span style=\"font-family: 'Calibri',sans-serif;\">Le comit\u00e9 des activit\u00e9s BLLMV vous invite cordialement au diner de juin prochain qui se d\u00e9roulera :<\/span><\/span><span class=\"eop\"><span style=\"font-family: 'Calibri',sans-serif;\">\u00a0<\/span><\/span><\/p>\n<p class=\"paragraph\" style=\"margin: 0cm; margin-bottom: .0001pt; text-align: center; vertical-align: baseline;\" align=\"center\"><span class=\"normaltextrun\"><b><span style=\"font-size: 14.0pt; font-family: 'Calibri',sans-serif;\">Restaurant Crescendo (sur le bord du fleuve Saint-Laurent)<\/span><\/b><\/span><span class=\"eop\"><span style=\"font-size: 14.0pt; font-family: 'Calibri',sans-serif;\">\u00a0<\/span><\/span><\/p>\n<p class=\"paragraph\" style=\"margin: 0cm; margin-bottom: .0001pt; text-align: center; vertical-align: baseline;\" align=\"center\"><span class=\"normaltextrun\"><b><span style=\"font-size: 14.0pt; font-family: 'Calibri',sans-serif;\">5150<\/span><\/b><\/span><span class=\"normaltextrun\"><span style=\"font-size: 14.0pt; font-family: 'Calibri',sans-serif;\"> <b>Bd LaSalle, \u00e0 Verdun<\/b><\/span><\/span><span class=\"eop\"><span style=\"font-size: 14.0pt; font-family: 'Calibri',sans-serif;\">\u00a0<\/span><\/span><\/p>\n<p class=\"paragraph\" style=\"margin: 0cm; margin-bottom: .0001pt; text-align: center; vertical-align: baseline;\" align=\"center\"><span class=\"normaltextrun\"><b><span style=\"font-size: 14.0pt; font-family: 'Calibri',sans-serif;\">Mercredi 7 juin 2023, \u00e0 midi<\/span><\/b><\/span> <span class=\"eop\"><span style=\"font-size: 11.0pt; font-family: 'Calibri',sans-serif;\">\u00a0<\/span><\/span><\/p>\n<p class=\"paragraph\" style=\"margin: 0cm; margin-bottom: .0001pt; text-align: justify; vertical-align: baseline;\"><span class=\"eop\"><span style=\"font-family: 'Calibri',sans-serif;\">\u00a0<\/span><\/span><\/p>\n<p class=\"paragraph\" style=\"margin: 0cm; margin-bottom: .0001pt; text-align: justify; vertical-align: baseline;\"><span class=\"normaltextrun\"><span style=\"font-family: 'Calibri',sans-serif;\">Ce beau site vous offrira la possibilit\u00e9 d\u2019admirer la belle nature entre ville et fleuve sur ses berges face \u00e0 l\u2019\u00eele-des-S\u0153urs.<\/span><\/span><span class=\"eop\"><span style=\"font-family: 'Calibri',sans-serif;\">\u00a0<\/span><\/span><\/p>\n<p class=\"paragraph\" style=\"margin: 0cm; margin-bottom: .0001pt; text-align: justify; vertical-align: baseline;\"><span class=\"normaltextrun\"><span style=\"font-family: 'Calibri',sans-serif;\">Au menu : entr\u00e9e de soupe et salade, choix de trois plats principaux\u202f(saumon sauce au vin, poulet grill\u00e9 ou linguines au pesto) et, pour terminer, dessert et caf\u00e9. Le co\u00fbt de ce repas est de <b>41,60$ taxes et service compris<\/b>, payable par virement \u00e0 l\u2019APRFAE lors de l\u2019inscription. Sur place, vous devrez vous acquittez des frais pour vos boissons suppl\u00e9mentaires (vin, ap\u00e9ro et autres).<\/span><\/span><span class=\"eop\"><span style=\"font-family: 'Calibri',sans-serif;\">\u00a0<\/span><\/span><\/p>\n<p class=\"paragraph\" style=\"margin: 0cm; margin-bottom: .0001pt; text-align: justify; vertical-align: baseline;\"><span class=\"normaltextrun\"><span style=\"font-family: 'Calibri',sans-serif;\">Puisque nous devons garantir au restaurant un nombre pr\u00e9cis de participants (36 personnes), <b>le montant vers\u00e9 \u00e0 l\u2019inscription n\u2019est pas remboursable<\/b>. L\u2019inscription se fera de la fa\u00e7on habituelle par voie \u00e9lectronique et vous recevrez la confirmation d\u00e8s qu\u2019elle sera compl\u00e9t\u00e9e.\u00a0 <\/span><\/span><span class=\"eop\"><span style=\"font-family: 'Calibri',sans-serif;\">\u00a0<\/span><\/span><\/p>\n<p class=\"paragraph\" style=\"margin: 0cm; margin-bottom: .0001pt; text-align: center; vertical-align: baseline;\" align=\"center\"><span class=\"normaltextrun\"><b><span style=\"font-family: 'Calibri',sans-serif;\">La fin des inscriptions sera le 29 mai 2023.<\/span><\/b><\/span><span class=\"eop\"><span style=\"font-family: 'Calibri',sans-serif;\">\u00a0<\/span><\/span><\/p>\n<p class=\"paragraph\" style=\"margin: 0cm; margin-bottom: .0001pt; text-align: justify; vertical-align: baseline;\"><span class=\"normaltextrun\"><span style=\"font-family: 'Calibri',sans-serif;\">Il y a plusieurs espaces de stationnement sur place. Vous pouvez aussi vous rendre en m\u00e9tro : ligne verte station de L\u2019\u00c9glise sortie Wellington puis, 15 minutes de marche vers l\u2019ouest sur la belle rue Wellington.<\/span><\/span><span class=\"eop\"><span style=\"font-family: 'Calibri',sans-serif;\">\u00a0<\/span><\/span><\/p>\n<p class=\"paragraph\" style=\"margin: 0cm; margin-bottom: .0001pt; text-align: justify; vertical-align: baseline;\"><span class=\"normaltextrun\"><span style=\"font-family: 'Calibri',sans-serif;\">Apr\u00e8s ou avant le repas vous pourrez profiter d\u2019une randonn\u00e9e le long du fleuve qui se rend jusqu\u2019aux Rapides de Lachine, retourner sur la rue Wellington pour faire un peu de magasinage ou encore, pour les plus aventureux, enfourcher votre bicyclette et filer quelques kilom\u00e8tres direction Lachine ou\u00a0Vieux-Montr\u00e9al.<\/span><\/span><span class=\"eop\"><span style=\"font-family: 'Calibri',sans-serif;\">\u00a0<\/span><\/span><\/p>\n<p class=\"paragraph\" style=\"margin: 0cm; margin-bottom: .0001pt; text-align: justify; vertical-align: baseline;\"><span class=\"normaltextrun\"><span style=\"font-family: 'Calibri',sans-serif;\">En esp\u00e9rant vous voir nombreuses et nombreux pour cette derni\u00e8re activit\u00e9 BLLMV de l\u2019ann\u00e9e,<\/span><\/span><span class=\"eop\"><span style=\"font-family: 'Calibri',sans-serif;\">\u00a0<\/span><\/span><\/p>\n<p class=\"paragraph\" style=\"margin: 0cm; margin-bottom: .0001pt; text-align: justify; vertical-align: baseline;\"><span class=\"eop\"><span style=\"font-family: 'Calibri',sans-serif;\">\u00a0<\/span><\/span><\/p>\n<p class=\"paragraph\" style=\"margin: 0cm; margin-bottom: .0001pt; text-align: justify; vertical-align: baseline;\"><span class=\"normaltextrun\"><span style=\"font-family: 'Calibri',sans-serif;\">Jean-Pierre Julien\u00a0<\/span><\/span><span class=\"eop\"><span style=\"font-family: 'Calibri',sans-serif;\">\u00a0<\/span><\/span><\/p>\n<p class=\"paragraph\" style=\"margin: 0cm; margin-bottom: .0001pt; text-align: justify; vertical-align: baseline;\"><span class=\"normaltextrun\"><span style=\"font-family: 'Calibri',sans-serif;\">Pour le comit\u00e9 BLLMV<\/span><\/span><span class=\"eop\"><span style=\"font-family: 'Calibri',sans-serif;\">\u00a0<\/span><\/span><\/p>\n<p class=\"paragraph\" style=\"margin: 0cm; margin-bottom: .0001pt; text-align: justify; vertical-align: baseline;\"><span class=\"eop\"><span style=\"font-family: 'Calibri',sans-serif;\">\u00a0<\/span><\/span><\/p>\n","protected":false},"excerpt":{"rendered":"<p>INVITATION AUX MEMBRES de l\u2019APRFAE\u00a0&#8211; BLLMV\u00a0 \u00a0 Le comit\u00e9 des activit\u00e9s BLLMV vous invite cordialement au diner de juin prochain qui se d\u00e9roulera :\u00a0 Restaurant Crescendo (sur le bord du fleuve Saint-Laurent)\u00a0 5150 Bd LaSalle, \u00e0 Verdun\u00a0 Mercredi 7 juin 2023, \u00e0 midi \u00a0 \u00a0 Ce beau site vous offrira la possibilit\u00e9 d\u2019admirer la belle &hellip;<\/p>\n","protected":false},"author":2,"featured_media":0,"comment_status":"closed","ping_status":"open","sticky":false,"template":"","format":"standard","meta":{"footnotes":""},"categories":[16],"tags":[],"class_list":["post-8399","post","type-post","status-publish","format-standard","hentry","category-activites"],"yoast_head":"<!-- This site is optimized with the Yoast SEO plugin v17.3 - https:\/\/yoast.com\/wordpress\/plugins\/seo\/ -->\n<title>Restaurant Crescendo - Association de personnes retrait\u00e9es de la FAE<\/title>\n<meta name=\"robots\" content=\"noindex, follow, max-snippet:-1, max-image-preview:large, max-video-preview:-1\" \/>\n<meta property=\"og:locale\" content=\"fr_FR\" \/>\n<meta property=\"og:type\" content=\"article\" \/>\n<meta property=\"og:title\" content=\"Restaurant Crescendo - Association de personnes retrait\u00e9es de la FAE\" \/>\n<meta property=\"og:description\" content=\"INVITATION AUX MEMBRES de l\u2019APRFAE\u00a0&#8211; BLLMV\u00a0 \u00a0 Le comit\u00e9 des activit\u00e9s BLLMV vous invite cordialement au diner de juin prochain qui se d\u00e9roulera :\u00a0 Restaurant Crescendo (sur le bord du fleuve Saint-Laurent)\u00a0 5150 Bd LaSalle, \u00e0 Verdun\u00a0 Mercredi 7 juin 2023, \u00e0 midi \u00a0 \u00a0 Ce beau site vous offrira la possibilit\u00e9 d\u2019admirer la belle &hellip;\" \/>\n<meta property=\"og:url\" content=\"https:\/\/www.capri-matique.com\/client\/aprfae5\/restaurant-crescendo\/\" \/>\n<meta property=\"og:site_name\" content=\"Association de personnes retrait\u00e9es de la FAE\" \/>\n<meta property=\"article:published_time\" content=\"2023-05-01T15:36:42+00:00\" \/>\n<meta name=\"twitter:card\" content=\"summary\" \/>\n<meta name=\"twitter:label1\" content=\"\u00c9crit par\" \/>\n\t<meta name=\"twitter:data1\" content=\"Chantal Couture\" \/>\n\t<meta name=\"twitter:label2\" content=\"Dur\u00e9e de lecture estim\u00e9e\" \/>\n\t<meta name=\"twitter:data2\" content=\"2 minutes\" \/>\n<script type=\"application\/ld+json\" class=\"yoast-schema-graph\">{\"@context\":\"https:\/\/schema.org\",\"@graph\":[{\"@type\":\"WebSite\",\"@id\":\"https:\/\/www.capri-matique.com\/client\/aprfae5\/#website\",\"url\":\"https:\/\/www.capri-matique.com\/client\/aprfae5\/\",\"name\":\"Association de personnes retrait\\u00e9es de la FAE\",\"description\":\"L&#039;association qui nous unit\",\"potentialAction\":[{\"@type\":\"SearchAction\",\"target\":{\"@type\":\"EntryPoint\",\"urlTemplate\":\"https:\/\/www.capri-matique.com\/client\/aprfae5\/?s={search_term_string}\"},\"query-input\":\"required name=search_term_string\"}],\"inLanguage\":\"fr-FR\"},{\"@type\":\"WebPage\",\"@id\":\"https:\/\/www.capri-matique.com\/client\/aprfae5\/restaurant-crescendo\/#webpage\",\"url\":\"https:\/\/www.capri-matique.com\/client\/aprfae5\/restaurant-crescendo\/\",\"name\":\"Restaurant Crescendo - Association de personnes retrait\\u00e9es de la FAE\",\"isPartOf\":{\"@id\":\"https:\/\/www.capri-matique.com\/client\/aprfae5\/#website\"},\"datePublished\":\"2023-05-01T15:36:42+00:00\",\"dateModified\":\"2023-05-01T15:36:42+00:00\",\"author\":{\"@id\":\"https:\/\/www.capri-matique.com\/client\/aprfae5\/#\/schema\/person\/d49ddfd2ee6ceb42ef2fbcdda1753954\"},\"breadcrumb\":{\"@id\":\"https:\/\/www.capri-matique.com\/client\/aprfae5\/restaurant-crescendo\/#breadcrumb\"},\"inLanguage\":\"fr-FR\",\"potentialAction\":[{\"@type\":\"ReadAction\",\"target\":[\"https:\/\/www.capri-matique.com\/client\/aprfae5\/restaurant-crescendo\/\"]}]},{\"@type\":\"BreadcrumbList\",\"@id\":\"https:\/\/www.capri-matique.com\/client\/aprfae5\/restaurant-crescendo\/#breadcrumb\",\"itemListElement\":[{\"@type\":\"ListItem\",\"position\":1,\"name\":\"Accueil\",\"item\":\"https:\/\/www.capri-matique.com\/client\/aprfae5\/\"},{\"@type\":\"ListItem\",\"position\":2,\"name\":\"Restaurant Crescendo\"}]},{\"@type\":\"Person\",\"@id\":\"https:\/\/www.capri-matique.com\/client\/aprfae5\/#\/schema\/person\/d49ddfd2ee6ceb42ef2fbcdda1753954\",\"name\":\"Chantal Couture\",\"url\":\"https:\/\/www.capri-matique.com\/client\/aprfae5\/author\/chantal-couture\/\"}]}<\/script>\n<!-- \/ Yoast SEO plugin. -->","yoast_head_json":{"title":"Restaurant Crescendo - Association de personnes retrait\u00e9es de la FAE","robots":{"index":"noindex","follow":"follow","max-snippet":"max-snippet:-1","max-image-preview":"max-image-preview:large","max-video-preview":"max-video-preview:-1"},"og_locale":"fr_FR","og_type":"article","og_title":"Restaurant Crescendo - Association de personnes retrait\u00e9es de la FAE","og_description":"INVITATION AUX MEMBRES de l\u2019APRFAE\u00a0&#8211; BLLMV\u00a0 \u00a0 Le comit\u00e9 des activit\u00e9s BLLMV vous invite cordialement au diner de juin prochain qui se d\u00e9roulera :\u00a0 Restaurant Crescendo (sur le bord du fleuve Saint-Laurent)\u00a0 5150 Bd LaSalle, \u00e0 Verdun\u00a0 Mercredi 7 juin 2023, \u00e0 midi \u00a0 \u00a0 Ce beau site vous offrira la possibilit\u00e9 d\u2019admirer la belle &hellip;","og_url":"https:\/\/www.capri-matique.com\/client\/aprfae5\/restaurant-crescendo\/","og_site_name":"Association de personnes retrait\u00e9es de la FAE","article_published_time":"2023-05-01T15:36:42+00:00","twitter_card":"summary","twitter_misc":{"\u00c9crit par":"Chantal Couture","Dur\u00e9e de lecture estim\u00e9e":"2 minutes"},"schema":{"@context":"https:\/\/schema.org","@graph":[{"@type":"WebSite","@id":"https:\/\/www.capri-matique.com\/client\/aprfae5\/#website","url":"https:\/\/www.capri-matique.com\/client\/aprfae5\/","name":"Association de personnes retrait\u00e9es de la FAE","description":"L&#039;association qui nous unit","potentialAction":[{"@type":"SearchAction","target":{"@type":"EntryPoint","urlTemplate":"https:\/\/www.capri-matique.com\/client\/aprfae5\/?s={search_term_string}"},"query-input":"required name=search_term_string"}],"inLanguage":"fr-FR"},{"@type":"WebPage","@id":"https:\/\/www.capri-matique.com\/client\/aprfae5\/restaurant-crescendo\/#webpage","url":"https:\/\/www.capri-matique.com\/client\/aprfae5\/restaurant-crescendo\/","name":"Restaurant Crescendo - Association de personnes retrait\u00e9es de la FAE","isPartOf":{"@id":"https:\/\/www.capri-matique.com\/client\/aprfae5\/#website"},"datePublished":"2023-05-01T15:36:42+00:00","dateModified":"2023-05-01T15:36:42+00:00","author":{"@id":"https:\/\/www.capri-matique.com\/client\/aprfae5\/#\/schema\/person\/d49ddfd2ee6ceb42ef2fbcdda1753954"},"breadcrumb":{"@id":"https:\/\/www.capri-matique.com\/client\/aprfae5\/restaurant-crescendo\/#breadcrumb"},"inLanguage":"fr-FR","potentialAction":[{"@type":"ReadAction","target":["https:\/\/www.capri-matique.com\/client\/aprfae5\/restaurant-crescendo\/"]}]},{"@type":"BreadcrumbList","@id":"https:\/\/www.capri-matique.com\/client\/aprfae5\/restaurant-crescendo\/#breadcrumb","itemListElement":[{"@type":"ListItem","position":1,"name":"Accueil","item":"https:\/\/www.capri-matique.com\/client\/aprfae5\/"},{"@type":"ListItem","position":2,"name":"Restaurant Crescendo"}]},{"@type":"Person","@id":"https:\/\/www.capri-matique.com\/client\/aprfae5\/#\/schema\/person\/d49ddfd2ee6ceb42ef2fbcdda1753954","name":"Chantal Couture","url":"https:\/\/www.capri-matique.com\/client\/aprfae5\/author\/chantal-couture\/"}]}},"_links":{"self":[{"href":"https:\/\/www.capri-matique.com\/client\/aprfae5\/wp-json\/wp\/v2\/posts\/8399","targetHints":{"allow":["GET"]}}],"collection":[{"href":"https:\/\/www.capri-matique.com\/client\/aprfae5\/wp-json\/wp\/v2\/posts"}],"about":[{"href":"https:\/\/www.capri-matique.com\/client\/aprfae5\/wp-json\/wp\/v2\/types\/post"}],"author":[{"embeddable":true,"href":"https:\/\/www.capri-matique.com\/client\/aprfae5\/wp-json\/wp\/v2\/users\/2"}],"replies":[{"embeddable":true,"href":"https:\/\/www.capri-matique.com\/client\/aprfae5\/wp-json\/wp\/v2\/comments?post=8399"}],"version-history":[{"count":1,"href":"https:\/\/www.capri-matique.com\/client\/aprfae5\/wp-json\/wp\/v2\/posts\/8399\/revisions"}],"predecessor-version":[{"id":8400,"href":"https:\/\/www.capri-matique.com\/client\/aprfae5\/wp-json\/wp\/v2\/posts\/8399\/revisions\/8400"}],"wp:attachment":[{"href":"https:\/\/www.capri-matique.com\/client\/aprfae5\/wp-json\/wp\/v2\/media?parent=8399"}],"wp:term":[{"taxonomy":"category","embeddable":true,"href":"https:\/\/www.capri-matique.com\/client\/aprfae5\/wp-json\/wp\/v2\/categories?post=8399"},{"taxonomy":"post_tag","embeddable":true,"href":"https:\/\/www.capri-matique.com\/client\/aprfae5\/wp-json\/wp\/v2\/tags?post=8399"}],"curies":[{"name":"wp","href":"https:\/\/api.w.org\/{rel}","templated":true}]}}