{"id":8393,"date":"2023-05-01T11:17:32","date_gmt":"2023-05-01T15:17:32","guid":{"rendered":"https:\/\/capri-matique.com\/client\/aprfae5\/?p=8393"},"modified":"2023-05-01T11:19:40","modified_gmt":"2023-05-01T15:19:40","slug":"outaouais-activites-mai-2023","status":"publish","type":"post","link":"https:\/\/www.capri-matique.com\/client\/aprfae5\/outaouais-activites-mai-2023\/","title":{"rendered":"Outaouais activit\u00e9s mai 2023"},"content":{"rendered":"<p>Bonjour \u00e0 tous et \u00e0 toutes,<\/p>\n<p>Le printemps est arriv\u00e9. Nos activit\u00e9s sociales, culturelles et sportives se poursuivent. Les conjointes et conjoints sont les bienvenus. Voici la liste des activit\u00e9s pour le mois de mai 2023.<\/p>\n<p><img fetchpriority=\"high\" decoding=\"async\" class=\"aligncenter wp-image-8388 size-full\" src=\"https:\/\/capri-matique.com\/client\/aprfae5\/wp-content\/uploads\/2023\/05\/Image_2_a93255e25323410e8bff7280a42bdb0d.jpg\" alt=\"\" width=\"868\" height=\"249\" srcset=\"https:\/\/www.capri-matique.com\/client\/aprfae5\/wp-content\/uploads\/2023\/05\/Image_2_a93255e25323410e8bff7280a42bdb0d.jpg 868w, https:\/\/www.capri-matique.com\/client\/aprfae5\/wp-content\/uploads\/2023\/05\/Image_2_a93255e25323410e8bff7280a42bdb0d-300x86.jpg 300w\" sizes=\"(max-width: 868px) 100vw, 868px\" \/><\/p>\n<p>RANDONN\u00c9E Pleine Lune avec lampe frontale et souper Chalet Healey<br \/>\nDate : Le jeudi 4 mai<br \/>\nHeure : 17 heures<br \/>\nLieu : P-15 Chelsea (sortie Croos-Loop)<\/p>\n<p>Marche<br \/>\nDate : Le mardi 9 mai<br \/>\nHeure : 13h15<br \/>\nLieu : Premier stationnement du lac Beauchamp (P3)<\/p>\n<p>Marche<\/p>\n<p>Date : Le mardi 16 mai<br \/>\nHeure : 13h15<br \/>\nLieu : Premier stationnement du Lac Beauchamp (P3)<\/p>\n<p>Randonn\u00e9e \u00e0 V\u00c9LO<br \/>\nDate : Le mardi 23 mai ou le mercredi 24 mai<br \/>\nHeure : \u00c0 d\u00e9terminer selon les personnes participantes<br \/>\nLieu : Stationnement &#8211; Derri\u00e8re le restaurant &#8220;Le Sterling&#8221;.<br \/>\nS.V.P. : Confirmer votre pr\u00e9sence en m&#8217;appelant au (819) 593-5321 ou par courriel chenier.fr@hotmail.com<\/p>\n<p>D\u00c9JEUNER &#8211; rencontre<br \/>\nDate : Le jeudi 25 mai<br \/>\nHeure : 9h15<br \/>\nLieu : Restaurant St-\u00c9loi<\/p>\n<p>Randonn\u00e9e \u00e0 Buckingham, \u00e0 venir\u2026<\/p>\n","protected":false},"excerpt":{"rendered":"<p>Bonjour \u00e0 tous et \u00e0 toutes, Le printemps est arriv\u00e9. Nos activit\u00e9s sociales, culturelles et sportives se poursuivent. Les conjointes et conjoints sont les bienvenus. Voici la liste des activit\u00e9s pour le mois de mai 2023. RANDONN\u00c9E Pleine Lune avec lampe frontale et souper Chalet Healey Date : Le jeudi 4 mai Heure : 17 &hellip;<\/p>\n","protected":false},"author":2,"featured_media":0,"comment_status":"closed","ping_status":"open","sticky":false,"template":"","format":"standard","meta":{"footnotes":""},"categories":[16],"tags":[],"class_list":["post-8393","post","type-post","status-publish","format-standard","hentry","category-activites"],"yoast_head":"<!-- This site is optimized with the Yoast SEO plugin v17.3 - https:\/\/yoast.com\/wordpress\/plugins\/seo\/ -->\n<title>Outaouais activit\u00e9s mai 2023 - Association de personnes retrait\u00e9es de la FAE<\/title>\n<meta name=\"robots\" content=\"noindex, follow, max-snippet:-1, max-image-preview:large, max-video-preview:-1\" \/>\n<meta property=\"og:locale\" content=\"fr_FR\" \/>\n<meta property=\"og:type\" content=\"article\" \/>\n<meta property=\"og:title\" content=\"Outaouais activit\u00e9s mai 2023 - Association de personnes retrait\u00e9es de la FAE\" \/>\n<meta property=\"og:description\" content=\"Bonjour \u00e0 tous et \u00e0 toutes, Le printemps est arriv\u00e9. Nos activit\u00e9s sociales, culturelles et sportives se poursuivent. Les conjointes et conjoints sont les bienvenus. Voici la liste des activit\u00e9s pour le mois de mai 2023. RANDONN\u00c9E Pleine Lune avec lampe frontale et souper Chalet Healey Date : Le jeudi 4 mai Heure : 17 &hellip;\" \/>\n<meta property=\"og:url\" content=\"https:\/\/www.capri-matique.com\/client\/aprfae5\/outaouais-activites-mai-2023\/\" \/>\n<meta property=\"og:site_name\" content=\"Association de personnes retrait\u00e9es de la FAE\" \/>\n<meta property=\"article:published_time\" content=\"2023-05-01T15:17:32+00:00\" \/>\n<meta property=\"article:modified_time\" content=\"2023-05-01T15:19:40+00:00\" \/>\n<meta property=\"og:image\" content=\"https:\/\/capri-matique.com\/client\/aprfae5\/wp-content\/uploads\/2023\/05\/Image_2_a93255e25323410e8bff7280a42bdb0d.jpg\" \/>\n<meta name=\"twitter:card\" content=\"summary\" \/>\n<meta name=\"twitter:label1\" content=\"\u00c9crit par\" \/>\n\t<meta name=\"twitter:data1\" content=\"Chantal Couture\" \/>\n\t<meta name=\"twitter:label2\" content=\"Dur\u00e9e de lecture estim\u00e9e\" \/>\n\t<meta name=\"twitter:data2\" content=\"1 minute\" \/>\n<script type=\"application\/ld+json\" class=\"yoast-schema-graph\">{\"@context\":\"https:\/\/schema.org\",\"@graph\":[{\"@type\":\"WebSite\",\"@id\":\"https:\/\/www.capri-matique.com\/client\/aprfae5\/#website\",\"url\":\"https:\/\/www.capri-matique.com\/client\/aprfae5\/\",\"name\":\"Association de personnes retrait\\u00e9es de la FAE\",\"description\":\"L&#039;association qui nous unit\",\"potentialAction\":[{\"@type\":\"SearchAction\",\"target\":{\"@type\":\"EntryPoint\",\"urlTemplate\":\"https:\/\/www.capri-matique.com\/client\/aprfae5\/?s={search_term_string}\"},\"query-input\":\"required name=search_term_string\"}],\"inLanguage\":\"fr-FR\"},{\"@type\":\"ImageObject\",\"@id\":\"https:\/\/www.capri-matique.com\/client\/aprfae5\/outaouais-activites-mai-2023\/#primaryimage\",\"inLanguage\":\"fr-FR\",\"url\":\"https:\/\/capri-matique.com\/client\/aprfae5\/wp-content\/uploads\/2023\/05\/Image_2_a93255e25323410e8bff7280a42bdb0d.jpg\",\"contentUrl\":\"https:\/\/capri-matique.com\/client\/aprfae5\/wp-content\/uploads\/2023\/05\/Image_2_a93255e25323410e8bff7280a42bdb0d.jpg\"},{\"@type\":\"WebPage\",\"@id\":\"https:\/\/www.capri-matique.com\/client\/aprfae5\/outaouais-activites-mai-2023\/#webpage\",\"url\":\"https:\/\/www.capri-matique.com\/client\/aprfae5\/outaouais-activites-mai-2023\/\",\"name\":\"Outaouais activit\\u00e9s mai 2023 - Association de personnes retrait\\u00e9es de la FAE\",\"isPartOf\":{\"@id\":\"https:\/\/www.capri-matique.com\/client\/aprfae5\/#website\"},\"primaryImageOfPage\":{\"@id\":\"https:\/\/www.capri-matique.com\/client\/aprfae5\/outaouais-activites-mai-2023\/#primaryimage\"},\"datePublished\":\"2023-05-01T15:17:32+00:00\",\"dateModified\":\"2023-05-01T15:19:40+00:00\",\"author\":{\"@id\":\"https:\/\/www.capri-matique.com\/client\/aprfae5\/#\/schema\/person\/d49ddfd2ee6ceb42ef2fbcdda1753954\"},\"breadcrumb\":{\"@id\":\"https:\/\/www.capri-matique.com\/client\/aprfae5\/outaouais-activites-mai-2023\/#breadcrumb\"},\"inLanguage\":\"fr-FR\",\"potentialAction\":[{\"@type\":\"ReadAction\",\"target\":[\"https:\/\/www.capri-matique.com\/client\/aprfae5\/outaouais-activites-mai-2023\/\"]}]},{\"@type\":\"BreadcrumbList\",\"@id\":\"https:\/\/www.capri-matique.com\/client\/aprfae5\/outaouais-activites-mai-2023\/#breadcrumb\",\"itemListElement\":[{\"@type\":\"ListItem\",\"position\":1,\"name\":\"Accueil\",\"item\":\"https:\/\/www.capri-matique.com\/client\/aprfae5\/\"},{\"@type\":\"ListItem\",\"position\":2,\"name\":\"Outaouais activit\\u00e9s mai 2023\"}]},{\"@type\":\"Person\",\"@id\":\"https:\/\/www.capri-matique.com\/client\/aprfae5\/#\/schema\/person\/d49ddfd2ee6ceb42ef2fbcdda1753954\",\"name\":\"Chantal Couture\",\"url\":\"https:\/\/www.capri-matique.com\/client\/aprfae5\/author\/chantal-couture\/\"}]}<\/script>\n<!-- \/ Yoast SEO plugin. -->","yoast_head_json":{"title":"Outaouais activit\u00e9s mai 2023 - Association de personnes retrait\u00e9es de la FAE","robots":{"index":"noindex","follow":"follow","max-snippet":"max-snippet:-1","max-image-preview":"max-image-preview:large","max-video-preview":"max-video-preview:-1"},"og_locale":"fr_FR","og_type":"article","og_title":"Outaouais activit\u00e9s mai 2023 - Association de personnes retrait\u00e9es de la FAE","og_description":"Bonjour \u00e0 tous et \u00e0 toutes, Le printemps est arriv\u00e9. Nos activit\u00e9s sociales, culturelles et sportives se poursuivent. Les conjointes et conjoints sont les bienvenus. Voici la liste des activit\u00e9s pour le mois de mai 2023. RANDONN\u00c9E Pleine Lune avec lampe frontale et souper Chalet Healey Date : Le jeudi 4 mai Heure : 17 &hellip;","og_url":"https:\/\/www.capri-matique.com\/client\/aprfae5\/outaouais-activites-mai-2023\/","og_site_name":"Association de personnes retrait\u00e9es de la FAE","article_published_time":"2023-05-01T15:17:32+00:00","article_modified_time":"2023-05-01T15:19:40+00:00","og_image":[{"url":"https:\/\/capri-matique.com\/client\/aprfae5\/wp-content\/uploads\/2023\/05\/Image_2_a93255e25323410e8bff7280a42bdb0d.jpg"}],"twitter_card":"summary","twitter_misc":{"\u00c9crit par":"Chantal Couture","Dur\u00e9e de lecture estim\u00e9e":"1 minute"},"schema":{"@context":"https:\/\/schema.org","@graph":[{"@type":"WebSite","@id":"https:\/\/www.capri-matique.com\/client\/aprfae5\/#website","url":"https:\/\/www.capri-matique.com\/client\/aprfae5\/","name":"Association de personnes retrait\u00e9es de la FAE","description":"L&#039;association qui nous unit","potentialAction":[{"@type":"SearchAction","target":{"@type":"EntryPoint","urlTemplate":"https:\/\/www.capri-matique.com\/client\/aprfae5\/?s={search_term_string}"},"query-input":"required name=search_term_string"}],"inLanguage":"fr-FR"},{"@type":"ImageObject","@id":"https:\/\/www.capri-matique.com\/client\/aprfae5\/outaouais-activites-mai-2023\/#primaryimage","inLanguage":"fr-FR","url":"https:\/\/capri-matique.com\/client\/aprfae5\/wp-content\/uploads\/2023\/05\/Image_2_a93255e25323410e8bff7280a42bdb0d.jpg","contentUrl":"https:\/\/capri-matique.com\/client\/aprfae5\/wp-content\/uploads\/2023\/05\/Image_2_a93255e25323410e8bff7280a42bdb0d.jpg"},{"@type":"WebPage","@id":"https:\/\/www.capri-matique.com\/client\/aprfae5\/outaouais-activites-mai-2023\/#webpage","url":"https:\/\/www.capri-matique.com\/client\/aprfae5\/outaouais-activites-mai-2023\/","name":"Outaouais activit\u00e9s mai 2023 - Association de personnes retrait\u00e9es de la FAE","isPartOf":{"@id":"https:\/\/www.capri-matique.com\/client\/aprfae5\/#website"},"primaryImageOfPage":{"@id":"https:\/\/www.capri-matique.com\/client\/aprfae5\/outaouais-activites-mai-2023\/#primaryimage"},"datePublished":"2023-05-01T15:17:32+00:00","dateModified":"2023-05-01T15:19:40+00:00","author":{"@id":"https:\/\/www.capri-matique.com\/client\/aprfae5\/#\/schema\/person\/d49ddfd2ee6ceb42ef2fbcdda1753954"},"breadcrumb":{"@id":"https:\/\/www.capri-matique.com\/client\/aprfae5\/outaouais-activites-mai-2023\/#breadcrumb"},"inLanguage":"fr-FR","potentialAction":[{"@type":"ReadAction","target":["https:\/\/www.capri-matique.com\/client\/aprfae5\/outaouais-activites-mai-2023\/"]}]},{"@type":"BreadcrumbList","@id":"https:\/\/www.capri-matique.com\/client\/aprfae5\/outaouais-activites-mai-2023\/#breadcrumb","itemListElement":[{"@type":"ListItem","position":1,"name":"Accueil","item":"https:\/\/www.capri-matique.com\/client\/aprfae5\/"},{"@type":"ListItem","position":2,"name":"Outaouais activit\u00e9s mai 2023"}]},{"@type":"Person","@id":"https:\/\/www.capri-matique.com\/client\/aprfae5\/#\/schema\/person\/d49ddfd2ee6ceb42ef2fbcdda1753954","name":"Chantal Couture","url":"https:\/\/www.capri-matique.com\/client\/aprfae5\/author\/chantal-couture\/"}]}},"_links":{"self":[{"href":"https:\/\/www.capri-matique.com\/client\/aprfae5\/wp-json\/wp\/v2\/posts\/8393","targetHints":{"allow":["GET"]}}],"collection":[{"href":"https:\/\/www.capri-matique.com\/client\/aprfae5\/wp-json\/wp\/v2\/posts"}],"about":[{"href":"https:\/\/www.capri-matique.com\/client\/aprfae5\/wp-json\/wp\/v2\/types\/post"}],"author":[{"embeddable":true,"href":"https:\/\/www.capri-matique.com\/client\/aprfae5\/wp-json\/wp\/v2\/users\/2"}],"replies":[{"embeddable":true,"href":"https:\/\/www.capri-matique.com\/client\/aprfae5\/wp-json\/wp\/v2\/comments?post=8393"}],"version-history":[{"count":3,"href":"https:\/\/www.capri-matique.com\/client\/aprfae5\/wp-json\/wp\/v2\/posts\/8393\/revisions"}],"predecessor-version":[{"id":8395,"href":"https:\/\/www.capri-matique.com\/client\/aprfae5\/wp-json\/wp\/v2\/posts\/8393\/revisions\/8395"}],"wp:attachment":[{"href":"https:\/\/www.capri-matique.com\/client\/aprfae5\/wp-json\/wp\/v2\/media?parent=8393"}],"wp:term":[{"taxonomy":"category","embeddable":true,"href":"https:\/\/www.capri-matique.com\/client\/aprfae5\/wp-json\/wp\/v2\/categories?post=8393"},{"taxonomy":"post_tag","embeddable":true,"href":"https:\/\/www.capri-matique.com\/client\/aprfae5\/wp-json\/wp\/v2\/tags?post=8393"}],"curies":[{"name":"wp","href":"https:\/\/api.w.org\/{rel}","templated":true}]}}