{"id":8354,"date":"2023-04-11T16:04:42","date_gmt":"2023-04-11T20:04:42","guid":{"rendered":"https:\/\/capri-matique.com\/client\/aprfae5\/?p=8354"},"modified":"2023-04-11T16:09:57","modified_gmt":"2023-04-11T20:09:57","slug":"observation-doiseaux","status":"publish","type":"post","link":"https:\/\/www.capri-matique.com\/client\/aprfae5\/observation-doiseaux\/","title":{"rendered":"Observation d\u2019oiseaux"},"content":{"rendered":"<p style=\"text-align: center;\" align=\"left\"><span style=\"color: #800000;\">ACTIVIT\u00c9 POUR LES MEMBRES APRFAE BLLMV<\/span><\/p>\n<p style=\"text-align: center;\" align=\"left\"><strong>Vous \u00eates invit\u00e9s \u00e0 une activit\u00e9 d\u2019observation d\u2019oiseaux au Parc-Nature de L\u2019\u00cele-de-la-Visitation\u202f<\/strong><\/p>\n<p align=\"left\">\u00a0<img fetchpriority=\"high\" decoding=\"async\" class=\"wp-image-8356 size-full aligncenter\" src=\"https:\/\/capri-matique.com\/client\/aprfae5\/wp-content\/uploads\/2023\/04\/Image_2_7488cc7277f14077bb3c5e0da6b6c79e.png\" alt=\"\" width=\"538\" height=\"360\" srcset=\"https:\/\/www.capri-matique.com\/client\/aprfae5\/wp-content\/uploads\/2023\/04\/Image_2_7488cc7277f14077bb3c5e0da6b6c79e.png 538w, https:\/\/www.capri-matique.com\/client\/aprfae5\/wp-content\/uploads\/2023\/04\/Image_2_7488cc7277f14077bb3c5e0da6b6c79e-300x201.png 300w\" sizes=\"(max-width: 538px) 100vw, 538px\" \/><\/p>\n<p align=\"left\">\n<p align=\"left\">DATE : 10 mai 2023<br \/>\nHeure :\u00a07h30<br \/>\nLieu : Parc-nature de l\u2019\u00cele-de-la-Visitation<br \/>\nAdresse : 2125, boul. Gouin Est, Montr\u00e9al (Qu\u00e9bec) H2B 1X7<\/p>\n<p>C\u2019est avec Caroline T\u00e9trault de la soci\u00e9t\u00e9 de Biologie de Montr\u00e9al et membre de l\u2019APRFAE que nous effectuerons cette activit\u00e9 d\u2019observation d\u2019oiseaux dans ce site nature pr\u00e8s de la rivi\u00e8re des Prairies.<\/p>\n<p align=\"left\">Le groupe de 25 personnes maximum se rencontrera tr\u00e8s t\u00f4t \u00e0 7 hres 30 , au chalet d\u2019accueil du parc pr\u00e8s du stationnement. Les seuls frais sont ceux du stationnement (10.10$\/journ\u00e9e, horodateur) accessible par le boul. Gouin.<\/p>\n<p align=\"left\">Cette activit\u00e9 aura lieu beau temps ou pluie, annulation pour raison exceptionnelle seulement! Donc, il faut avoir les v\u00eatements et souliers adapt\u00e9s. Une bonne paire de jumelles ou lunette d\u2019approche, petite collation et bouteille d\u2019eau seront tr\u00e8s utiles!<\/p>\n<p align=\"left\">Cette activit\u00e9 durera une bonne partie de l\u2019avant-midi ou nous pourrons certainement observer toutes sortes d\u2019esp\u00e8ces de volatiles familiers et peut-\u00eatre rares!<\/p>\n<p align=\"left\">L\u2019inscription pour cette activit\u00e9 se fera par la fa\u00e7on \u00e9lectronique habituelle avec une confirmation d\u00e8s r\u00e9ception.<\/p>\n<p align=\"left\">La date limite pour s\u2019inscrire sera le vendredi 5 mai.<\/p>\n<p align=\"left\">Attention, 25 participantes et participants seulement!<\/p>\n<p align=\"left\">Veuillez respecter votre inscription, vu le nombre maximum qui a \u00e9t\u00e9 fix\u00e9!<\/p>\n<p align=\"left\">En esp\u00e9rant vous voir lors de cette activit\u00e9!<\/p>\n<p align=\"left\">Jean-Pierre Julien Comit\u00e9 des activit\u00e9s BLLMV<\/p>\n<p align=\"left\">\n<p align=\"left\">\n","protected":false},"excerpt":{"rendered":"<p>ACTIVIT\u00c9 POUR LES MEMBRES APRFAE BLLMV Vous \u00eates invit\u00e9s \u00e0 une activit\u00e9 d\u2019observation d\u2019oiseaux au Parc-Nature de L\u2019\u00cele-de-la-Visitation\u202f \u00a0 DATE : 10 mai 2023 Heure :\u00a07h30 Lieu : Parc-nature de l\u2019\u00cele-de-la-Visitation Adresse : 2125, boul. Gouin Est, Montr\u00e9al (Qu\u00e9bec) H2B 1X7 C\u2019est avec Caroline T\u00e9trault de la soci\u00e9t\u00e9 de Biologie de Montr\u00e9al et membre de &hellip;<\/p>\n","protected":false},"author":2,"featured_media":0,"comment_status":"closed","ping_status":"open","sticky":false,"template":"","format":"standard","meta":{"footnotes":""},"categories":[16],"tags":[],"class_list":["post-8354","post","type-post","status-publish","format-standard","hentry","category-activites"],"yoast_head":"<!-- This site is optimized with the Yoast SEO plugin v17.3 - https:\/\/yoast.com\/wordpress\/plugins\/seo\/ -->\n<title>Observation d\u2019oiseaux - Association de personnes retrait\u00e9es de la FAE<\/title>\n<meta name=\"robots\" content=\"noindex, follow, max-snippet:-1, max-image-preview:large, max-video-preview:-1\" \/>\n<meta property=\"og:locale\" content=\"fr_FR\" \/>\n<meta property=\"og:type\" content=\"article\" \/>\n<meta property=\"og:title\" content=\"Observation d\u2019oiseaux - Association de personnes retrait\u00e9es de la FAE\" \/>\n<meta property=\"og:description\" content=\"ACTIVIT\u00c9 POUR LES MEMBRES APRFAE BLLMV Vous \u00eates invit\u00e9s \u00e0 une activit\u00e9 d\u2019observation d\u2019oiseaux au Parc-Nature de L\u2019\u00cele-de-la-Visitation\u202f \u00a0 DATE : 10 mai 2023 Heure :\u00a07h30 Lieu : Parc-nature de l\u2019\u00cele-de-la-Visitation Adresse : 2125, boul. Gouin Est, Montr\u00e9al (Qu\u00e9bec) H2B 1X7 C\u2019est avec Caroline T\u00e9trault de la soci\u00e9t\u00e9 de Biologie de Montr\u00e9al et membre de &hellip;\" \/>\n<meta property=\"og:url\" content=\"https:\/\/www.capri-matique.com\/client\/aprfae5\/observation-doiseaux\/\" \/>\n<meta property=\"og:site_name\" content=\"Association de personnes retrait\u00e9es de la FAE\" \/>\n<meta property=\"article:published_time\" content=\"2023-04-11T20:04:42+00:00\" \/>\n<meta property=\"article:modified_time\" content=\"2023-04-11T20:09:57+00:00\" \/>\n<meta property=\"og:image\" content=\"https:\/\/capri-matique.com\/client\/aprfae5\/wp-content\/uploads\/2023\/04\/Image_2_7488cc7277f14077bb3c5e0da6b6c79e.png\" \/>\n<meta name=\"twitter:card\" content=\"summary\" \/>\n<meta name=\"twitter:label1\" content=\"\u00c9crit par\" \/>\n\t<meta name=\"twitter:data1\" content=\"Chantal Couture\" \/>\n\t<meta name=\"twitter:label2\" content=\"Dur\u00e9e de lecture estim\u00e9e\" \/>\n\t<meta name=\"twitter:data2\" content=\"2 minutes\" \/>\n<script type=\"application\/ld+json\" class=\"yoast-schema-graph\">{\"@context\":\"https:\/\/schema.org\",\"@graph\":[{\"@type\":\"WebSite\",\"@id\":\"https:\/\/www.capri-matique.com\/client\/aprfae5\/#website\",\"url\":\"https:\/\/www.capri-matique.com\/client\/aprfae5\/\",\"name\":\"Association de personnes retrait\\u00e9es de la FAE\",\"description\":\"L&#039;association qui nous unit\",\"potentialAction\":[{\"@type\":\"SearchAction\",\"target\":{\"@type\":\"EntryPoint\",\"urlTemplate\":\"https:\/\/www.capri-matique.com\/client\/aprfae5\/?s={search_term_string}\"},\"query-input\":\"required name=search_term_string\"}],\"inLanguage\":\"fr-FR\"},{\"@type\":\"ImageObject\",\"@id\":\"https:\/\/www.capri-matique.com\/client\/aprfae5\/observation-doiseaux\/#primaryimage\",\"inLanguage\":\"fr-FR\",\"url\":\"https:\/\/capri-matique.com\/client\/aprfae5\/wp-content\/uploads\/2023\/04\/Image_2_7488cc7277f14077bb3c5e0da6b6c79e.png\",\"contentUrl\":\"https:\/\/capri-matique.com\/client\/aprfae5\/wp-content\/uploads\/2023\/04\/Image_2_7488cc7277f14077bb3c5e0da6b6c79e.png\"},{\"@type\":\"WebPage\",\"@id\":\"https:\/\/www.capri-matique.com\/client\/aprfae5\/observation-doiseaux\/#webpage\",\"url\":\"https:\/\/www.capri-matique.com\/client\/aprfae5\/observation-doiseaux\/\",\"name\":\"Observation d\\u2019oiseaux - Association de personnes retrait\\u00e9es de la FAE\",\"isPartOf\":{\"@id\":\"https:\/\/www.capri-matique.com\/client\/aprfae5\/#website\"},\"primaryImageOfPage\":{\"@id\":\"https:\/\/www.capri-matique.com\/client\/aprfae5\/observation-doiseaux\/#primaryimage\"},\"datePublished\":\"2023-04-11T20:04:42+00:00\",\"dateModified\":\"2023-04-11T20:09:57+00:00\",\"author\":{\"@id\":\"https:\/\/www.capri-matique.com\/client\/aprfae5\/#\/schema\/person\/d49ddfd2ee6ceb42ef2fbcdda1753954\"},\"breadcrumb\":{\"@id\":\"https:\/\/www.capri-matique.com\/client\/aprfae5\/observation-doiseaux\/#breadcrumb\"},\"inLanguage\":\"fr-FR\",\"potentialAction\":[{\"@type\":\"ReadAction\",\"target\":[\"https:\/\/www.capri-matique.com\/client\/aprfae5\/observation-doiseaux\/\"]}]},{\"@type\":\"BreadcrumbList\",\"@id\":\"https:\/\/www.capri-matique.com\/client\/aprfae5\/observation-doiseaux\/#breadcrumb\",\"itemListElement\":[{\"@type\":\"ListItem\",\"position\":1,\"name\":\"Accueil\",\"item\":\"https:\/\/www.capri-matique.com\/client\/aprfae5\/\"},{\"@type\":\"ListItem\",\"position\":2,\"name\":\"Observation d\\u2019oiseaux\"}]},{\"@type\":\"Person\",\"@id\":\"https:\/\/www.capri-matique.com\/client\/aprfae5\/#\/schema\/person\/d49ddfd2ee6ceb42ef2fbcdda1753954\",\"name\":\"Chantal Couture\",\"url\":\"https:\/\/www.capri-matique.com\/client\/aprfae5\/author\/chantal-couture\/\"}]}<\/script>\n<!-- \/ Yoast SEO plugin. -->","yoast_head_json":{"title":"Observation d\u2019oiseaux - Association de personnes retrait\u00e9es de la FAE","robots":{"index":"noindex","follow":"follow","max-snippet":"max-snippet:-1","max-image-preview":"max-image-preview:large","max-video-preview":"max-video-preview:-1"},"og_locale":"fr_FR","og_type":"article","og_title":"Observation d\u2019oiseaux - Association de personnes retrait\u00e9es de la FAE","og_description":"ACTIVIT\u00c9 POUR LES MEMBRES APRFAE BLLMV Vous \u00eates invit\u00e9s \u00e0 une activit\u00e9 d\u2019observation d\u2019oiseaux au Parc-Nature de L\u2019\u00cele-de-la-Visitation\u202f \u00a0 DATE : 10 mai 2023 Heure :\u00a07h30 Lieu : Parc-nature de l\u2019\u00cele-de-la-Visitation Adresse : 2125, boul. Gouin Est, Montr\u00e9al (Qu\u00e9bec) H2B 1X7 C\u2019est avec Caroline T\u00e9trault de la soci\u00e9t\u00e9 de Biologie de Montr\u00e9al et membre de &hellip;","og_url":"https:\/\/www.capri-matique.com\/client\/aprfae5\/observation-doiseaux\/","og_site_name":"Association de personnes retrait\u00e9es de la FAE","article_published_time":"2023-04-11T20:04:42+00:00","article_modified_time":"2023-04-11T20:09:57+00:00","og_image":[{"url":"https:\/\/capri-matique.com\/client\/aprfae5\/wp-content\/uploads\/2023\/04\/Image_2_7488cc7277f14077bb3c5e0da6b6c79e.png"}],"twitter_card":"summary","twitter_misc":{"\u00c9crit par":"Chantal Couture","Dur\u00e9e de lecture estim\u00e9e":"2 minutes"},"schema":{"@context":"https:\/\/schema.org","@graph":[{"@type":"WebSite","@id":"https:\/\/www.capri-matique.com\/client\/aprfae5\/#website","url":"https:\/\/www.capri-matique.com\/client\/aprfae5\/","name":"Association de personnes retrait\u00e9es de la FAE","description":"L&#039;association qui nous unit","potentialAction":[{"@type":"SearchAction","target":{"@type":"EntryPoint","urlTemplate":"https:\/\/www.capri-matique.com\/client\/aprfae5\/?s={search_term_string}"},"query-input":"required name=search_term_string"}],"inLanguage":"fr-FR"},{"@type":"ImageObject","@id":"https:\/\/www.capri-matique.com\/client\/aprfae5\/observation-doiseaux\/#primaryimage","inLanguage":"fr-FR","url":"https:\/\/capri-matique.com\/client\/aprfae5\/wp-content\/uploads\/2023\/04\/Image_2_7488cc7277f14077bb3c5e0da6b6c79e.png","contentUrl":"https:\/\/capri-matique.com\/client\/aprfae5\/wp-content\/uploads\/2023\/04\/Image_2_7488cc7277f14077bb3c5e0da6b6c79e.png"},{"@type":"WebPage","@id":"https:\/\/www.capri-matique.com\/client\/aprfae5\/observation-doiseaux\/#webpage","url":"https:\/\/www.capri-matique.com\/client\/aprfae5\/observation-doiseaux\/","name":"Observation d\u2019oiseaux - Association de personnes retrait\u00e9es de la FAE","isPartOf":{"@id":"https:\/\/www.capri-matique.com\/client\/aprfae5\/#website"},"primaryImageOfPage":{"@id":"https:\/\/www.capri-matique.com\/client\/aprfae5\/observation-doiseaux\/#primaryimage"},"datePublished":"2023-04-11T20:04:42+00:00","dateModified":"2023-04-11T20:09:57+00:00","author":{"@id":"https:\/\/www.capri-matique.com\/client\/aprfae5\/#\/schema\/person\/d49ddfd2ee6ceb42ef2fbcdda1753954"},"breadcrumb":{"@id":"https:\/\/www.capri-matique.com\/client\/aprfae5\/observation-doiseaux\/#breadcrumb"},"inLanguage":"fr-FR","potentialAction":[{"@type":"ReadAction","target":["https:\/\/www.capri-matique.com\/client\/aprfae5\/observation-doiseaux\/"]}]},{"@type":"BreadcrumbList","@id":"https:\/\/www.capri-matique.com\/client\/aprfae5\/observation-doiseaux\/#breadcrumb","itemListElement":[{"@type":"ListItem","position":1,"name":"Accueil","item":"https:\/\/www.capri-matique.com\/client\/aprfae5\/"},{"@type":"ListItem","position":2,"name":"Observation d\u2019oiseaux"}]},{"@type":"Person","@id":"https:\/\/www.capri-matique.com\/client\/aprfae5\/#\/schema\/person\/d49ddfd2ee6ceb42ef2fbcdda1753954","name":"Chantal Couture","url":"https:\/\/www.capri-matique.com\/client\/aprfae5\/author\/chantal-couture\/"}]}},"_links":{"self":[{"href":"https:\/\/www.capri-matique.com\/client\/aprfae5\/wp-json\/wp\/v2\/posts\/8354","targetHints":{"allow":["GET"]}}],"collection":[{"href":"https:\/\/www.capri-matique.com\/client\/aprfae5\/wp-json\/wp\/v2\/posts"}],"about":[{"href":"https:\/\/www.capri-matique.com\/client\/aprfae5\/wp-json\/wp\/v2\/types\/post"}],"author":[{"embeddable":true,"href":"https:\/\/www.capri-matique.com\/client\/aprfae5\/wp-json\/wp\/v2\/users\/2"}],"replies":[{"embeddable":true,"href":"https:\/\/www.capri-matique.com\/client\/aprfae5\/wp-json\/wp\/v2\/comments?post=8354"}],"version-history":[{"count":3,"href":"https:\/\/www.capri-matique.com\/client\/aprfae5\/wp-json\/wp\/v2\/posts\/8354\/revisions"}],"predecessor-version":[{"id":8359,"href":"https:\/\/www.capri-matique.com\/client\/aprfae5\/wp-json\/wp\/v2\/posts\/8354\/revisions\/8359"}],"wp:attachment":[{"href":"https:\/\/www.capri-matique.com\/client\/aprfae5\/wp-json\/wp\/v2\/media?parent=8354"}],"wp:term":[{"taxonomy":"category","embeddable":true,"href":"https:\/\/www.capri-matique.com\/client\/aprfae5\/wp-json\/wp\/v2\/categories?post=8354"},{"taxonomy":"post_tag","embeddable":true,"href":"https:\/\/www.capri-matique.com\/client\/aprfae5\/wp-json\/wp\/v2\/tags?post=8354"}],"curies":[{"name":"wp","href":"https:\/\/api.w.org\/{rel}","templated":true}]}}