{"id":8344,"date":"2023-04-11T15:17:45","date_gmt":"2023-04-11T19:17:45","guid":{"rendered":"https:\/\/capri-matique.com\/client\/aprfae5\/?p=8344"},"modified":"2023-04-11T15:29:04","modified_gmt":"2023-04-11T19:29:04","slug":"outaouais-activites-avril-2023","status":"publish","type":"post","link":"https:\/\/www.capri-matique.com\/client\/aprfae5\/outaouais-activites-avril-2023\/","title":{"rendered":"Outaouais activit\u00e9s avril 2023"},"content":{"rendered":"<p><img fetchpriority=\"high\" decoding=\"async\" class=\"alignnone wp-image-8341 size-full\" src=\"https:\/\/capri-matique.com\/client\/aprfae5\/wp-content\/uploads\/2023\/04\/Image_2_9a3b035c7b38499192d09dde9affd7d1.jpg\" alt=\"\" width=\"868\" height=\"249\" \/><\/p>\n<p style=\"text-align: center;\">Membres de l&#8217;APRFAE Outaouais<\/p>\n<p>Le printemps arrive \u00e0 grands pas. Nos activit\u00e9s sociales, culturelles et sportives se poursuivent. Les conjointes et conjoints sont les bienvenus. Voici la liste des activit\u00e9s pour le mois d&#8217;avril 2023<\/p>\n<p><strong>Marche de sant\u00e9<\/strong><\/p>\n<p>Date : Le mercredi 12 avril et le jeudi 20 avril 2023<br \/>\nHeure : 13h30<br \/>\nLieu : Stationnement public (rue St-Antoine), derri\u00e8re le restaurant &#8220;Le Sterling&#8221;, rue Jacques-Cartier<\/p>\n<p>&nbsp;<\/p>\n<p><strong>Visite guid\u00e9e gratuite de la Biblioth\u00e8que et Archives Nationales du Qu\u00e9bec, \u00e0 Gatineau<\/strong><\/p>\n<p>Date: 25 avril 2023<br \/>\nHeure:10h00 &#8211; 11h30<br \/>\nAdresse: : 855, boul. de la Gappe, Gatineau (au- dessus de la Maison de la Culture)<\/p>\n<p>La visite consiste \u00e0 nommer et expliquer les trois (3) Centres d&#8217;Archives, la visite des documents &#8220;coup de c\u0153ur&#8221; et la visite des magasins d&#8217;archives.<\/p>\n<p>Nous formerons des \u00e9quipes de 8 personnes pour un maximum de 35 personnes.<\/p>\n<p>Si ces activit\u00e9s vous int\u00e9ressent veuillez communiquer avec Marthe ou Francine<\/p>\n<p>Marthe (873) 655-2449<br \/>\nFrancine (819) 595-1599 (r\u00e9s) ou (819) 593-5321 (cell)<\/p>\n<p>Courriel: chenier.fr@hotmail.com<\/p>\n<p>&nbsp;<\/p>\n<p>&nbsp;<\/p>\n<p>&nbsp;<\/p>\n","protected":false},"excerpt":{"rendered":"<p>Membres de l&#8217;APRFAE Outaouais Le printemps arrive \u00e0 grands pas. Nos activit\u00e9s sociales, culturelles et sportives se poursuivent. Les conjointes et conjoints sont les bienvenus. Voici la liste des activit\u00e9s pour le mois d&#8217;avril 2023 Marche de sant\u00e9 Date : Le mercredi 12 avril et le jeudi 20 avril 2023 Heure : 13h30 Lieu : &hellip;<\/p>\n","protected":false},"author":2,"featured_media":0,"comment_status":"closed","ping_status":"open","sticky":false,"template":"","format":"standard","meta":{"footnotes":""},"categories":[16],"tags":[],"class_list":["post-8344","post","type-post","status-publish","format-standard","hentry","category-activites"],"yoast_head":"<!-- This site is optimized with the Yoast SEO plugin v17.3 - https:\/\/yoast.com\/wordpress\/plugins\/seo\/ -->\n<title>Outaouais activit\u00e9s avril 2023 - Association de personnes retrait\u00e9es de la FAE<\/title>\n<meta name=\"robots\" content=\"noindex, follow, max-snippet:-1, max-image-preview:large, max-video-preview:-1\" \/>\n<meta property=\"og:locale\" content=\"fr_FR\" \/>\n<meta property=\"og:type\" content=\"article\" \/>\n<meta property=\"og:title\" content=\"Outaouais activit\u00e9s avril 2023 - Association de personnes retrait\u00e9es de la FAE\" \/>\n<meta property=\"og:description\" content=\"Membres de l&#8217;APRFAE Outaouais Le printemps arrive \u00e0 grands pas. Nos activit\u00e9s sociales, culturelles et sportives se poursuivent. Les conjointes et conjoints sont les bienvenus. Voici la liste des activit\u00e9s pour le mois d&#8217;avril 2023 Marche de sant\u00e9 Date : Le mercredi 12 avril et le jeudi 20 avril 2023 Heure : 13h30 Lieu : &hellip;\" \/>\n<meta property=\"og:url\" content=\"https:\/\/www.capri-matique.com\/client\/aprfae5\/outaouais-activites-avril-2023\/\" \/>\n<meta property=\"og:site_name\" content=\"Association de personnes retrait\u00e9es de la FAE\" \/>\n<meta property=\"article:published_time\" content=\"2023-04-11T19:17:45+00:00\" \/>\n<meta property=\"article:modified_time\" content=\"2023-04-11T19:29:04+00:00\" \/>\n<meta property=\"og:image\" content=\"https:\/\/capri-matique.com\/client\/aprfae5\/wp-content\/uploads\/2023\/04\/Image_2_9a3b035c7b38499192d09dde9affd7d1.jpg\" \/>\n<meta name=\"twitter:card\" content=\"summary\" \/>\n<meta name=\"twitter:label1\" content=\"\u00c9crit par\" \/>\n\t<meta name=\"twitter:data1\" content=\"Chantal Couture\" \/>\n\t<meta name=\"twitter:label2\" content=\"Dur\u00e9e de lecture estim\u00e9e\" \/>\n\t<meta name=\"twitter:data2\" content=\"1 minute\" \/>\n<script type=\"application\/ld+json\" class=\"yoast-schema-graph\">{\"@context\":\"https:\/\/schema.org\",\"@graph\":[{\"@type\":\"WebSite\",\"@id\":\"https:\/\/www.capri-matique.com\/client\/aprfae5\/#website\",\"url\":\"https:\/\/www.capri-matique.com\/client\/aprfae5\/\",\"name\":\"Association de personnes retrait\\u00e9es de la FAE\",\"description\":\"L&#039;association qui nous unit\",\"potentialAction\":[{\"@type\":\"SearchAction\",\"target\":{\"@type\":\"EntryPoint\",\"urlTemplate\":\"https:\/\/www.capri-matique.com\/client\/aprfae5\/?s={search_term_string}\"},\"query-input\":\"required name=search_term_string\"}],\"inLanguage\":\"fr-FR\"},{\"@type\":\"ImageObject\",\"@id\":\"https:\/\/www.capri-matique.com\/client\/aprfae5\/outaouais-activites-avril-2023\/#primaryimage\",\"inLanguage\":\"fr-FR\",\"url\":\"https:\/\/capri-matique.com\/client\/aprfae5\/wp-content\/uploads\/2023\/04\/Image_2_9a3b035c7b38499192d09dde9affd7d1.jpg\",\"contentUrl\":\"https:\/\/capri-matique.com\/client\/aprfae5\/wp-content\/uploads\/2023\/04\/Image_2_9a3b035c7b38499192d09dde9affd7d1.jpg\"},{\"@type\":\"WebPage\",\"@id\":\"https:\/\/www.capri-matique.com\/client\/aprfae5\/outaouais-activites-avril-2023\/#webpage\",\"url\":\"https:\/\/www.capri-matique.com\/client\/aprfae5\/outaouais-activites-avril-2023\/\",\"name\":\"Outaouais activit\\u00e9s avril 2023 - Association de personnes retrait\\u00e9es de la FAE\",\"isPartOf\":{\"@id\":\"https:\/\/www.capri-matique.com\/client\/aprfae5\/#website\"},\"primaryImageOfPage\":{\"@id\":\"https:\/\/www.capri-matique.com\/client\/aprfae5\/outaouais-activites-avril-2023\/#primaryimage\"},\"datePublished\":\"2023-04-11T19:17:45+00:00\",\"dateModified\":\"2023-04-11T19:29:04+00:00\",\"author\":{\"@id\":\"https:\/\/www.capri-matique.com\/client\/aprfae5\/#\/schema\/person\/d49ddfd2ee6ceb42ef2fbcdda1753954\"},\"breadcrumb\":{\"@id\":\"https:\/\/www.capri-matique.com\/client\/aprfae5\/outaouais-activites-avril-2023\/#breadcrumb\"},\"inLanguage\":\"fr-FR\",\"potentialAction\":[{\"@type\":\"ReadAction\",\"target\":[\"https:\/\/www.capri-matique.com\/client\/aprfae5\/outaouais-activites-avril-2023\/\"]}]},{\"@type\":\"BreadcrumbList\",\"@id\":\"https:\/\/www.capri-matique.com\/client\/aprfae5\/outaouais-activites-avril-2023\/#breadcrumb\",\"itemListElement\":[{\"@type\":\"ListItem\",\"position\":1,\"name\":\"Accueil\",\"item\":\"https:\/\/www.capri-matique.com\/client\/aprfae5\/\"},{\"@type\":\"ListItem\",\"position\":2,\"name\":\"Outaouais activit\\u00e9s avril 2023\"}]},{\"@type\":\"Person\",\"@id\":\"https:\/\/www.capri-matique.com\/client\/aprfae5\/#\/schema\/person\/d49ddfd2ee6ceb42ef2fbcdda1753954\",\"name\":\"Chantal Couture\",\"url\":\"https:\/\/www.capri-matique.com\/client\/aprfae5\/author\/chantal-couture\/\"}]}<\/script>\n<!-- \/ Yoast SEO plugin. -->","yoast_head_json":{"title":"Outaouais activit\u00e9s avril 2023 - Association de personnes retrait\u00e9es de la FAE","robots":{"index":"noindex","follow":"follow","max-snippet":"max-snippet:-1","max-image-preview":"max-image-preview:large","max-video-preview":"max-video-preview:-1"},"og_locale":"fr_FR","og_type":"article","og_title":"Outaouais activit\u00e9s avril 2023 - Association de personnes retrait\u00e9es de la FAE","og_description":"Membres de l&#8217;APRFAE Outaouais Le printemps arrive \u00e0 grands pas. Nos activit\u00e9s sociales, culturelles et sportives se poursuivent. Les conjointes et conjoints sont les bienvenus. Voici la liste des activit\u00e9s pour le mois d&#8217;avril 2023 Marche de sant\u00e9 Date : Le mercredi 12 avril et le jeudi 20 avril 2023 Heure : 13h30 Lieu : &hellip;","og_url":"https:\/\/www.capri-matique.com\/client\/aprfae5\/outaouais-activites-avril-2023\/","og_site_name":"Association de personnes retrait\u00e9es de la FAE","article_published_time":"2023-04-11T19:17:45+00:00","article_modified_time":"2023-04-11T19:29:04+00:00","og_image":[{"url":"https:\/\/capri-matique.com\/client\/aprfae5\/wp-content\/uploads\/2023\/04\/Image_2_9a3b035c7b38499192d09dde9affd7d1.jpg"}],"twitter_card":"summary","twitter_misc":{"\u00c9crit par":"Chantal Couture","Dur\u00e9e de lecture estim\u00e9e":"1 minute"},"schema":{"@context":"https:\/\/schema.org","@graph":[{"@type":"WebSite","@id":"https:\/\/www.capri-matique.com\/client\/aprfae5\/#website","url":"https:\/\/www.capri-matique.com\/client\/aprfae5\/","name":"Association de personnes retrait\u00e9es de la FAE","description":"L&#039;association qui nous unit","potentialAction":[{"@type":"SearchAction","target":{"@type":"EntryPoint","urlTemplate":"https:\/\/www.capri-matique.com\/client\/aprfae5\/?s={search_term_string}"},"query-input":"required name=search_term_string"}],"inLanguage":"fr-FR"},{"@type":"ImageObject","@id":"https:\/\/www.capri-matique.com\/client\/aprfae5\/outaouais-activites-avril-2023\/#primaryimage","inLanguage":"fr-FR","url":"https:\/\/capri-matique.com\/client\/aprfae5\/wp-content\/uploads\/2023\/04\/Image_2_9a3b035c7b38499192d09dde9affd7d1.jpg","contentUrl":"https:\/\/capri-matique.com\/client\/aprfae5\/wp-content\/uploads\/2023\/04\/Image_2_9a3b035c7b38499192d09dde9affd7d1.jpg"},{"@type":"WebPage","@id":"https:\/\/www.capri-matique.com\/client\/aprfae5\/outaouais-activites-avril-2023\/#webpage","url":"https:\/\/www.capri-matique.com\/client\/aprfae5\/outaouais-activites-avril-2023\/","name":"Outaouais activit\u00e9s avril 2023 - Association de personnes retrait\u00e9es de la FAE","isPartOf":{"@id":"https:\/\/www.capri-matique.com\/client\/aprfae5\/#website"},"primaryImageOfPage":{"@id":"https:\/\/www.capri-matique.com\/client\/aprfae5\/outaouais-activites-avril-2023\/#primaryimage"},"datePublished":"2023-04-11T19:17:45+00:00","dateModified":"2023-04-11T19:29:04+00:00","author":{"@id":"https:\/\/www.capri-matique.com\/client\/aprfae5\/#\/schema\/person\/d49ddfd2ee6ceb42ef2fbcdda1753954"},"breadcrumb":{"@id":"https:\/\/www.capri-matique.com\/client\/aprfae5\/outaouais-activites-avril-2023\/#breadcrumb"},"inLanguage":"fr-FR","potentialAction":[{"@type":"ReadAction","target":["https:\/\/www.capri-matique.com\/client\/aprfae5\/outaouais-activites-avril-2023\/"]}]},{"@type":"BreadcrumbList","@id":"https:\/\/www.capri-matique.com\/client\/aprfae5\/outaouais-activites-avril-2023\/#breadcrumb","itemListElement":[{"@type":"ListItem","position":1,"name":"Accueil","item":"https:\/\/www.capri-matique.com\/client\/aprfae5\/"},{"@type":"ListItem","position":2,"name":"Outaouais activit\u00e9s avril 2023"}]},{"@type":"Person","@id":"https:\/\/www.capri-matique.com\/client\/aprfae5\/#\/schema\/person\/d49ddfd2ee6ceb42ef2fbcdda1753954","name":"Chantal Couture","url":"https:\/\/www.capri-matique.com\/client\/aprfae5\/author\/chantal-couture\/"}]}},"_links":{"self":[{"href":"https:\/\/www.capri-matique.com\/client\/aprfae5\/wp-json\/wp\/v2\/posts\/8344","targetHints":{"allow":["GET"]}}],"collection":[{"href":"https:\/\/www.capri-matique.com\/client\/aprfae5\/wp-json\/wp\/v2\/posts"}],"about":[{"href":"https:\/\/www.capri-matique.com\/client\/aprfae5\/wp-json\/wp\/v2\/types\/post"}],"author":[{"embeddable":true,"href":"https:\/\/www.capri-matique.com\/client\/aprfae5\/wp-json\/wp\/v2\/users\/2"}],"replies":[{"embeddable":true,"href":"https:\/\/www.capri-matique.com\/client\/aprfae5\/wp-json\/wp\/v2\/comments?post=8344"}],"version-history":[{"count":7,"href":"https:\/\/www.capri-matique.com\/client\/aprfae5\/wp-json\/wp\/v2\/posts\/8344\/revisions"}],"predecessor-version":[{"id":8353,"href":"https:\/\/www.capri-matique.com\/client\/aprfae5\/wp-json\/wp\/v2\/posts\/8344\/revisions\/8353"}],"wp:attachment":[{"href":"https:\/\/www.capri-matique.com\/client\/aprfae5\/wp-json\/wp\/v2\/media?parent=8344"}],"wp:term":[{"taxonomy":"category","embeddable":true,"href":"https:\/\/www.capri-matique.com\/client\/aprfae5\/wp-json\/wp\/v2\/categories?post=8344"},{"taxonomy":"post_tag","embeddable":true,"href":"https:\/\/www.capri-matique.com\/client\/aprfae5\/wp-json\/wp\/v2\/tags?post=8344"}],"curies":[{"name":"wp","href":"https:\/\/api.w.org\/{rel}","templated":true}]}}