{"id":8283,"date":"2023-03-03T20:54:23","date_gmt":"2023-03-04T01:54:23","guid":{"rendered":"https:\/\/capri-matique.com\/client\/aprfae5\/?p=8283"},"modified":"2023-03-03T21:03:05","modified_gmt":"2023-03-04T02:03:05","slug":"8-mars-2023","status":"publish","type":"post","link":"https:\/\/www.capri-matique.com\/client\/aprfae5\/8-mars-2023\/","title":{"rendered":"8 mars 2023"},"content":{"rendered":"<p style=\"text-align: center;\"><strong>Journ\u00e9e internationale des droits des femmes &#8211; 8 mars 2023<\/strong><\/p>\n<p>&nbsp;<\/p>\n<p>Voici le texte du collectif 8 mars pour l\u2019\u00e9dition 2023. Plus qu\u2019un texte explicatif, un hymne, un appel \u00e0 l\u2019action, \u00e0 la c\u00e9l\u00e9bration de nos luttes, de notre sororit\u00e9.<\/p>\n<p><img decoding=\"async\" class=\"aligncenter wp-image-8284 size-full\" src=\"https:\/\/capri-matique.com\/client\/aprfae5\/wp-content\/uploads\/2023\/03\/collectif-8mars2023.png\" alt=\"\" width=\"184\" height=\"183\" \/><\/p>\n<p><strong><em>R\u00e9sistances f\u00e9ministes<\/em><\/strong><\/p>\n<p>&nbsp;<\/p>\n<p>Un slogan comme un chant de ralliement, un appel \u00e0 la lutte, des mots scand\u00e9s par nos a\u00efeules, nos s\u0153urs et nos alli\u00e9.e.s, hurl\u00e9s dans les rues, coll\u00e9s sur les murs, murmur\u00e9s dans nos intimit\u00e9s, ressentis au plus profond de nous-m\u00eames. Un slogan fait de nos diversit\u00e9s, aliment\u00e9 par nos col\u00e8res, nourri par notre sororit\u00e9. L\u2019heure n\u2019est pas \u00e0 la division. Elle n\u2019est pas \u00e0 la n\u00e9gociation. L\u2019heure n\u2019est pas silencieuse. Elle est grave. L\u2019urgence climatique, les polarisations, privatisations, l\u2019effritement des droits des femmes, l\u2019augmentation des violences \u00e0 nos \u00e9gards, l\u2019exacerbation des in\u00e9galit\u00e9s, la mont\u00e9e du racisme, le sexisme d\u00e9complex\u00e9, la haine assum\u00e9e. Un slogan comme une \u00e9vidence\u00a0:<\/p>\n<p>&nbsp;<\/p>\n<p><strong>L\u2019amour comme acte de r\u00e9sistance.<\/strong><\/p>\n<p>&nbsp;<\/p>\n","protected":false},"excerpt":{"rendered":"<p>Journ\u00e9e internationale des droits des femmes &#8211; 8 mars 2023 &nbsp; Voici le texte du collectif 8 mars pour l\u2019\u00e9dition 2023. Plus qu\u2019un texte explicatif, un hymne, un appel \u00e0 l\u2019action, \u00e0 la c\u00e9l\u00e9bration de nos luttes, de notre sororit\u00e9. R\u00e9sistances f\u00e9ministes &nbsp; Un slogan comme un chant de ralliement, un appel \u00e0 la lutte, &hellip;<\/p>\n","protected":false},"author":2,"featured_media":0,"comment_status":"closed","ping_status":"open","sticky":false,"template":"","format":"standard","meta":{"footnotes":""},"categories":[21],"tags":[],"class_list":["post-8283","post","type-post","status-publish","format-standard","hentry","category-evenements"],"yoast_head":"<!-- This site is optimized with the Yoast SEO plugin v17.3 - https:\/\/yoast.com\/wordpress\/plugins\/seo\/ -->\n<title>8 mars 2023 - Association de personnes retrait\u00e9es de la FAE<\/title>\n<meta name=\"robots\" content=\"noindex, follow, max-snippet:-1, max-image-preview:large, max-video-preview:-1\" \/>\n<meta property=\"og:locale\" content=\"fr_FR\" \/>\n<meta property=\"og:type\" content=\"article\" \/>\n<meta property=\"og:title\" content=\"8 mars 2023 - Association de personnes retrait\u00e9es de la FAE\" \/>\n<meta property=\"og:description\" content=\"Journ\u00e9e internationale des droits des femmes &#8211; 8 mars 2023 &nbsp; Voici le texte du collectif 8 mars pour l\u2019\u00e9dition 2023. Plus qu\u2019un texte explicatif, un hymne, un appel \u00e0 l\u2019action, \u00e0 la c\u00e9l\u00e9bration de nos luttes, de notre sororit\u00e9. R\u00e9sistances f\u00e9ministes &nbsp; Un slogan comme un chant de ralliement, un appel \u00e0 la lutte, &hellip;\" \/>\n<meta property=\"og:url\" content=\"https:\/\/www.capri-matique.com\/client\/aprfae5\/8-mars-2023\/\" \/>\n<meta property=\"og:site_name\" content=\"Association de personnes retrait\u00e9es de la FAE\" \/>\n<meta property=\"article:published_time\" content=\"2023-03-04T01:54:23+00:00\" \/>\n<meta property=\"article:modified_time\" content=\"2023-03-04T02:03:05+00:00\" \/>\n<meta property=\"og:image\" content=\"https:\/\/capri-matique.com\/client\/aprfae5\/wp-content\/uploads\/2023\/03\/collectif-8mars2023.png\" \/>\n<meta name=\"twitter:card\" content=\"summary\" \/>\n<meta name=\"twitter:label1\" content=\"\u00c9crit par\" \/>\n\t<meta name=\"twitter:data1\" content=\"Chantal Couture\" \/>\n\t<meta name=\"twitter:label2\" content=\"Dur\u00e9e de lecture estim\u00e9e\" \/>\n\t<meta name=\"twitter:data2\" content=\"1 minute\" \/>\n<script type=\"application\/ld+json\" class=\"yoast-schema-graph\">{\"@context\":\"https:\/\/schema.org\",\"@graph\":[{\"@type\":\"WebSite\",\"@id\":\"https:\/\/www.capri-matique.com\/client\/aprfae5\/#website\",\"url\":\"https:\/\/www.capri-matique.com\/client\/aprfae5\/\",\"name\":\"Association de personnes retrait\\u00e9es de la FAE\",\"description\":\"L&#039;association qui nous unit\",\"potentialAction\":[{\"@type\":\"SearchAction\",\"target\":{\"@type\":\"EntryPoint\",\"urlTemplate\":\"https:\/\/www.capri-matique.com\/client\/aprfae5\/?s={search_term_string}\"},\"query-input\":\"required name=search_term_string\"}],\"inLanguage\":\"fr-FR\"},{\"@type\":\"ImageObject\",\"@id\":\"https:\/\/www.capri-matique.com\/client\/aprfae5\/8-mars-2023\/#primaryimage\",\"inLanguage\":\"fr-FR\",\"url\":\"https:\/\/capri-matique.com\/client\/aprfae5\/wp-content\/uploads\/2023\/03\/collectif-8mars2023.png\",\"contentUrl\":\"https:\/\/capri-matique.com\/client\/aprfae5\/wp-content\/uploads\/2023\/03\/collectif-8mars2023.png\"},{\"@type\":\"WebPage\",\"@id\":\"https:\/\/www.capri-matique.com\/client\/aprfae5\/8-mars-2023\/#webpage\",\"url\":\"https:\/\/www.capri-matique.com\/client\/aprfae5\/8-mars-2023\/\",\"name\":\"8 mars 2023 - Association de personnes retrait\\u00e9es de la FAE\",\"isPartOf\":{\"@id\":\"https:\/\/www.capri-matique.com\/client\/aprfae5\/#website\"},\"primaryImageOfPage\":{\"@id\":\"https:\/\/www.capri-matique.com\/client\/aprfae5\/8-mars-2023\/#primaryimage\"},\"datePublished\":\"2023-03-04T01:54:23+00:00\",\"dateModified\":\"2023-03-04T02:03:05+00:00\",\"author\":{\"@id\":\"https:\/\/www.capri-matique.com\/client\/aprfae5\/#\/schema\/person\/d49ddfd2ee6ceb42ef2fbcdda1753954\"},\"breadcrumb\":{\"@id\":\"https:\/\/www.capri-matique.com\/client\/aprfae5\/8-mars-2023\/#breadcrumb\"},\"inLanguage\":\"fr-FR\",\"potentialAction\":[{\"@type\":\"ReadAction\",\"target\":[\"https:\/\/www.capri-matique.com\/client\/aprfae5\/8-mars-2023\/\"]}]},{\"@type\":\"BreadcrumbList\",\"@id\":\"https:\/\/www.capri-matique.com\/client\/aprfae5\/8-mars-2023\/#breadcrumb\",\"itemListElement\":[{\"@type\":\"ListItem\",\"position\":1,\"name\":\"Accueil\",\"item\":\"https:\/\/www.capri-matique.com\/client\/aprfae5\/\"},{\"@type\":\"ListItem\",\"position\":2,\"name\":\"8 mars 2023\"}]},{\"@type\":\"Person\",\"@id\":\"https:\/\/www.capri-matique.com\/client\/aprfae5\/#\/schema\/person\/d49ddfd2ee6ceb42ef2fbcdda1753954\",\"name\":\"Chantal Couture\",\"url\":\"https:\/\/www.capri-matique.com\/client\/aprfae5\/author\/chantal-couture\/\"}]}<\/script>\n<!-- \/ Yoast SEO plugin. -->","yoast_head_json":{"title":"8 mars 2023 - Association de personnes retrait\u00e9es de la FAE","robots":{"index":"noindex","follow":"follow","max-snippet":"max-snippet:-1","max-image-preview":"max-image-preview:large","max-video-preview":"max-video-preview:-1"},"og_locale":"fr_FR","og_type":"article","og_title":"8 mars 2023 - Association de personnes retrait\u00e9es de la FAE","og_description":"Journ\u00e9e internationale des droits des femmes &#8211; 8 mars 2023 &nbsp; Voici le texte du collectif 8 mars pour l\u2019\u00e9dition 2023. Plus qu\u2019un texte explicatif, un hymne, un appel \u00e0 l\u2019action, \u00e0 la c\u00e9l\u00e9bration de nos luttes, de notre sororit\u00e9. R\u00e9sistances f\u00e9ministes &nbsp; Un slogan comme un chant de ralliement, un appel \u00e0 la lutte, &hellip;","og_url":"https:\/\/www.capri-matique.com\/client\/aprfae5\/8-mars-2023\/","og_site_name":"Association de personnes retrait\u00e9es de la FAE","article_published_time":"2023-03-04T01:54:23+00:00","article_modified_time":"2023-03-04T02:03:05+00:00","og_image":[{"url":"https:\/\/capri-matique.com\/client\/aprfae5\/wp-content\/uploads\/2023\/03\/collectif-8mars2023.png"}],"twitter_card":"summary","twitter_misc":{"\u00c9crit par":"Chantal Couture","Dur\u00e9e de lecture estim\u00e9e":"1 minute"},"schema":{"@context":"https:\/\/schema.org","@graph":[{"@type":"WebSite","@id":"https:\/\/www.capri-matique.com\/client\/aprfae5\/#website","url":"https:\/\/www.capri-matique.com\/client\/aprfae5\/","name":"Association de personnes retrait\u00e9es de la FAE","description":"L&#039;association qui nous unit","potentialAction":[{"@type":"SearchAction","target":{"@type":"EntryPoint","urlTemplate":"https:\/\/www.capri-matique.com\/client\/aprfae5\/?s={search_term_string}"},"query-input":"required name=search_term_string"}],"inLanguage":"fr-FR"},{"@type":"ImageObject","@id":"https:\/\/www.capri-matique.com\/client\/aprfae5\/8-mars-2023\/#primaryimage","inLanguage":"fr-FR","url":"https:\/\/capri-matique.com\/client\/aprfae5\/wp-content\/uploads\/2023\/03\/collectif-8mars2023.png","contentUrl":"https:\/\/capri-matique.com\/client\/aprfae5\/wp-content\/uploads\/2023\/03\/collectif-8mars2023.png"},{"@type":"WebPage","@id":"https:\/\/www.capri-matique.com\/client\/aprfae5\/8-mars-2023\/#webpage","url":"https:\/\/www.capri-matique.com\/client\/aprfae5\/8-mars-2023\/","name":"8 mars 2023 - Association de personnes retrait\u00e9es de la FAE","isPartOf":{"@id":"https:\/\/www.capri-matique.com\/client\/aprfae5\/#website"},"primaryImageOfPage":{"@id":"https:\/\/www.capri-matique.com\/client\/aprfae5\/8-mars-2023\/#primaryimage"},"datePublished":"2023-03-04T01:54:23+00:00","dateModified":"2023-03-04T02:03:05+00:00","author":{"@id":"https:\/\/www.capri-matique.com\/client\/aprfae5\/#\/schema\/person\/d49ddfd2ee6ceb42ef2fbcdda1753954"},"breadcrumb":{"@id":"https:\/\/www.capri-matique.com\/client\/aprfae5\/8-mars-2023\/#breadcrumb"},"inLanguage":"fr-FR","potentialAction":[{"@type":"ReadAction","target":["https:\/\/www.capri-matique.com\/client\/aprfae5\/8-mars-2023\/"]}]},{"@type":"BreadcrumbList","@id":"https:\/\/www.capri-matique.com\/client\/aprfae5\/8-mars-2023\/#breadcrumb","itemListElement":[{"@type":"ListItem","position":1,"name":"Accueil","item":"https:\/\/www.capri-matique.com\/client\/aprfae5\/"},{"@type":"ListItem","position":2,"name":"8 mars 2023"}]},{"@type":"Person","@id":"https:\/\/www.capri-matique.com\/client\/aprfae5\/#\/schema\/person\/d49ddfd2ee6ceb42ef2fbcdda1753954","name":"Chantal Couture","url":"https:\/\/www.capri-matique.com\/client\/aprfae5\/author\/chantal-couture\/"}]}},"_links":{"self":[{"href":"https:\/\/www.capri-matique.com\/client\/aprfae5\/wp-json\/wp\/v2\/posts\/8283","targetHints":{"allow":["GET"]}}],"collection":[{"href":"https:\/\/www.capri-matique.com\/client\/aprfae5\/wp-json\/wp\/v2\/posts"}],"about":[{"href":"https:\/\/www.capri-matique.com\/client\/aprfae5\/wp-json\/wp\/v2\/types\/post"}],"author":[{"embeddable":true,"href":"https:\/\/www.capri-matique.com\/client\/aprfae5\/wp-json\/wp\/v2\/users\/2"}],"replies":[{"embeddable":true,"href":"https:\/\/www.capri-matique.com\/client\/aprfae5\/wp-json\/wp\/v2\/comments?post=8283"}],"version-history":[{"count":3,"href":"https:\/\/www.capri-matique.com\/client\/aprfae5\/wp-json\/wp\/v2\/posts\/8283\/revisions"}],"predecessor-version":[{"id":8287,"href":"https:\/\/www.capri-matique.com\/client\/aprfae5\/wp-json\/wp\/v2\/posts\/8283\/revisions\/8287"}],"wp:attachment":[{"href":"https:\/\/www.capri-matique.com\/client\/aprfae5\/wp-json\/wp\/v2\/media?parent=8283"}],"wp:term":[{"taxonomy":"category","embeddable":true,"href":"https:\/\/www.capri-matique.com\/client\/aprfae5\/wp-json\/wp\/v2\/categories?post=8283"},{"taxonomy":"post_tag","embeddable":true,"href":"https:\/\/www.capri-matique.com\/client\/aprfae5\/wp-json\/wp\/v2\/tags?post=8283"}],"curies":[{"name":"wp","href":"https:\/\/api.w.org\/{rel}","templated":true}]}}