{"id":8216,"date":"2023-02-01T13:12:44","date_gmt":"2023-02-01T18:12:44","guid":{"rendered":"https:\/\/capri-matique.com\/client\/aprfae5\/?p=8216"},"modified":"2023-02-01T13:18:42","modified_gmt":"2023-02-01T18:18:42","slug":"activites-outaouais-fevrier-2023","status":"publish","type":"post","link":"https:\/\/www.capri-matique.com\/client\/aprfae5\/activites-outaouais-fevrier-2023\/","title":{"rendered":"Activit\u00e9s Outaouais f\u00e9vrier 2023"},"content":{"rendered":"<p>Cet hiver nos activit\u00e9s sociales, culturelles et sportives se poursuivent. Les conjointes et conjoints sont les bienvenus. Voici la liste des activit\u00e9s pour le mois de f\u00e9vrier 2023.<\/p>\n<p><img fetchpriority=\"high\" decoding=\"async\" class=\" wp-image-8218 aligncenter\" src=\"https:\/\/capri-matique.com\/client\/aprfae5\/wp-content\/uploads\/2023\/02\/sport-hiver-f-300x150.jpg\" alt=\"\" width=\"404\" height=\"202\" srcset=\"https:\/\/www.capri-matique.com\/client\/aprfae5\/wp-content\/uploads\/2023\/02\/sport-hiver-f-300x150.jpg 300w, https:\/\/www.capri-matique.com\/client\/aprfae5\/wp-content\/uploads\/2023\/02\/sport-hiver-f-1024x512.jpg 1024w, https:\/\/www.capri-matique.com\/client\/aprfae5\/wp-content\/uploads\/2023\/02\/sport-hiver-f-1536x768.jpg 1536w, https:\/\/www.capri-matique.com\/client\/aprfae5\/wp-content\/uploads\/2023\/02\/sport-hiver-f-2048x1024.jpg 2048w\" sizes=\"(max-width: 404px) 100vw, 404px\" \/><\/p>\n<p>&nbsp;<\/p>\n<p><strong>MARCHE et\/ou SKI de FOND suivi d&#8217;un caf\u00e9<\/strong><strong><br \/>\n<\/strong>Date : Le jeudi 2 f\u00e9vrier<br \/>\nHeure : 13h30<br \/>\nLieu : Stationnement Lac Leamy (c\u00f4t\u00e9 resto St-\u00c9loi)<br \/>\nCo\u00fbt : Location \u00e9quipement GRATUIT avec Carte Acc\u00e8s Gatineau +<\/p>\n<p><strong>\u00a0<\/strong><strong><br \/>\nRANDONN\u00c9E &#8211; Pleine Lune- lampe frontale et souper chalet Healey<br \/>\n<\/strong>Date : Le mardi 7 f\u00e9vrier<br \/>\nHeure : 17h30 \u00e0 environ 20h45<br \/>\nLieu : P15- sortie Croos-Loop, Chelsea<br \/>\nSouper: Apportez votre repas<\/p>\n<p>&nbsp;<\/p>\n<p><strong>\u00a0<\/strong><strong>GLISSADE avec TUBE et\/ou MARCHE (crampons et\/ou b\u00e2tons) et souper<br \/>\n<\/strong>Date : Le jeudi 9 f\u00e9vrier<br \/>\nHeure : 14h<br \/>\nLieu : P1- Parc Lac Beauchamp (3 i\u00e8me stationnement- Pr\u00e8s du chalet)<br \/>\nCo\u00fbt : GRATUIT avec carte Acc\u00e8s Gatineau+<\/p>\n<p>&nbsp;<\/p>\n<p><strong>MARCHE suivie d&#8217;un caf\u00e9 et\/ou un souper<\/strong><strong><br \/>\n<\/strong>Date : jeudi 16 f\u00e9vrier 2023<br \/>\nHeure: 13h30<br \/>\nLieu : Stationnement \u00c9glise St-Fran\u00e7ois-De-Sales, rue Jacques-Cartier<\/p>\n<p>&nbsp;<\/p>\n<p><strong>D\u00c9JEUNER-RENCONTRE suivi d&#8217;une marche autour du lac Leamy<\/strong><br \/>\nDate : Le jeudi 23 f\u00e9vrier<br \/>\nHeure : 9h15<br \/>\nLieu : Restaurant St-\u00c9loi<\/p>\n<p><strong>Marthe et Francine (819) 593-5321 (cell)<\/strong><\/p>\n","protected":false},"excerpt":{"rendered":"<p>Cet hiver nos activit\u00e9s sociales, culturelles et sportives se poursuivent. Les conjointes et conjoints sont les bienvenus. Voici la liste des activit\u00e9s pour le mois de f\u00e9vrier 2023. &nbsp; MARCHE et\/ou SKI de FOND suivi d&#8217;un caf\u00e9 Date : Le jeudi 2 f\u00e9vrier Heure : 13h30 Lieu : Stationnement Lac Leamy (c\u00f4t\u00e9 resto St-\u00c9loi) Co\u00fbt &hellip;<\/p>\n","protected":false},"author":2,"featured_media":0,"comment_status":"closed","ping_status":"open","sticky":false,"template":"","format":"standard","meta":{"footnotes":""},"categories":[1],"tags":[],"class_list":["post-8216","post","type-post","status-publish","format-standard","hentry","category-uncategorized"],"yoast_head":"<!-- This site is optimized with the Yoast SEO plugin v17.3 - https:\/\/yoast.com\/wordpress\/plugins\/seo\/ -->\n<title>Activit\u00e9s Outaouais f\u00e9vrier 2023 - Association de personnes retrait\u00e9es de la FAE<\/title>\n<meta name=\"robots\" content=\"noindex, follow, max-snippet:-1, max-image-preview:large, max-video-preview:-1\" \/>\n<meta property=\"og:locale\" content=\"fr_FR\" \/>\n<meta property=\"og:type\" content=\"article\" \/>\n<meta property=\"og:title\" content=\"Activit\u00e9s Outaouais f\u00e9vrier 2023 - Association de personnes retrait\u00e9es de la FAE\" \/>\n<meta property=\"og:description\" content=\"Cet hiver nos activit\u00e9s sociales, culturelles et sportives se poursuivent. Les conjointes et conjoints sont les bienvenus. Voici la liste des activit\u00e9s pour le mois de f\u00e9vrier 2023. &nbsp; MARCHE et\/ou SKI de FOND suivi d&#8217;un caf\u00e9 Date : Le jeudi 2 f\u00e9vrier Heure : 13h30 Lieu : Stationnement Lac Leamy (c\u00f4t\u00e9 resto St-\u00c9loi) Co\u00fbt &hellip;\" \/>\n<meta property=\"og:url\" content=\"https:\/\/www.capri-matique.com\/client\/aprfae5\/activites-outaouais-fevrier-2023\/\" \/>\n<meta property=\"og:site_name\" content=\"Association de personnes retrait\u00e9es de la FAE\" \/>\n<meta property=\"article:published_time\" content=\"2023-02-01T18:12:44+00:00\" \/>\n<meta property=\"article:modified_time\" content=\"2023-02-01T18:18:42+00:00\" \/>\n<meta property=\"og:image\" content=\"https:\/\/capri-matique.com\/client\/aprfae5\/wp-content\/uploads\/2023\/02\/sport-hiver-f-300x150.jpg\" \/>\n<meta name=\"twitter:card\" content=\"summary\" \/>\n<meta name=\"twitter:label1\" content=\"\u00c9crit par\" \/>\n\t<meta name=\"twitter:data1\" content=\"Chantal Couture\" \/>\n\t<meta name=\"twitter:label2\" content=\"Dur\u00e9e de lecture estim\u00e9e\" \/>\n\t<meta name=\"twitter:data2\" content=\"1 minute\" \/>\n<script type=\"application\/ld+json\" class=\"yoast-schema-graph\">{\"@context\":\"https:\/\/schema.org\",\"@graph\":[{\"@type\":\"WebSite\",\"@id\":\"https:\/\/www.capri-matique.com\/client\/aprfae5\/#website\",\"url\":\"https:\/\/www.capri-matique.com\/client\/aprfae5\/\",\"name\":\"Association de personnes retrait\\u00e9es de la FAE\",\"description\":\"L&#039;association qui nous unit\",\"potentialAction\":[{\"@type\":\"SearchAction\",\"target\":{\"@type\":\"EntryPoint\",\"urlTemplate\":\"https:\/\/www.capri-matique.com\/client\/aprfae5\/?s={search_term_string}\"},\"query-input\":\"required name=search_term_string\"}],\"inLanguage\":\"fr-FR\"},{\"@type\":\"ImageObject\",\"@id\":\"https:\/\/www.capri-matique.com\/client\/aprfae5\/activites-outaouais-fevrier-2023\/#primaryimage\",\"inLanguage\":\"fr-FR\",\"url\":\"https:\/\/capri-matique.com\/client\/aprfae5\/wp-content\/uploads\/2023\/02\/sport-hiver-f-300x150.jpg\",\"contentUrl\":\"https:\/\/capri-matique.com\/client\/aprfae5\/wp-content\/uploads\/2023\/02\/sport-hiver-f-300x150.jpg\"},{\"@type\":\"WebPage\",\"@id\":\"https:\/\/www.capri-matique.com\/client\/aprfae5\/activites-outaouais-fevrier-2023\/#webpage\",\"url\":\"https:\/\/www.capri-matique.com\/client\/aprfae5\/activites-outaouais-fevrier-2023\/\",\"name\":\"Activit\\u00e9s Outaouais f\\u00e9vrier 2023 - Association de personnes retrait\\u00e9es de la FAE\",\"isPartOf\":{\"@id\":\"https:\/\/www.capri-matique.com\/client\/aprfae5\/#website\"},\"primaryImageOfPage\":{\"@id\":\"https:\/\/www.capri-matique.com\/client\/aprfae5\/activites-outaouais-fevrier-2023\/#primaryimage\"},\"datePublished\":\"2023-02-01T18:12:44+00:00\",\"dateModified\":\"2023-02-01T18:18:42+00:00\",\"author\":{\"@id\":\"https:\/\/www.capri-matique.com\/client\/aprfae5\/#\/schema\/person\/d49ddfd2ee6ceb42ef2fbcdda1753954\"},\"breadcrumb\":{\"@id\":\"https:\/\/www.capri-matique.com\/client\/aprfae5\/activites-outaouais-fevrier-2023\/#breadcrumb\"},\"inLanguage\":\"fr-FR\",\"potentialAction\":[{\"@type\":\"ReadAction\",\"target\":[\"https:\/\/www.capri-matique.com\/client\/aprfae5\/activites-outaouais-fevrier-2023\/\"]}]},{\"@type\":\"BreadcrumbList\",\"@id\":\"https:\/\/www.capri-matique.com\/client\/aprfae5\/activites-outaouais-fevrier-2023\/#breadcrumb\",\"itemListElement\":[{\"@type\":\"ListItem\",\"position\":1,\"name\":\"Accueil\",\"item\":\"https:\/\/www.capri-matique.com\/client\/aprfae5\/\"},{\"@type\":\"ListItem\",\"position\":2,\"name\":\"Activit\\u00e9s Outaouais f\\u00e9vrier 2023\"}]},{\"@type\":\"Person\",\"@id\":\"https:\/\/www.capri-matique.com\/client\/aprfae5\/#\/schema\/person\/d49ddfd2ee6ceb42ef2fbcdda1753954\",\"name\":\"Chantal Couture\",\"url\":\"https:\/\/www.capri-matique.com\/client\/aprfae5\/author\/chantal-couture\/\"}]}<\/script>\n<!-- \/ Yoast SEO plugin. -->","yoast_head_json":{"title":"Activit\u00e9s Outaouais f\u00e9vrier 2023 - Association de personnes retrait\u00e9es de la FAE","robots":{"index":"noindex","follow":"follow","max-snippet":"max-snippet:-1","max-image-preview":"max-image-preview:large","max-video-preview":"max-video-preview:-1"},"og_locale":"fr_FR","og_type":"article","og_title":"Activit\u00e9s Outaouais f\u00e9vrier 2023 - Association de personnes retrait\u00e9es de la FAE","og_description":"Cet hiver nos activit\u00e9s sociales, culturelles et sportives se poursuivent. Les conjointes et conjoints sont les bienvenus. Voici la liste des activit\u00e9s pour le mois de f\u00e9vrier 2023. &nbsp; MARCHE et\/ou SKI de FOND suivi d&#8217;un caf\u00e9 Date : Le jeudi 2 f\u00e9vrier Heure : 13h30 Lieu : Stationnement Lac Leamy (c\u00f4t\u00e9 resto St-\u00c9loi) Co\u00fbt &hellip;","og_url":"https:\/\/www.capri-matique.com\/client\/aprfae5\/activites-outaouais-fevrier-2023\/","og_site_name":"Association de personnes retrait\u00e9es de la FAE","article_published_time":"2023-02-01T18:12:44+00:00","article_modified_time":"2023-02-01T18:18:42+00:00","og_image":[{"url":"https:\/\/capri-matique.com\/client\/aprfae5\/wp-content\/uploads\/2023\/02\/sport-hiver-f-300x150.jpg"}],"twitter_card":"summary","twitter_misc":{"\u00c9crit par":"Chantal Couture","Dur\u00e9e de lecture estim\u00e9e":"1 minute"},"schema":{"@context":"https:\/\/schema.org","@graph":[{"@type":"WebSite","@id":"https:\/\/www.capri-matique.com\/client\/aprfae5\/#website","url":"https:\/\/www.capri-matique.com\/client\/aprfae5\/","name":"Association de personnes retrait\u00e9es de la FAE","description":"L&#039;association qui nous unit","potentialAction":[{"@type":"SearchAction","target":{"@type":"EntryPoint","urlTemplate":"https:\/\/www.capri-matique.com\/client\/aprfae5\/?s={search_term_string}"},"query-input":"required name=search_term_string"}],"inLanguage":"fr-FR"},{"@type":"ImageObject","@id":"https:\/\/www.capri-matique.com\/client\/aprfae5\/activites-outaouais-fevrier-2023\/#primaryimage","inLanguage":"fr-FR","url":"https:\/\/capri-matique.com\/client\/aprfae5\/wp-content\/uploads\/2023\/02\/sport-hiver-f-300x150.jpg","contentUrl":"https:\/\/capri-matique.com\/client\/aprfae5\/wp-content\/uploads\/2023\/02\/sport-hiver-f-300x150.jpg"},{"@type":"WebPage","@id":"https:\/\/www.capri-matique.com\/client\/aprfae5\/activites-outaouais-fevrier-2023\/#webpage","url":"https:\/\/www.capri-matique.com\/client\/aprfae5\/activites-outaouais-fevrier-2023\/","name":"Activit\u00e9s Outaouais f\u00e9vrier 2023 - Association de personnes retrait\u00e9es de la FAE","isPartOf":{"@id":"https:\/\/www.capri-matique.com\/client\/aprfae5\/#website"},"primaryImageOfPage":{"@id":"https:\/\/www.capri-matique.com\/client\/aprfae5\/activites-outaouais-fevrier-2023\/#primaryimage"},"datePublished":"2023-02-01T18:12:44+00:00","dateModified":"2023-02-01T18:18:42+00:00","author":{"@id":"https:\/\/www.capri-matique.com\/client\/aprfae5\/#\/schema\/person\/d49ddfd2ee6ceb42ef2fbcdda1753954"},"breadcrumb":{"@id":"https:\/\/www.capri-matique.com\/client\/aprfae5\/activites-outaouais-fevrier-2023\/#breadcrumb"},"inLanguage":"fr-FR","potentialAction":[{"@type":"ReadAction","target":["https:\/\/www.capri-matique.com\/client\/aprfae5\/activites-outaouais-fevrier-2023\/"]}]},{"@type":"BreadcrumbList","@id":"https:\/\/www.capri-matique.com\/client\/aprfae5\/activites-outaouais-fevrier-2023\/#breadcrumb","itemListElement":[{"@type":"ListItem","position":1,"name":"Accueil","item":"https:\/\/www.capri-matique.com\/client\/aprfae5\/"},{"@type":"ListItem","position":2,"name":"Activit\u00e9s Outaouais f\u00e9vrier 2023"}]},{"@type":"Person","@id":"https:\/\/www.capri-matique.com\/client\/aprfae5\/#\/schema\/person\/d49ddfd2ee6ceb42ef2fbcdda1753954","name":"Chantal Couture","url":"https:\/\/www.capri-matique.com\/client\/aprfae5\/author\/chantal-couture\/"}]}},"_links":{"self":[{"href":"https:\/\/www.capri-matique.com\/client\/aprfae5\/wp-json\/wp\/v2\/posts\/8216","targetHints":{"allow":["GET"]}}],"collection":[{"href":"https:\/\/www.capri-matique.com\/client\/aprfae5\/wp-json\/wp\/v2\/posts"}],"about":[{"href":"https:\/\/www.capri-matique.com\/client\/aprfae5\/wp-json\/wp\/v2\/types\/post"}],"author":[{"embeddable":true,"href":"https:\/\/www.capri-matique.com\/client\/aprfae5\/wp-json\/wp\/v2\/users\/2"}],"replies":[{"embeddable":true,"href":"https:\/\/www.capri-matique.com\/client\/aprfae5\/wp-json\/wp\/v2\/comments?post=8216"}],"version-history":[{"count":6,"href":"https:\/\/www.capri-matique.com\/client\/aprfae5\/wp-json\/wp\/v2\/posts\/8216\/revisions"}],"predecessor-version":[{"id":8226,"href":"https:\/\/www.capri-matique.com\/client\/aprfae5\/wp-json\/wp\/v2\/posts\/8216\/revisions\/8226"}],"wp:attachment":[{"href":"https:\/\/www.capri-matique.com\/client\/aprfae5\/wp-json\/wp\/v2\/media?parent=8216"}],"wp:term":[{"taxonomy":"category","embeddable":true,"href":"https:\/\/www.capri-matique.com\/client\/aprfae5\/wp-json\/wp\/v2\/categories?post=8216"},{"taxonomy":"post_tag","embeddable":true,"href":"https:\/\/www.capri-matique.com\/client\/aprfae5\/wp-json\/wp\/v2\/tags?post=8216"}],"curies":[{"name":"wp","href":"https:\/\/api.w.org\/{rel}","templated":true}]}}