{"id":8197,"date":"2023-01-11T12:01:28","date_gmt":"2023-01-11T17:01:28","guid":{"rendered":"https:\/\/capri-matique.com\/client\/aprfae5\/?p=8197"},"modified":"2023-01-11T12:04:45","modified_gmt":"2023-01-11T17:04:45","slug":"activites-outaouais-janvier-2023","status":"publish","type":"post","link":"https:\/\/www.capri-matique.com\/client\/aprfae5\/activites-outaouais-janvier-2023\/","title":{"rendered":"Activit\u00e9s Outaouais janvier 2023"},"content":{"rendered":"<p style=\"text-align: center;\"><span style=\"font-size: 16pt; color: #800000;\"><strong>Membres de l&#8217;APRFAE Outaouais<\/strong><\/span><\/p>\n<p>&nbsp;<\/p>\n<p>Cet hiver nos activit\u00e9s sociales, culturelles et sportives se poursuivent. Les conjointes et conjoints sont les bienvenues. Voici la liste des activit\u00e9s pour le mois de janvier 2023.<\/p>\n<p>&nbsp;<\/p>\n<p><img decoding=\"async\" class=\"size-full wp-image-8195 aligncenter\" src=\"https:\/\/capri-matique.com\/client\/aprfae5\/wp-content\/uploads\/2023\/01\/Image_2_0b6f7d9db9fc4121869f8262952ae5cb.png\" alt=\"\" width=\"90\" height=\"127\" \/><\/p>\n<p>&nbsp;<\/p>\n<p><strong>MARCHE suivie d&#8217;un caf\u00e9 et\/ou un d\u00eener<\/strong><strong><br \/>\n<\/strong><br \/>\nDate:\u00a0jeudi 12 janvier 2023<br \/>\nHeure: 10h15<br \/>\nLieu: Stationnement \u00c9glise St-Fran\u00e7ois-De-Sales, le long de la rivi\u00e8re, rue Jacques-Cartier<\/p>\n<p><strong>QUILLES et\/ou BILLARD<\/strong><\/p>\n<p>Date:\u00a0jeudi 19 janvier 2023<br \/>\nHeure: 13h30<br \/>\nLieu: Salle Anik, 975 boul. St-Joseph, Hull (819) 776-3535<\/p>\n<p>Prix:<\/p>\n<p>Quilles: Une partie = 8.50 \/ 2 parties = 14.50 \/ 3 parties = 16.00 Taxes et souliers inclus<\/p>\n<p>Billard : Deux dollars par partie<\/p>\n<p><span style=\"color: #800000;\">R\u00e9servations requises aupr\u00e8s de Francine au <a style=\"color: #800000;\" href=\"mailto:chenier.fr@hotmail.com\">chenier.fr@hotmail.com<\/a> ou (819) 595-1599(r\u00e9s)\/ (819) 593-5321 (cell).<\/span><\/p>\n<p>&nbsp;<\/p>\n<p><strong>D\u00c9JEUNER-RENCONTRE<\/strong><\/p>\n<p>Date: Le jeudi 26 janvier<br \/>\nHeure: 9h15<br \/>\nLieu: Restaurant St-\u00c9loi<\/p>\n<p><span style=\"color: #800000;\">Marche: Avant le d\u00e9jeuner- 8h30 et apr\u00e8s le d\u00e9jeuner &#8211; vers 11 heures<\/span>.<\/p>\n<p>&nbsp;<\/p>\n","protected":false},"excerpt":{"rendered":"<p>Membres de l&#8217;APRFAE Outaouais &nbsp; Cet hiver nos activit\u00e9s sociales, culturelles et sportives se poursuivent. Les conjointes et conjoints sont les bienvenues. Voici la liste des activit\u00e9s pour le mois de janvier 2023. &nbsp; &nbsp; MARCHE suivie d&#8217;un caf\u00e9 et\/ou un d\u00eener Date:\u00a0jeudi 12 janvier 2023 Heure: 10h15 Lieu: Stationnement \u00c9glise St-Fran\u00e7ois-De-Sales, le long de &hellip;<\/p>\n","protected":false},"author":2,"featured_media":0,"comment_status":"closed","ping_status":"open","sticky":false,"template":"","format":"standard","meta":{"footnotes":""},"categories":[1],"tags":[],"class_list":["post-8197","post","type-post","status-publish","format-standard","hentry","category-uncategorized"],"yoast_head":"<!-- This site is optimized with the Yoast SEO plugin v17.3 - https:\/\/yoast.com\/wordpress\/plugins\/seo\/ -->\n<title>Activit\u00e9s Outaouais janvier 2023 - Association de personnes retrait\u00e9es de la FAE<\/title>\n<meta name=\"robots\" content=\"noindex, follow, max-snippet:-1, max-image-preview:large, max-video-preview:-1\" \/>\n<meta property=\"og:locale\" content=\"fr_FR\" \/>\n<meta property=\"og:type\" content=\"article\" \/>\n<meta property=\"og:title\" content=\"Activit\u00e9s Outaouais janvier 2023 - Association de personnes retrait\u00e9es de la FAE\" \/>\n<meta property=\"og:description\" content=\"Membres de l&#8217;APRFAE Outaouais &nbsp; Cet hiver nos activit\u00e9s sociales, culturelles et sportives se poursuivent. Les conjointes et conjoints sont les bienvenues. Voici la liste des activit\u00e9s pour le mois de janvier 2023. &nbsp; &nbsp; MARCHE suivie d&#8217;un caf\u00e9 et\/ou un d\u00eener Date:\u00a0jeudi 12 janvier 2023 Heure: 10h15 Lieu: Stationnement \u00c9glise St-Fran\u00e7ois-De-Sales, le long de &hellip;\" \/>\n<meta property=\"og:url\" content=\"https:\/\/www.capri-matique.com\/client\/aprfae5\/activites-outaouais-janvier-2023\/\" \/>\n<meta property=\"og:site_name\" content=\"Association de personnes retrait\u00e9es de la FAE\" \/>\n<meta property=\"article:published_time\" content=\"2023-01-11T17:01:28+00:00\" \/>\n<meta property=\"article:modified_time\" content=\"2023-01-11T17:04:45+00:00\" \/>\n<meta property=\"og:image\" content=\"https:\/\/capri-matique.com\/client\/aprfae5\/wp-content\/uploads\/2023\/01\/Image_2_0b6f7d9db9fc4121869f8262952ae5cb.png\" \/>\n<meta name=\"twitter:card\" content=\"summary\" \/>\n<meta name=\"twitter:label1\" content=\"\u00c9crit par\" \/>\n\t<meta name=\"twitter:data1\" content=\"Chantal Couture\" \/>\n\t<meta name=\"twitter:label2\" content=\"Dur\u00e9e de lecture estim\u00e9e\" \/>\n\t<meta name=\"twitter:data2\" content=\"1 minute\" \/>\n<script type=\"application\/ld+json\" class=\"yoast-schema-graph\">{\"@context\":\"https:\/\/schema.org\",\"@graph\":[{\"@type\":\"WebSite\",\"@id\":\"https:\/\/www.capri-matique.com\/client\/aprfae5\/#website\",\"url\":\"https:\/\/www.capri-matique.com\/client\/aprfae5\/\",\"name\":\"Association de personnes retrait\\u00e9es de la FAE\",\"description\":\"L&#039;association qui nous unit\",\"potentialAction\":[{\"@type\":\"SearchAction\",\"target\":{\"@type\":\"EntryPoint\",\"urlTemplate\":\"https:\/\/www.capri-matique.com\/client\/aprfae5\/?s={search_term_string}\"},\"query-input\":\"required name=search_term_string\"}],\"inLanguage\":\"fr-FR\"},{\"@type\":\"ImageObject\",\"@id\":\"https:\/\/www.capri-matique.com\/client\/aprfae5\/activites-outaouais-janvier-2023\/#primaryimage\",\"inLanguage\":\"fr-FR\",\"url\":\"https:\/\/capri-matique.com\/client\/aprfae5\/wp-content\/uploads\/2023\/01\/Image_2_0b6f7d9db9fc4121869f8262952ae5cb.png\",\"contentUrl\":\"https:\/\/capri-matique.com\/client\/aprfae5\/wp-content\/uploads\/2023\/01\/Image_2_0b6f7d9db9fc4121869f8262952ae5cb.png\"},{\"@type\":\"WebPage\",\"@id\":\"https:\/\/www.capri-matique.com\/client\/aprfae5\/activites-outaouais-janvier-2023\/#webpage\",\"url\":\"https:\/\/www.capri-matique.com\/client\/aprfae5\/activites-outaouais-janvier-2023\/\",\"name\":\"Activit\\u00e9s Outaouais janvier 2023 - Association de personnes retrait\\u00e9es de la FAE\",\"isPartOf\":{\"@id\":\"https:\/\/www.capri-matique.com\/client\/aprfae5\/#website\"},\"primaryImageOfPage\":{\"@id\":\"https:\/\/www.capri-matique.com\/client\/aprfae5\/activites-outaouais-janvier-2023\/#primaryimage\"},\"datePublished\":\"2023-01-11T17:01:28+00:00\",\"dateModified\":\"2023-01-11T17:04:45+00:00\",\"author\":{\"@id\":\"https:\/\/www.capri-matique.com\/client\/aprfae5\/#\/schema\/person\/d49ddfd2ee6ceb42ef2fbcdda1753954\"},\"breadcrumb\":{\"@id\":\"https:\/\/www.capri-matique.com\/client\/aprfae5\/activites-outaouais-janvier-2023\/#breadcrumb\"},\"inLanguage\":\"fr-FR\",\"potentialAction\":[{\"@type\":\"ReadAction\",\"target\":[\"https:\/\/www.capri-matique.com\/client\/aprfae5\/activites-outaouais-janvier-2023\/\"]}]},{\"@type\":\"BreadcrumbList\",\"@id\":\"https:\/\/www.capri-matique.com\/client\/aprfae5\/activites-outaouais-janvier-2023\/#breadcrumb\",\"itemListElement\":[{\"@type\":\"ListItem\",\"position\":1,\"name\":\"Accueil\",\"item\":\"https:\/\/www.capri-matique.com\/client\/aprfae5\/\"},{\"@type\":\"ListItem\",\"position\":2,\"name\":\"Activit\\u00e9s Outaouais janvier 2023\"}]},{\"@type\":\"Person\",\"@id\":\"https:\/\/www.capri-matique.com\/client\/aprfae5\/#\/schema\/person\/d49ddfd2ee6ceb42ef2fbcdda1753954\",\"name\":\"Chantal Couture\",\"url\":\"https:\/\/www.capri-matique.com\/client\/aprfae5\/author\/chantal-couture\/\"}]}<\/script>\n<!-- \/ Yoast SEO plugin. -->","yoast_head_json":{"title":"Activit\u00e9s Outaouais janvier 2023 - Association de personnes retrait\u00e9es de la FAE","robots":{"index":"noindex","follow":"follow","max-snippet":"max-snippet:-1","max-image-preview":"max-image-preview:large","max-video-preview":"max-video-preview:-1"},"og_locale":"fr_FR","og_type":"article","og_title":"Activit\u00e9s Outaouais janvier 2023 - Association de personnes retrait\u00e9es de la FAE","og_description":"Membres de l&#8217;APRFAE Outaouais &nbsp; Cet hiver nos activit\u00e9s sociales, culturelles et sportives se poursuivent. Les conjointes et conjoints sont les bienvenues. Voici la liste des activit\u00e9s pour le mois de janvier 2023. &nbsp; &nbsp; MARCHE suivie d&#8217;un caf\u00e9 et\/ou un d\u00eener Date:\u00a0jeudi 12 janvier 2023 Heure: 10h15 Lieu: Stationnement \u00c9glise St-Fran\u00e7ois-De-Sales, le long de &hellip;","og_url":"https:\/\/www.capri-matique.com\/client\/aprfae5\/activites-outaouais-janvier-2023\/","og_site_name":"Association de personnes retrait\u00e9es de la FAE","article_published_time":"2023-01-11T17:01:28+00:00","article_modified_time":"2023-01-11T17:04:45+00:00","og_image":[{"url":"https:\/\/capri-matique.com\/client\/aprfae5\/wp-content\/uploads\/2023\/01\/Image_2_0b6f7d9db9fc4121869f8262952ae5cb.png"}],"twitter_card":"summary","twitter_misc":{"\u00c9crit par":"Chantal Couture","Dur\u00e9e de lecture estim\u00e9e":"1 minute"},"schema":{"@context":"https:\/\/schema.org","@graph":[{"@type":"WebSite","@id":"https:\/\/www.capri-matique.com\/client\/aprfae5\/#website","url":"https:\/\/www.capri-matique.com\/client\/aprfae5\/","name":"Association de personnes retrait\u00e9es de la FAE","description":"L&#039;association qui nous unit","potentialAction":[{"@type":"SearchAction","target":{"@type":"EntryPoint","urlTemplate":"https:\/\/www.capri-matique.com\/client\/aprfae5\/?s={search_term_string}"},"query-input":"required name=search_term_string"}],"inLanguage":"fr-FR"},{"@type":"ImageObject","@id":"https:\/\/www.capri-matique.com\/client\/aprfae5\/activites-outaouais-janvier-2023\/#primaryimage","inLanguage":"fr-FR","url":"https:\/\/capri-matique.com\/client\/aprfae5\/wp-content\/uploads\/2023\/01\/Image_2_0b6f7d9db9fc4121869f8262952ae5cb.png","contentUrl":"https:\/\/capri-matique.com\/client\/aprfae5\/wp-content\/uploads\/2023\/01\/Image_2_0b6f7d9db9fc4121869f8262952ae5cb.png"},{"@type":"WebPage","@id":"https:\/\/www.capri-matique.com\/client\/aprfae5\/activites-outaouais-janvier-2023\/#webpage","url":"https:\/\/www.capri-matique.com\/client\/aprfae5\/activites-outaouais-janvier-2023\/","name":"Activit\u00e9s Outaouais janvier 2023 - Association de personnes retrait\u00e9es de la FAE","isPartOf":{"@id":"https:\/\/www.capri-matique.com\/client\/aprfae5\/#website"},"primaryImageOfPage":{"@id":"https:\/\/www.capri-matique.com\/client\/aprfae5\/activites-outaouais-janvier-2023\/#primaryimage"},"datePublished":"2023-01-11T17:01:28+00:00","dateModified":"2023-01-11T17:04:45+00:00","author":{"@id":"https:\/\/www.capri-matique.com\/client\/aprfae5\/#\/schema\/person\/d49ddfd2ee6ceb42ef2fbcdda1753954"},"breadcrumb":{"@id":"https:\/\/www.capri-matique.com\/client\/aprfae5\/activites-outaouais-janvier-2023\/#breadcrumb"},"inLanguage":"fr-FR","potentialAction":[{"@type":"ReadAction","target":["https:\/\/www.capri-matique.com\/client\/aprfae5\/activites-outaouais-janvier-2023\/"]}]},{"@type":"BreadcrumbList","@id":"https:\/\/www.capri-matique.com\/client\/aprfae5\/activites-outaouais-janvier-2023\/#breadcrumb","itemListElement":[{"@type":"ListItem","position":1,"name":"Accueil","item":"https:\/\/www.capri-matique.com\/client\/aprfae5\/"},{"@type":"ListItem","position":2,"name":"Activit\u00e9s Outaouais janvier 2023"}]},{"@type":"Person","@id":"https:\/\/www.capri-matique.com\/client\/aprfae5\/#\/schema\/person\/d49ddfd2ee6ceb42ef2fbcdda1753954","name":"Chantal Couture","url":"https:\/\/www.capri-matique.com\/client\/aprfae5\/author\/chantal-couture\/"}]}},"_links":{"self":[{"href":"https:\/\/www.capri-matique.com\/client\/aprfae5\/wp-json\/wp\/v2\/posts\/8197","targetHints":{"allow":["GET"]}}],"collection":[{"href":"https:\/\/www.capri-matique.com\/client\/aprfae5\/wp-json\/wp\/v2\/posts"}],"about":[{"href":"https:\/\/www.capri-matique.com\/client\/aprfae5\/wp-json\/wp\/v2\/types\/post"}],"author":[{"embeddable":true,"href":"https:\/\/www.capri-matique.com\/client\/aprfae5\/wp-json\/wp\/v2\/users\/2"}],"replies":[{"embeddable":true,"href":"https:\/\/www.capri-matique.com\/client\/aprfae5\/wp-json\/wp\/v2\/comments?post=8197"}],"version-history":[{"count":5,"href":"https:\/\/www.capri-matique.com\/client\/aprfae5\/wp-json\/wp\/v2\/posts\/8197\/revisions"}],"predecessor-version":[{"id":8199,"href":"https:\/\/www.capri-matique.com\/client\/aprfae5\/wp-json\/wp\/v2\/posts\/8197\/revisions\/8199"}],"wp:attachment":[{"href":"https:\/\/www.capri-matique.com\/client\/aprfae5\/wp-json\/wp\/v2\/media?parent=8197"}],"wp:term":[{"taxonomy":"category","embeddable":true,"href":"https:\/\/www.capri-matique.com\/client\/aprfae5\/wp-json\/wp\/v2\/categories?post=8197"},{"taxonomy":"post_tag","embeddable":true,"href":"https:\/\/www.capri-matique.com\/client\/aprfae5\/wp-json\/wp\/v2\/tags?post=8197"}],"curies":[{"name":"wp","href":"https:\/\/api.w.org\/{rel}","templated":true}]}}