{"id":8039,"date":"2022-10-04T18:12:23","date_gmt":"2022-10-04T22:12:23","guid":{"rendered":"https:\/\/capri-matique.com\/client\/aprfae5\/?p=8039"},"modified":"2022-10-04T18:12:23","modified_gmt":"2022-10-04T22:12:23","slug":"activites-outaouais-octobre","status":"publish","type":"post","link":"https:\/\/www.capri-matique.com\/client\/aprfae5\/activites-outaouais-octobre\/","title":{"rendered":"Activit\u00e9s Outaouais octobre"},"content":{"rendered":"<p style=\"text-align: center;\"><span style=\"font-family: verdana, geneva, sans-serif; font-size: 16pt;\">Membres de l&#8217;APRFAE Outaouais<\/span><\/p>\n<p>&nbsp;<\/p>\n<p style=\"text-align: left;\">Bonjour \u00e0 tous et \u00e0 toutes,<\/p>\n<p style=\"text-align: left;\">\nCet automne nos activit\u00e9s sociales, culturelles et sportives se poursuivent. Les conjointes<br \/>\net conjoints sont les bienvenues. Voici la liste des activit\u00e9s pour le mois d\u2019octobre<\/p>\n<p style=\"text-align: left;\">.<\/p>\n<p style=\"text-align: center;\"><span style=\"font-family: verdana, geneva, sans-serif; font-size: 16pt;\">Randonn\u00e9e au Parc du lac Beauchamp<\/span><\/p>\n<p>&nbsp;<\/p>\n<p style=\"text-align: left;\"><img fetchpriority=\"high\" decoding=\"async\" class=\"alignnone size-medium wp-image-8040\" src=\"https:\/\/capri-matique.com\/client\/aprfae5\/wp-content\/uploads\/2022\/10\/Image_2_068dfa7da4f74a029d3853caa0f64649-300x200.jpg\" alt=\"\" width=\"300\" height=\"200\" srcset=\"https:\/\/www.capri-matique.com\/client\/aprfae5\/wp-content\/uploads\/2022\/10\/Image_2_068dfa7da4f74a029d3853caa0f64649-300x200.jpg 300w, https:\/\/www.capri-matique.com\/client\/aprfae5\/wp-content\/uploads\/2022\/10\/Image_2_068dfa7da4f74a029d3853caa0f64649.jpg 576w\" sizes=\"(max-width: 300px) 100vw, 300px\" \/> <img decoding=\"async\" class=\"alignnone size-medium wp-image-8041\" src=\"https:\/\/capri-matique.com\/client\/aprfae5\/wp-content\/uploads\/2022\/10\/Image_3_486cecb336484b2887bdaf2c3fa5cac2-300x200.jpg\" alt=\"\" width=\"300\" height=\"200\" srcset=\"https:\/\/www.capri-matique.com\/client\/aprfae5\/wp-content\/uploads\/2022\/10\/Image_3_486cecb336484b2887bdaf2c3fa5cac2-300x200.jpg 300w, https:\/\/www.capri-matique.com\/client\/aprfae5\/wp-content\/uploads\/2022\/10\/Image_3_486cecb336484b2887bdaf2c3fa5cac2.jpg 576w\" sizes=\"(max-width: 300px) 100vw, 300px\" \/> <img decoding=\"async\" class=\"alignnone size-medium wp-image-8042\" src=\"https:\/\/capri-matique.com\/client\/aprfae5\/wp-content\/uploads\/2022\/10\/Image_4_7c94f59037de4047ba45365dd9f4cf60-300x201.jpg\" alt=\"\" width=\"300\" height=\"201\" srcset=\"https:\/\/www.capri-matique.com\/client\/aprfae5\/wp-content\/uploads\/2022\/10\/Image_4_7c94f59037de4047ba45365dd9f4cf60-300x201.jpg 300w, https:\/\/www.capri-matique.com\/client\/aprfae5\/wp-content\/uploads\/2022\/10\/Image_4_7c94f59037de4047ba45365dd9f4cf60.jpg 576w\" sizes=\"(max-width: 300px) 100vw, 300px\" \/> <img loading=\"lazy\" decoding=\"async\" class=\"alignnone size-medium wp-image-8043\" src=\"https:\/\/capri-matique.com\/client\/aprfae5\/wp-content\/uploads\/2022\/10\/Image_5_ebaad168a42c46a1a7a637b1ce49879e.jpg\" alt=\"\" width=\"285\" height=\"190\" \/> <img loading=\"lazy\" decoding=\"async\" class=\"alignnone size-medium wp-image-8044\" src=\"https:\/\/capri-matique.com\/client\/aprfae5\/wp-content\/uploads\/2022\/10\/Image_6_30200878c05a4b3787fa08705238a3a8.png\" alt=\"\" width=\"272\" height=\"186\" \/><br \/>\nDate : Le jeudi 6 octobre<br \/>\nLieu : Grand stationnement &#8211; P2 soit le deuxi\u00e8me<br \/>\nHeure : 13h00<br \/>\nAutocueillette &#8211; Courges et citrouilles<br \/>\nDate: Le samedi 15 octobre<br \/>\nLieu: Courges &amp; cie<br \/>\nAdresse: 59 Chemin Myre, Gatineau J8R 3C7 (pr\u00e8s du boul. Labrosse)<br \/>\nT\u00e9l. : (819) 663-0089<br \/>\nHeure: 10h00<br \/>\nPour plus de d\u00e9tails vous pouvez visitez le site web https:\/\/courges&amp;cie.com<br \/>\nPossibilit\u00e9 de d\u00eener sur place en apportant votre lunch ou manger au casse-cro\u00fbte.<br \/>\nPour toute la famille, venez en grand nombre avec enfants et petits-enfants<br \/>\nMarche de sant\u00e9<br \/>\nDate : Le jeudi 20 octobre<br \/>\nLieu : Stationnement \u00c9glise St-Fran\u00e7ois-De-Sales- 799 rue Jacques-Cartier, secteur<br \/>\nGatineau.<br \/>\nMarche sur le bord de la rivi\u00e8re.<br \/>\nD\u00e9jeuner-rencontre Sp\u00e9cial Halloween<br \/>\nDate : Le jeudi 27 octobre<br \/>\nLieu : Restaurant St-\u00c9loi<br \/>\nHeure : 9h15<br \/>\nTh\u00e8me : Halloween- Vous \u00eates invit\u00e9s \u00e0 mettre un couvre-chef (chapeau, bonnet,<br \/>\ncasquettes ou autres.)<br \/>\nPrix de pr\u00e9sence aux participants et participantes qui auront un couvre-chef.<br \/>\nFinalement, afin de garnir davantage notre calendrier d\u2019activit\u00e9s sociales, culturelles et<br \/>\nsportives, nous vous invitons \u00e0 nous proposer des endroits \u00e0 visiter ou tous autres<br \/>\n\u00e9v\u00e9nements dans votre secteur, en communiquant avec nous. Au plaisir de vous voir en<br \/>\ntr\u00e8s grand nombre,<br \/>\nMarthe Duval et Francine Ch\u00e9nier<br \/>\nComit\u00e9 social et culturel, APRFAE Outaouais<br \/>\nS.V.P. Si vous avez des questions, n&#8217;h\u00e9sitez pas \u00e0 m&#8217;\u00e9crire<br \/>\n(chenier.fr@hotmail.com) ou m&#8217;appeler (819) 595-1599 (r\u00e9s.)\/(819-<br \/>\n593-5321(cell.)<br \/>\nEn s\u2019inscrivant ou en participant \u00e0 une activit\u00e9 de l\u2019APRFAE vous autorisez la prise de photographies ou de vid\u00e9os<br \/>\nsur place durant l\u2019activit\u00e9. De plus, vous autorisez l\u2019utilisation par l\u2019APRFAE de toutes les photographies ou vid\u00e9os<br \/>\nsur lesquelles vous \u00eates susceptible d\u2019appara\u00eetre pour dans les publications, le site web, la page Facebook ou le<br \/>\ncompte You tube de l\u2019APRFAE. En cas de d\u00e9saccord, vous devez informer le responsable de l\u2019activit\u00e9 ou la personne<br \/>\nqui prend les photographies ou les vid\u00e9os.<br \/>\nSi vous ne pouvez pas lire cet e-mail, veuillez le consulter en ligne<\/p>\n<p><img loading=\"lazy\" decoding=\"async\" class=\"size-full wp-image-7935 alignleft\" src=\"https:\/\/capri-matique.com\/client\/aprfae5\/wp-content\/uploads\/2022\/09\/camera.jpg\" alt=\"\" width=\"97\" height=\"106\" \/><\/p>\n<p>&nbsp;<\/p>\n<p><span style=\"font-size: 8pt;\"><em>En s\u2019inscrivant ou en participant \u00e0 une activit\u00e9 de l\u2019APRFAE vous autorisez la prise de photographies ou de vid\u00e9os sur place durant l\u2019activit\u00e9. De plus, vous autorisez l\u2019utilisation par l\u2019APRFAE de toutes les photographies ou vid\u00e9os sur lesquelles vous \u00eates susceptible d\u2019appara\u00eetre pour dans les publications, le site web, la page Facebook ou le compte You tube de l\u2019APRFAE. En cas de d\u00e9saccord, vous devez informer le responsable de l\u2019activit\u00e9 ou la personne qui prend les photographies ou les vid\u00e9os.<\/em><\/span><\/p>\n<p>&nbsp;<\/p>\n","protected":false},"excerpt":{"rendered":"<p>Membres de l&#8217;APRFAE Outaouais &nbsp; Bonjour \u00e0 tous et \u00e0 toutes, Cet automne nos activit\u00e9s sociales, culturelles et sportives se poursuivent. Les conjointes et conjoints sont les bienvenues. Voici la liste des activit\u00e9s pour le mois d\u2019octobre . Randonn\u00e9e au Parc du lac Beauchamp &nbsp; Date : Le jeudi 6 octobre Lieu : Grand stationnement &hellip;<\/p>\n","protected":false},"author":2,"featured_media":0,"comment_status":"closed","ping_status":"open","sticky":false,"template":"","format":"standard","meta":{"footnotes":""},"categories":[16],"tags":[],"class_list":["post-8039","post","type-post","status-publish","format-standard","hentry","category-activites"],"yoast_head":"<!-- This site is optimized with the Yoast SEO plugin v17.3 - https:\/\/yoast.com\/wordpress\/plugins\/seo\/ -->\n<title>Activit\u00e9s Outaouais octobre - Association de personnes retrait\u00e9es de la FAE<\/title>\n<meta name=\"robots\" content=\"noindex, follow, max-snippet:-1, max-image-preview:large, max-video-preview:-1\" \/>\n<meta property=\"og:locale\" content=\"fr_FR\" \/>\n<meta property=\"og:type\" content=\"article\" \/>\n<meta property=\"og:title\" content=\"Activit\u00e9s Outaouais octobre - Association de personnes retrait\u00e9es de la FAE\" \/>\n<meta property=\"og:description\" content=\"Membres de l&#8217;APRFAE Outaouais &nbsp; Bonjour \u00e0 tous et \u00e0 toutes, Cet automne nos activit\u00e9s sociales, culturelles et sportives se poursuivent. Les conjointes et conjoints sont les bienvenues. Voici la liste des activit\u00e9s pour le mois d\u2019octobre . Randonn\u00e9e au Parc du lac Beauchamp &nbsp; Date : Le jeudi 6 octobre Lieu : Grand stationnement &hellip;\" \/>\n<meta property=\"og:url\" content=\"https:\/\/www.capri-matique.com\/client\/aprfae5\/activites-outaouais-octobre\/\" \/>\n<meta property=\"og:site_name\" content=\"Association de personnes retrait\u00e9es de la FAE\" \/>\n<meta property=\"article:published_time\" content=\"2022-10-04T22:12:23+00:00\" \/>\n<meta property=\"og:image\" content=\"https:\/\/capri-matique.com\/client\/aprfae5\/wp-content\/uploads\/2022\/10\/Image_2_068dfa7da4f74a029d3853caa0f64649-300x200.jpg\" \/>\n<meta name=\"twitter:card\" content=\"summary\" \/>\n<meta name=\"twitter:label1\" content=\"\u00c9crit par\" \/>\n\t<meta name=\"twitter:data1\" content=\"Chantal Couture\" \/>\n\t<meta name=\"twitter:label2\" content=\"Dur\u00e9e de lecture estim\u00e9e\" \/>\n\t<meta name=\"twitter:data2\" content=\"4 minutes\" \/>\n<script type=\"application\/ld+json\" class=\"yoast-schema-graph\">{\"@context\":\"https:\/\/schema.org\",\"@graph\":[{\"@type\":\"WebSite\",\"@id\":\"https:\/\/www.capri-matique.com\/client\/aprfae5\/#website\",\"url\":\"https:\/\/www.capri-matique.com\/client\/aprfae5\/\",\"name\":\"Association de personnes retrait\\u00e9es de la FAE\",\"description\":\"L&#039;association qui nous unit\",\"potentialAction\":[{\"@type\":\"SearchAction\",\"target\":{\"@type\":\"EntryPoint\",\"urlTemplate\":\"https:\/\/www.capri-matique.com\/client\/aprfae5\/?s={search_term_string}\"},\"query-input\":\"required name=search_term_string\"}],\"inLanguage\":\"fr-FR\"},{\"@type\":\"ImageObject\",\"@id\":\"https:\/\/www.capri-matique.com\/client\/aprfae5\/activites-outaouais-octobre\/#primaryimage\",\"inLanguage\":\"fr-FR\",\"url\":\"https:\/\/capri-matique.com\/client\/aprfae5\/wp-content\/uploads\/2022\/10\/Image_2_068dfa7da4f74a029d3853caa0f64649-300x200.jpg\",\"contentUrl\":\"https:\/\/capri-matique.com\/client\/aprfae5\/wp-content\/uploads\/2022\/10\/Image_2_068dfa7da4f74a029d3853caa0f64649-300x200.jpg\"},{\"@type\":\"WebPage\",\"@id\":\"https:\/\/www.capri-matique.com\/client\/aprfae5\/activites-outaouais-octobre\/#webpage\",\"url\":\"https:\/\/www.capri-matique.com\/client\/aprfae5\/activites-outaouais-octobre\/\",\"name\":\"Activit\\u00e9s Outaouais octobre - Association de personnes retrait\\u00e9es de la FAE\",\"isPartOf\":{\"@id\":\"https:\/\/www.capri-matique.com\/client\/aprfae5\/#website\"},\"primaryImageOfPage\":{\"@id\":\"https:\/\/www.capri-matique.com\/client\/aprfae5\/activites-outaouais-octobre\/#primaryimage\"},\"datePublished\":\"2022-10-04T22:12:23+00:00\",\"dateModified\":\"2022-10-04T22:12:23+00:00\",\"author\":{\"@id\":\"https:\/\/www.capri-matique.com\/client\/aprfae5\/#\/schema\/person\/d49ddfd2ee6ceb42ef2fbcdda1753954\"},\"breadcrumb\":{\"@id\":\"https:\/\/www.capri-matique.com\/client\/aprfae5\/activites-outaouais-octobre\/#breadcrumb\"},\"inLanguage\":\"fr-FR\",\"potentialAction\":[{\"@type\":\"ReadAction\",\"target\":[\"https:\/\/www.capri-matique.com\/client\/aprfae5\/activites-outaouais-octobre\/\"]}]},{\"@type\":\"BreadcrumbList\",\"@id\":\"https:\/\/www.capri-matique.com\/client\/aprfae5\/activites-outaouais-octobre\/#breadcrumb\",\"itemListElement\":[{\"@type\":\"ListItem\",\"position\":1,\"name\":\"Accueil\",\"item\":\"https:\/\/www.capri-matique.com\/client\/aprfae5\/\"},{\"@type\":\"ListItem\",\"position\":2,\"name\":\"Activit\\u00e9s Outaouais octobre\"}]},{\"@type\":\"Person\",\"@id\":\"https:\/\/www.capri-matique.com\/client\/aprfae5\/#\/schema\/person\/d49ddfd2ee6ceb42ef2fbcdda1753954\",\"name\":\"Chantal Couture\",\"url\":\"https:\/\/www.capri-matique.com\/client\/aprfae5\/author\/chantal-couture\/\"}]}<\/script>\n<!-- \/ Yoast SEO plugin. -->","yoast_head_json":{"title":"Activit\u00e9s Outaouais octobre - Association de personnes retrait\u00e9es de la FAE","robots":{"index":"noindex","follow":"follow","max-snippet":"max-snippet:-1","max-image-preview":"max-image-preview:large","max-video-preview":"max-video-preview:-1"},"og_locale":"fr_FR","og_type":"article","og_title":"Activit\u00e9s Outaouais octobre - Association de personnes retrait\u00e9es de la FAE","og_description":"Membres de l&#8217;APRFAE Outaouais &nbsp; Bonjour \u00e0 tous et \u00e0 toutes, Cet automne nos activit\u00e9s sociales, culturelles et sportives se poursuivent. Les conjointes et conjoints sont les bienvenues. Voici la liste des activit\u00e9s pour le mois d\u2019octobre . Randonn\u00e9e au Parc du lac Beauchamp &nbsp; Date : Le jeudi 6 octobre Lieu : Grand stationnement &hellip;","og_url":"https:\/\/www.capri-matique.com\/client\/aprfae5\/activites-outaouais-octobre\/","og_site_name":"Association de personnes retrait\u00e9es de la FAE","article_published_time":"2022-10-04T22:12:23+00:00","og_image":[{"url":"https:\/\/capri-matique.com\/client\/aprfae5\/wp-content\/uploads\/2022\/10\/Image_2_068dfa7da4f74a029d3853caa0f64649-300x200.jpg"}],"twitter_card":"summary","twitter_misc":{"\u00c9crit par":"Chantal Couture","Dur\u00e9e de lecture estim\u00e9e":"4 minutes"},"schema":{"@context":"https:\/\/schema.org","@graph":[{"@type":"WebSite","@id":"https:\/\/www.capri-matique.com\/client\/aprfae5\/#website","url":"https:\/\/www.capri-matique.com\/client\/aprfae5\/","name":"Association de personnes retrait\u00e9es de la FAE","description":"L&#039;association qui nous unit","potentialAction":[{"@type":"SearchAction","target":{"@type":"EntryPoint","urlTemplate":"https:\/\/www.capri-matique.com\/client\/aprfae5\/?s={search_term_string}"},"query-input":"required name=search_term_string"}],"inLanguage":"fr-FR"},{"@type":"ImageObject","@id":"https:\/\/www.capri-matique.com\/client\/aprfae5\/activites-outaouais-octobre\/#primaryimage","inLanguage":"fr-FR","url":"https:\/\/capri-matique.com\/client\/aprfae5\/wp-content\/uploads\/2022\/10\/Image_2_068dfa7da4f74a029d3853caa0f64649-300x200.jpg","contentUrl":"https:\/\/capri-matique.com\/client\/aprfae5\/wp-content\/uploads\/2022\/10\/Image_2_068dfa7da4f74a029d3853caa0f64649-300x200.jpg"},{"@type":"WebPage","@id":"https:\/\/www.capri-matique.com\/client\/aprfae5\/activites-outaouais-octobre\/#webpage","url":"https:\/\/www.capri-matique.com\/client\/aprfae5\/activites-outaouais-octobre\/","name":"Activit\u00e9s Outaouais octobre - Association de personnes retrait\u00e9es de la FAE","isPartOf":{"@id":"https:\/\/www.capri-matique.com\/client\/aprfae5\/#website"},"primaryImageOfPage":{"@id":"https:\/\/www.capri-matique.com\/client\/aprfae5\/activites-outaouais-octobre\/#primaryimage"},"datePublished":"2022-10-04T22:12:23+00:00","dateModified":"2022-10-04T22:12:23+00:00","author":{"@id":"https:\/\/www.capri-matique.com\/client\/aprfae5\/#\/schema\/person\/d49ddfd2ee6ceb42ef2fbcdda1753954"},"breadcrumb":{"@id":"https:\/\/www.capri-matique.com\/client\/aprfae5\/activites-outaouais-octobre\/#breadcrumb"},"inLanguage":"fr-FR","potentialAction":[{"@type":"ReadAction","target":["https:\/\/www.capri-matique.com\/client\/aprfae5\/activites-outaouais-octobre\/"]}]},{"@type":"BreadcrumbList","@id":"https:\/\/www.capri-matique.com\/client\/aprfae5\/activites-outaouais-octobre\/#breadcrumb","itemListElement":[{"@type":"ListItem","position":1,"name":"Accueil","item":"https:\/\/www.capri-matique.com\/client\/aprfae5\/"},{"@type":"ListItem","position":2,"name":"Activit\u00e9s Outaouais octobre"}]},{"@type":"Person","@id":"https:\/\/www.capri-matique.com\/client\/aprfae5\/#\/schema\/person\/d49ddfd2ee6ceb42ef2fbcdda1753954","name":"Chantal Couture","url":"https:\/\/www.capri-matique.com\/client\/aprfae5\/author\/chantal-couture\/"}]}},"_links":{"self":[{"href":"https:\/\/www.capri-matique.com\/client\/aprfae5\/wp-json\/wp\/v2\/posts\/8039","targetHints":{"allow":["GET"]}}],"collection":[{"href":"https:\/\/www.capri-matique.com\/client\/aprfae5\/wp-json\/wp\/v2\/posts"}],"about":[{"href":"https:\/\/www.capri-matique.com\/client\/aprfae5\/wp-json\/wp\/v2\/types\/post"}],"author":[{"embeddable":true,"href":"https:\/\/www.capri-matique.com\/client\/aprfae5\/wp-json\/wp\/v2\/users\/2"}],"replies":[{"embeddable":true,"href":"https:\/\/www.capri-matique.com\/client\/aprfae5\/wp-json\/wp\/v2\/comments?post=8039"}],"version-history":[{"count":1,"href":"https:\/\/www.capri-matique.com\/client\/aprfae5\/wp-json\/wp\/v2\/posts\/8039\/revisions"}],"predecessor-version":[{"id":8045,"href":"https:\/\/www.capri-matique.com\/client\/aprfae5\/wp-json\/wp\/v2\/posts\/8039\/revisions\/8045"}],"wp:attachment":[{"href":"https:\/\/www.capri-matique.com\/client\/aprfae5\/wp-json\/wp\/v2\/media?parent=8039"}],"wp:term":[{"taxonomy":"category","embeddable":true,"href":"https:\/\/www.capri-matique.com\/client\/aprfae5\/wp-json\/wp\/v2\/categories?post=8039"},{"taxonomy":"post_tag","embeddable":true,"href":"https:\/\/www.capri-matique.com\/client\/aprfae5\/wp-json\/wp\/v2\/tags?post=8039"}],"curies":[{"name":"wp","href":"https:\/\/api.w.org\/{rel}","templated":true}]}}