{"id":7957,"date":"2022-09-13T16:07:48","date_gmt":"2022-09-13T20:07:48","guid":{"rendered":"https:\/\/capri-matique.com\/client\/aprfae5\/?p=7957"},"modified":"2022-09-13T16:17:56","modified_gmt":"2022-09-13T20:17:56","slug":"marche-pour-la-planete","status":"publish","type":"post","link":"https:\/\/www.capri-matique.com\/client\/aprfae5\/marche-pour-la-planete\/","title":{"rendered":"marche pour la plan\u00e8te"},"content":{"rendered":"<p><span style=\"font-family: verdana, geneva, sans-serif; font-size: 10pt;\"><strong>Membres de l&#8217;APRFAE Haute Yamaska<\/strong><\/span><\/p>\n<p><span style=\"font-family: verdana, geneva, sans-serif; font-size: 10pt;\">Sont cordialement invit\u00e9s\u00a0\u00e0 la Marche pour la Plan\u00e8te.<\/span><br \/>\n<span style=\"font-family: verdana, geneva, sans-serif; font-size: 10pt;\">Lieu : C\u00e9gep de Granby<\/span><br \/>\n<span style=\"font-family: verdana, geneva, sans-serif; font-size: 10pt;\">235, rue Saint-Jacques<\/span><br \/>\n<span style=\"font-family: verdana, geneva, sans-serif; font-size: 10pt;\">Date: Vendredi le 23 septembre 2022<\/span><br \/>\n<span style=\"font-family: verdana, geneva, sans-serif; font-size: 10pt;\">Heure:13h00<\/span><\/p>\n<p><img fetchpriority=\"high\" decoding=\"async\" class=\"alignleft wp-image-7962 \" src=\"https:\/\/capri-matique.com\/client\/aprfae5\/wp-content\/uploads\/2022\/09\/planete-194x300.png\" alt=\"\" width=\"223\" height=\"345\" srcset=\"https:\/\/www.capri-matique.com\/client\/aprfae5\/wp-content\/uploads\/2022\/09\/planete-194x300.png 194w, https:\/\/www.capri-matique.com\/client\/aprfae5\/wp-content\/uploads\/2022\/09\/planete.png 258w\" sizes=\"(max-width: 223px) 100vw, 223px\" \/><\/p>\n<p>&nbsp;<\/p>\n<p>&nbsp;<\/p>\n<p><span style=\"font-size: 10pt; font-family: verdana, geneva, sans-serif;\">La plan\u00e8te en gr\u00e8ve !!! Manif pour la justice climatique et sociale, crise \u00e9cologique et urgence climatique\u2026 nous serons des milliers partout au Qu\u00e9bec! Pour seconder l\u2019\u00e9quipe du C\u00e9gep de Granby, rassemblons-nous et marchons avec eux. Il sera agr\u00e9able et exceptionnel de vivre cette exp\u00e9rience.\u00a0 : 235, rue Saint-Jacques , (cour arri\u00e8re, joignez les fanions de l\u2019APRFAE) Direction : Parc Victoria (rue Dufferin) : discours et animation Pas de confirmation n\u00e9cessaire, soyez du nombre.<\/span><\/p>\n<p>&nbsp;<\/p>\n<p>&nbsp;<\/p>\n<p>&nbsp;<\/p>\n<p><em><span style=\"font-size: 8pt;\"><img decoding=\"async\" class=\"size-full wp-image-7935 alignleft\" src=\"https:\/\/capri-matique.com\/client\/aprfae5\/wp-content\/uploads\/2022\/09\/camera.jpg\" alt=\"\" width=\"97\" height=\"106\" \/>En s\u2019inscrivant ou en participant \u00e0 une activit\u00e9 de l\u2019APRFAE vous autorisez la prise de photographies ou de vid\u00e9os sur place durant l\u2019activit\u00e9. De plus, vous autorisez l\u2019utilisation par l\u2019APRFAE de toutes les photographies ou vid\u00e9os sur lesquelles vous \u00eates susceptible d\u2019appara\u00eetre pour dans les publications, le site web, la page Facebook ou le compte You tube de l\u2019APRFAE. En cas de d\u00e9saccord, vous devez informer le responsable de l\u2019activit\u00e9 ou la personne qui prend les photographies ou les vid\u00e9os.Si vous ne pouvez pas lire cet e-mail, <a href=\"https:\/\/capri-matique.com\/client\/aprfae5\/\">veuillez le consulter en ligne<\/a><\/span><\/em><\/p>\n","protected":false},"excerpt":{"rendered":"<p>Membres de l&#8217;APRFAE Haute Yamaska Sont cordialement invit\u00e9s\u00a0\u00e0 la Marche pour la Plan\u00e8te. Lieu : C\u00e9gep de Granby 235, rue Saint-Jacques Date: Vendredi le 23 septembre 2022 Heure:13h00 &nbsp; &nbsp; La plan\u00e8te en gr\u00e8ve !!! Manif pour la justice climatique et sociale, crise \u00e9cologique et urgence climatique\u2026 nous serons des milliers partout au Qu\u00e9bec! Pour &hellip;<\/p>\n","protected":false},"author":2,"featured_media":0,"comment_status":"closed","ping_status":"open","sticky":false,"template":"","format":"standard","meta":{"footnotes":""},"categories":[1],"tags":[],"class_list":["post-7957","post","type-post","status-publish","format-standard","hentry","category-uncategorized"],"yoast_head":"<!-- This site is optimized with the Yoast SEO plugin v17.3 - https:\/\/yoast.com\/wordpress\/plugins\/seo\/ -->\n<title>marche pour la plan\u00e8te - Association de personnes retrait\u00e9es de la FAE<\/title>\n<meta name=\"robots\" content=\"noindex, follow, max-snippet:-1, max-image-preview:large, max-video-preview:-1\" \/>\n<meta property=\"og:locale\" content=\"fr_FR\" \/>\n<meta property=\"og:type\" content=\"article\" \/>\n<meta property=\"og:title\" content=\"marche pour la plan\u00e8te - Association de personnes retrait\u00e9es de la FAE\" \/>\n<meta property=\"og:description\" content=\"Membres de l&#8217;APRFAE Haute Yamaska Sont cordialement invit\u00e9s\u00a0\u00e0 la Marche pour la Plan\u00e8te. Lieu : C\u00e9gep de Granby 235, rue Saint-Jacques Date: Vendredi le 23 septembre 2022 Heure:13h00 &nbsp; &nbsp; La plan\u00e8te en gr\u00e8ve !!! Manif pour la justice climatique et sociale, crise \u00e9cologique et urgence climatique\u2026 nous serons des milliers partout au Qu\u00e9bec! Pour &hellip;\" \/>\n<meta property=\"og:url\" content=\"https:\/\/www.capri-matique.com\/client\/aprfae5\/marche-pour-la-planete\/\" \/>\n<meta property=\"og:site_name\" content=\"Association de personnes retrait\u00e9es de la FAE\" \/>\n<meta property=\"article:published_time\" content=\"2022-09-13T20:07:48+00:00\" \/>\n<meta property=\"article:modified_time\" content=\"2022-09-13T20:17:56+00:00\" \/>\n<meta property=\"og:image\" content=\"https:\/\/capri-matique.com\/client\/aprfae5\/wp-content\/uploads\/2022\/09\/planete-194x300.png\" \/>\n<meta name=\"twitter:card\" content=\"summary\" \/>\n<meta name=\"twitter:label1\" content=\"\u00c9crit par\" \/>\n\t<meta name=\"twitter:data1\" content=\"Chantal Couture\" \/>\n\t<meta name=\"twitter:label2\" content=\"Dur\u00e9e de lecture estim\u00e9e\" \/>\n\t<meta name=\"twitter:data2\" content=\"2 minutes\" \/>\n<script type=\"application\/ld+json\" class=\"yoast-schema-graph\">{\"@context\":\"https:\/\/schema.org\",\"@graph\":[{\"@type\":\"WebSite\",\"@id\":\"https:\/\/www.capri-matique.com\/client\/aprfae5\/#website\",\"url\":\"https:\/\/www.capri-matique.com\/client\/aprfae5\/\",\"name\":\"Association de personnes retrait\\u00e9es de la FAE\",\"description\":\"L&#039;association qui nous unit\",\"potentialAction\":[{\"@type\":\"SearchAction\",\"target\":{\"@type\":\"EntryPoint\",\"urlTemplate\":\"https:\/\/www.capri-matique.com\/client\/aprfae5\/?s={search_term_string}\"},\"query-input\":\"required name=search_term_string\"}],\"inLanguage\":\"fr-FR\"},{\"@type\":\"ImageObject\",\"@id\":\"https:\/\/www.capri-matique.com\/client\/aprfae5\/marche-pour-la-planete\/#primaryimage\",\"inLanguage\":\"fr-FR\",\"url\":\"https:\/\/capri-matique.com\/client\/aprfae5\/wp-content\/uploads\/2022\/09\/planete-194x300.png\",\"contentUrl\":\"https:\/\/capri-matique.com\/client\/aprfae5\/wp-content\/uploads\/2022\/09\/planete-194x300.png\"},{\"@type\":\"WebPage\",\"@id\":\"https:\/\/www.capri-matique.com\/client\/aprfae5\/marche-pour-la-planete\/#webpage\",\"url\":\"https:\/\/www.capri-matique.com\/client\/aprfae5\/marche-pour-la-planete\/\",\"name\":\"marche pour la plan\\u00e8te - Association de personnes retrait\\u00e9es de la FAE\",\"isPartOf\":{\"@id\":\"https:\/\/www.capri-matique.com\/client\/aprfae5\/#website\"},\"primaryImageOfPage\":{\"@id\":\"https:\/\/www.capri-matique.com\/client\/aprfae5\/marche-pour-la-planete\/#primaryimage\"},\"datePublished\":\"2022-09-13T20:07:48+00:00\",\"dateModified\":\"2022-09-13T20:17:56+00:00\",\"author\":{\"@id\":\"https:\/\/www.capri-matique.com\/client\/aprfae5\/#\/schema\/person\/d49ddfd2ee6ceb42ef2fbcdda1753954\"},\"breadcrumb\":{\"@id\":\"https:\/\/www.capri-matique.com\/client\/aprfae5\/marche-pour-la-planete\/#breadcrumb\"},\"inLanguage\":\"fr-FR\",\"potentialAction\":[{\"@type\":\"ReadAction\",\"target\":[\"https:\/\/www.capri-matique.com\/client\/aprfae5\/marche-pour-la-planete\/\"]}]},{\"@type\":\"BreadcrumbList\",\"@id\":\"https:\/\/www.capri-matique.com\/client\/aprfae5\/marche-pour-la-planete\/#breadcrumb\",\"itemListElement\":[{\"@type\":\"ListItem\",\"position\":1,\"name\":\"Accueil\",\"item\":\"https:\/\/www.capri-matique.com\/client\/aprfae5\/\"},{\"@type\":\"ListItem\",\"position\":2,\"name\":\"marche pour la plan\\u00e8te\"}]},{\"@type\":\"Person\",\"@id\":\"https:\/\/www.capri-matique.com\/client\/aprfae5\/#\/schema\/person\/d49ddfd2ee6ceb42ef2fbcdda1753954\",\"name\":\"Chantal Couture\",\"url\":\"https:\/\/www.capri-matique.com\/client\/aprfae5\/author\/chantal-couture\/\"}]}<\/script>\n<!-- \/ Yoast SEO plugin. -->","yoast_head_json":{"title":"marche pour la plan\u00e8te - Association de personnes retrait\u00e9es de la FAE","robots":{"index":"noindex","follow":"follow","max-snippet":"max-snippet:-1","max-image-preview":"max-image-preview:large","max-video-preview":"max-video-preview:-1"},"og_locale":"fr_FR","og_type":"article","og_title":"marche pour la plan\u00e8te - Association de personnes retrait\u00e9es de la FAE","og_description":"Membres de l&#8217;APRFAE Haute Yamaska Sont cordialement invit\u00e9s\u00a0\u00e0 la Marche pour la Plan\u00e8te. Lieu : C\u00e9gep de Granby 235, rue Saint-Jacques Date: Vendredi le 23 septembre 2022 Heure:13h00 &nbsp; &nbsp; La plan\u00e8te en gr\u00e8ve !!! Manif pour la justice climatique et sociale, crise \u00e9cologique et urgence climatique\u2026 nous serons des milliers partout au Qu\u00e9bec! Pour &hellip;","og_url":"https:\/\/www.capri-matique.com\/client\/aprfae5\/marche-pour-la-planete\/","og_site_name":"Association de personnes retrait\u00e9es de la FAE","article_published_time":"2022-09-13T20:07:48+00:00","article_modified_time":"2022-09-13T20:17:56+00:00","og_image":[{"url":"https:\/\/capri-matique.com\/client\/aprfae5\/wp-content\/uploads\/2022\/09\/planete-194x300.png"}],"twitter_card":"summary","twitter_misc":{"\u00c9crit par":"Chantal Couture","Dur\u00e9e de lecture estim\u00e9e":"2 minutes"},"schema":{"@context":"https:\/\/schema.org","@graph":[{"@type":"WebSite","@id":"https:\/\/www.capri-matique.com\/client\/aprfae5\/#website","url":"https:\/\/www.capri-matique.com\/client\/aprfae5\/","name":"Association de personnes retrait\u00e9es de la FAE","description":"L&#039;association qui nous unit","potentialAction":[{"@type":"SearchAction","target":{"@type":"EntryPoint","urlTemplate":"https:\/\/www.capri-matique.com\/client\/aprfae5\/?s={search_term_string}"},"query-input":"required name=search_term_string"}],"inLanguage":"fr-FR"},{"@type":"ImageObject","@id":"https:\/\/www.capri-matique.com\/client\/aprfae5\/marche-pour-la-planete\/#primaryimage","inLanguage":"fr-FR","url":"https:\/\/capri-matique.com\/client\/aprfae5\/wp-content\/uploads\/2022\/09\/planete-194x300.png","contentUrl":"https:\/\/capri-matique.com\/client\/aprfae5\/wp-content\/uploads\/2022\/09\/planete-194x300.png"},{"@type":"WebPage","@id":"https:\/\/www.capri-matique.com\/client\/aprfae5\/marche-pour-la-planete\/#webpage","url":"https:\/\/www.capri-matique.com\/client\/aprfae5\/marche-pour-la-planete\/","name":"marche pour la plan\u00e8te - Association de personnes retrait\u00e9es de la FAE","isPartOf":{"@id":"https:\/\/www.capri-matique.com\/client\/aprfae5\/#website"},"primaryImageOfPage":{"@id":"https:\/\/www.capri-matique.com\/client\/aprfae5\/marche-pour-la-planete\/#primaryimage"},"datePublished":"2022-09-13T20:07:48+00:00","dateModified":"2022-09-13T20:17:56+00:00","author":{"@id":"https:\/\/www.capri-matique.com\/client\/aprfae5\/#\/schema\/person\/d49ddfd2ee6ceb42ef2fbcdda1753954"},"breadcrumb":{"@id":"https:\/\/www.capri-matique.com\/client\/aprfae5\/marche-pour-la-planete\/#breadcrumb"},"inLanguage":"fr-FR","potentialAction":[{"@type":"ReadAction","target":["https:\/\/www.capri-matique.com\/client\/aprfae5\/marche-pour-la-planete\/"]}]},{"@type":"BreadcrumbList","@id":"https:\/\/www.capri-matique.com\/client\/aprfae5\/marche-pour-la-planete\/#breadcrumb","itemListElement":[{"@type":"ListItem","position":1,"name":"Accueil","item":"https:\/\/www.capri-matique.com\/client\/aprfae5\/"},{"@type":"ListItem","position":2,"name":"marche pour la plan\u00e8te"}]},{"@type":"Person","@id":"https:\/\/www.capri-matique.com\/client\/aprfae5\/#\/schema\/person\/d49ddfd2ee6ceb42ef2fbcdda1753954","name":"Chantal Couture","url":"https:\/\/www.capri-matique.com\/client\/aprfae5\/author\/chantal-couture\/"}]}},"_links":{"self":[{"href":"https:\/\/www.capri-matique.com\/client\/aprfae5\/wp-json\/wp\/v2\/posts\/7957","targetHints":{"allow":["GET"]}}],"collection":[{"href":"https:\/\/www.capri-matique.com\/client\/aprfae5\/wp-json\/wp\/v2\/posts"}],"about":[{"href":"https:\/\/www.capri-matique.com\/client\/aprfae5\/wp-json\/wp\/v2\/types\/post"}],"author":[{"embeddable":true,"href":"https:\/\/www.capri-matique.com\/client\/aprfae5\/wp-json\/wp\/v2\/users\/2"}],"replies":[{"embeddable":true,"href":"https:\/\/www.capri-matique.com\/client\/aprfae5\/wp-json\/wp\/v2\/comments?post=7957"}],"version-history":[{"count":7,"href":"https:\/\/www.capri-matique.com\/client\/aprfae5\/wp-json\/wp\/v2\/posts\/7957\/revisions"}],"predecessor-version":[{"id":7961,"href":"https:\/\/www.capri-matique.com\/client\/aprfae5\/wp-json\/wp\/v2\/posts\/7957\/revisions\/7961"}],"wp:attachment":[{"href":"https:\/\/www.capri-matique.com\/client\/aprfae5\/wp-json\/wp\/v2\/media?parent=7957"}],"wp:term":[{"taxonomy":"category","embeddable":true,"href":"https:\/\/www.capri-matique.com\/client\/aprfae5\/wp-json\/wp\/v2\/categories?post=7957"},{"taxonomy":"post_tag","embeddable":true,"href":"https:\/\/www.capri-matique.com\/client\/aprfae5\/wp-json\/wp\/v2\/tags?post=7957"}],"curies":[{"name":"wp","href":"https:\/\/api.w.org\/{rel}","templated":true}]}}