{"id":7929,"date":"2022-09-13T11:07:59","date_gmt":"2022-09-13T15:07:59","guid":{"rendered":"https:\/\/capri-matique.com\/client\/aprfae5\/?p=7929"},"modified":"2022-09-13T12:34:51","modified_gmt":"2022-09-13T16:34:51","slug":"activites-outaouais","status":"publish","type":"post","link":"https:\/\/www.capri-matique.com\/client\/aprfae5\/activites-outaouais\/","title":{"rendered":"Activit\u00e9s Outaouais"},"content":{"rendered":"<p><span style=\"font-family: verdana, geneva, sans-serif; font-size: 12pt;\">Bonjour \u00e0 tous et \u00e0 toutes, L&#8217;\u00e9t\u00e9 se prolonge avec la reprise de nos activit\u00e9s sociales, culturelles et sportives. Les conjoints(es) sont les bienvenus. Vous pouvez d\u00e9j\u00e0 inscrire \u00e0 votre agenda, les d\u00e9jeuners-rencontres, qui auront lieu tous les derniers jeudis de chaque mois, \u00e0 partir du 29 SEPTEMBRE, \u00e0 9h15, au resto St-\u00c9loi situ\u00e9 au 100 Rue Atawe (pr\u00e8s du R\u00e9no-D\u00e9p\u00f4t), secteur Hull. AUCUNE r\u00e9servation, seulement vous pr\u00e9senter sur place.<\/span><\/p>\n<p><span style=\"font-family: verdana, geneva, sans-serif; font-size: 12pt;\">Les prochaines dates seront 27 oct., 24 nov., 29 d\u00e9cembre, 26 janvier, 23 f\u00e9vrier, 30 mars, 27 avril, 25 mai et 29 juin.<\/span><\/p>\n<p><span style=\"font-family: verdana, geneva, sans-serif; font-size: 12pt;\">Activit\u00e9 : Randonn\u00e9e \u00e0 v\u00e9lo<\/span><br \/>\n<span style=\"font-family: verdana, geneva, sans-serif; font-size: 12pt;\">Date : Le vendredi 16 septembre 2022<\/span><br \/>\n<span style=\"font-family: verdana, geneva, sans-serif; font-size: 12pt;\">Heure : \u00c0 10h30 Endroit : Stationnement du lac Leamy (c\u00f4t\u00e9 St-\u00c9loi)<\/span><br \/>\n<span style=\"font-family: verdana, geneva, sans-serif; font-size: 12pt;\">Trajet : Lac Leamy &#8211; Parc Moussette &#8211; Marina Aylmer D\u00eener :<\/span><\/p>\n<p><strong><span style=\"font-family: verdana, geneva, sans-serif; font-size: 12pt;\">N.B.:Vous devez apporter votre lunch et breuvages<\/span>.<\/strong><\/p>\n<p><strong>INSCRIPTION RECOMMEND\u00c9E<\/strong><\/p>\n<p>&nbsp;<\/p>\n<p><img fetchpriority=\"high\" decoding=\"async\" class=\"wp-image-7918 size-large\" style=\"font-weight: bold; font-style: italic; font-size: 1.5rem;\" src=\"https:\/\/capri-matique.com\/client\/aprfae5\/wp-content\/uploads\/2022\/09\/outdoor-portrait-of-attractive-young-brunette-in-hat-on-bicycle-1024x683.jpg\" alt=\"\" width=\"960\" height=\"640\" \/><\/p>\n<p>.<\/p>\n<hr class=\"ttfmake-hr\" style=\"border-style: solid; border-top-width: 1px;\" \/>\n<p><span style=\"font-family: verdana, geneva, sans-serif; font-size: 12pt;\">Activit\u00e9 : NOUVEAU &#8211; Visite guid\u00e9e d&#8217;un VIGNOBLE<\/span><br \/>\n<span style=\"font-family: verdana, geneva, sans-serif; font-size: 12pt;\">Date : Le vendredi 23 septembre 2022<\/span><br \/>\n<span style=\"font-family: verdana, geneva, sans-serif; font-size: 12pt;\">Heure : 13h \u00e0 14h30<\/span><br \/>\n<span style=\"font-family: verdana, geneva, sans-serif; font-size: 12pt;\">Endroit : Vignoble Les Collines, 415 Chemin Cr\u00e9gheur, Luskville, Qc J0X 2G0 Propri\u00e9taire : Lizanne Binette, enseignante retrait\u00e9e.<\/span><br \/>\n<span style=\"font-family: verdana, geneva, sans-serif; font-size: 12pt;\">Co\u00fbt : 10.00$ par personne<\/span><br \/>\n<span style=\"font-family: verdana, geneva, sans-serif; font-size: 12pt;\">D\u00e9gustation de trois (3) d\u00e9licieux vins (ros\u00e9e, blanc et rouge)<\/span><br \/>\n<span style=\"font-family: verdana, geneva, sans-serif; font-size: 12pt;\">D\u00eener : Avant l&#8217;activit\u00e9, vers 11h45, pour ceux et celles qui le d\u00e9sirent, aux Chutes de Luskville, en apportant votre repas.<\/span><\/p>\n<p><strong>INSCRIPTION OBLIGATOIRE<\/strong><\/p>\n<p>&nbsp;<\/p>\n<p><img decoding=\"async\" class=\"aligncenter wp-image-7939 size-large\" src=\"https:\/\/capri-matique.com\/client\/aprfae5\/wp-content\/uploads\/2022\/09\/grapes-at-vineyards-plant-in-sunny-day-scaled-1024x683.jpg\" alt=\"\" width=\"960\" height=\"640\" srcset=\"https:\/\/www.capri-matique.com\/client\/aprfae5\/wp-content\/uploads\/2022\/09\/grapes-at-vineyards-plant-in-sunny-day-scaled-1024x683.jpg 1024w, https:\/\/www.capri-matique.com\/client\/aprfae5\/wp-content\/uploads\/2022\/09\/grapes-at-vineyards-plant-in-sunny-day-scaled-300x200.jpg 300w, https:\/\/www.capri-matique.com\/client\/aprfae5\/wp-content\/uploads\/2022\/09\/grapes-at-vineyards-plant-in-sunny-day-scaled-1536x1024.jpg 1536w, https:\/\/www.capri-matique.com\/client\/aprfae5\/wp-content\/uploads\/2022\/09\/grapes-at-vineyards-plant-in-sunny-day-scaled-2048x1366.jpg 2048w\" sizes=\"(max-width: 960px) 100vw, 960px\" \/><\/p>\n<p>&nbsp;<\/p>\n<hr class=\"ttfmake-hr\" style=\"border-style: solid; border-top-width: 1px;\" \/>\n<p><span style=\"font-family: verdana, geneva, sans-serif; font-size: 12pt;\">Activit\u00e9: Cueillette de pommes<\/span><br \/>\n<span style=\"font-family: verdana, geneva, sans-serif; font-size: 12pt;\">Date : Le mardi 27 septembre 2022<\/span><br \/>\n<span style=\"font-family: verdana, geneva, sans-serif; font-size: 12pt;\">Heure : 13h30<\/span><br \/>\n<span style=\"font-family: verdana, geneva, sans-serif; font-size: 12pt;\">Lieu : Verger WILMONT 1155 Chemin Linda, Ange-Gardien (819) 986-9868<\/span><br \/>\n<span style=\"font-family: verdana, geneva, sans-serif; font-size: 12pt;\">Co\u00fbt : 10 lbs. &#8211; 15.00$<\/span><br \/>\n<span style=\"font-family: verdana, geneva, sans-serif; font-size: 12pt;\">Tous les mardis, le verger est ouvert pour les personnes 50+<\/span><\/p>\n<p><span style=\"font-family: verdana, geneva, sans-serif; font-size: 12pt;\"><strong>INSCRIPTION RECOMMAND\u00c9E<\/strong><\/span><\/p>\n<p>&nbsp;<\/p>\n<p><span style=\"font-family: verdana, geneva, sans-serif; font-size: 12pt;\"><img decoding=\"async\" class=\"wp-image-7931 size-full aligncenter\" style=\"font-family: Telex, 'Helvetica Neue', Helvetica, Arial, sans-serif; font-size: 15px;\" src=\"https:\/\/capri-matique.com\/client\/aprfae5\/wp-content\/uploads\/2022\/09\/pomme.jpg\" alt=\"\" width=\"576\" height=\"340\" srcset=\"https:\/\/www.capri-matique.com\/client\/aprfae5\/wp-content\/uploads\/2022\/09\/pomme.jpg 576w, https:\/\/www.capri-matique.com\/client\/aprfae5\/wp-content\/uploads\/2022\/09\/pomme-300x177.jpg 300w\" sizes=\"(max-width: 576px) 100vw, 576px\" \/><\/span><\/p>\n<p>&nbsp;<\/p>\n<hr class=\"ttfmake-hr\" style=\"border-style: solid; border-top-width: 1px;\" \/>\n<p><span style=\"font-family: verdana, geneva, sans-serif; font-size: 12pt;\">Activit\u00e9 : D\u00e9jeuner-rencontre<\/span><br \/>\n<span style=\"font-family: verdana, geneva, sans-serif; font-size: 12pt;\">Date : Le jeudi 29 septembre 2022<\/span><br \/>\n<span style=\"font-family: verdana, geneva, sans-serif; font-size: 12pt;\">Heure : 9h15<\/span><br \/>\n<span style=\"font-family: verdana, geneva, sans-serif; font-size: 12pt;\">Endroit : Restaurant Bistro St-\u00c9loi Marche : Pour ceux et celles\u00a0<\/span><span style=\"font-family: verdana, geneva, sans-serif; font-size: 12pt;\">qui le d\u00e9sirent, marche<\/span><span style=\"font-family: verdana, geneva, sans-serif; font-size: 12pt;\">\u00a0autour du lac Leamy, avant le d\u00e9jeuner \u00e0 8h30 et\/ou apr\u00e8s vers 11 heures.<\/span><\/p>\n<p>&nbsp;<\/p>\n<p><img loading=\"lazy\" decoding=\"async\" class=\"aligncenter wp-image-7932 size-full\" style=\"font-family: verdana, geneva, sans-serif; font-size: 16px;\" src=\"https:\/\/capri-matique.com\/client\/aprfae5\/wp-content\/uploads\/2022\/09\/st-eloi.png\" alt=\"\" width=\"272\" height=\"186\" \/><\/p>\n<hr class=\"ttfmake-hr\" style=\"border-style: solid; border-top-width: 1px;\" \/>\n<p>&nbsp;<\/p>\n<p style=\"text-align: left;\"><span style=\"font-family: verdana, geneva, sans-serif; font-size: 12pt;\">Finaleme<\/span><span style=\"font-family: verdana, geneva, sans-serif; font-size: 12pt;\">nt, afin de garnir davantage notre calendrier d\u2019activit\u00e9s soc<\/span><span style=\"font-family: verdana, geneva, sans-serif; font-size: 12pt;\">iales, culturell<\/span><span style=\"font-family: verdana, geneva, sans-serif; font-size: 12pt;\">es et sportives, nous vous invitons \u00e0 nous proposer des endroits \u00e0 visiter ou tous autres \u00e9v\u00e9nements dans votre secteur, en communiquant avec nous. Au plaisir de vous voir en tr\u00e8s grand nombre, Marthe Duval Robert Martin Francine Ch\u00e9nier Comit\u00e9 social et culturel, APRFAE Outaouais<\/span><\/p>\n<p style=\"text-align: center;\"><span style=\"font-family: verdana, geneva, sans-serif; font-size: 12pt; color: #ff0000;\">S.V.P. M&#8217;\u00e9crire (chenier.fr@hotmail.com) ou m&#8217;appeler (819) 595-1599 pour vous inscrire \u00e0 ces activit\u00e9s.<\/span><\/p>\n<p>&nbsp;<\/p>\n<p><img loading=\"lazy\" decoding=\"async\" class=\"size-full wp-image-7935 alignleft\" src=\"https:\/\/capri-matique.com\/client\/aprfae5\/wp-content\/uploads\/2022\/09\/camera.jpg\" alt=\"\" width=\"97\" height=\"106\" \/><\/p>\n<p>&nbsp;<\/p>\n<p><span style=\"font-size: 8pt;\"><em>En s\u2019inscrivant ou en participant \u00e0 une activit\u00e9 de l\u2019APRFAE vous autorisez la prise de photographies ou de vid\u00e9os sur place durant l\u2019activit\u00e9. De plus, vous autorisez l\u2019utilisation par l\u2019APRFAE de toutes les photographies ou vid\u00e9os sur lesquelles vous \u00eates susceptible d\u2019appara\u00eetre pour dans les publications, le site web, la page Facebook ou le compte You tube de l\u2019APRFAE. En cas de d\u00e9saccord, vous devez informer le responsable de l\u2019activit\u00e9 ou la personne qui prend les photographies ou les vid\u00e9os.<\/em><\/span><\/p>\n<p>&nbsp;<\/p>\n","protected":false},"excerpt":{"rendered":"<p>Bonjour \u00e0 tous et \u00e0 toutes, L&#8217;\u00e9t\u00e9 se prolonge avec la reprise de nos activit\u00e9s sociales, culturelles et sportives. Les conjoints(es) sont les bienvenus. Vous pouvez d\u00e9j\u00e0 inscrire \u00e0 votre agenda, les d\u00e9jeuners-rencontres, qui auront lieu tous les derniers jeudis de chaque mois, \u00e0 partir du 29 SEPTEMBRE, \u00e0 9h15, au resto St-\u00c9loi situ\u00e9 au &hellip;<\/p>\n","protected":false},"author":2,"featured_media":0,"comment_status":"closed","ping_status":"open","sticky":false,"template":"","format":"standard","meta":{"footnotes":""},"categories":[16],"tags":[],"class_list":["post-7929","post","type-post","status-publish","format-standard","hentry","category-activites"],"yoast_head":"<!-- This site is optimized with the Yoast SEO plugin v17.3 - https:\/\/yoast.com\/wordpress\/plugins\/seo\/ -->\n<title>Activit\u00e9s Outaouais - Association de personnes retrait\u00e9es de la FAE<\/title>\n<meta name=\"robots\" content=\"noindex, follow, max-snippet:-1, max-image-preview:large, max-video-preview:-1\" \/>\n<meta property=\"og:locale\" content=\"fr_FR\" \/>\n<meta property=\"og:type\" content=\"article\" \/>\n<meta property=\"og:title\" content=\"Activit\u00e9s Outaouais - Association de personnes retrait\u00e9es de la FAE\" \/>\n<meta property=\"og:description\" content=\"Bonjour \u00e0 tous et \u00e0 toutes, L&#8217;\u00e9t\u00e9 se prolonge avec la reprise de nos activit\u00e9s sociales, culturelles et sportives. Les conjoints(es) sont les bienvenus. Vous pouvez d\u00e9j\u00e0 inscrire \u00e0 votre agenda, les d\u00e9jeuners-rencontres, qui auront lieu tous les derniers jeudis de chaque mois, \u00e0 partir du 29 SEPTEMBRE, \u00e0 9h15, au resto St-\u00c9loi situ\u00e9 au &hellip;\" \/>\n<meta property=\"og:url\" content=\"https:\/\/www.capri-matique.com\/client\/aprfae5\/activites-outaouais\/\" \/>\n<meta property=\"og:site_name\" content=\"Association de personnes retrait\u00e9es de la FAE\" \/>\n<meta property=\"article:published_time\" content=\"2022-09-13T15:07:59+00:00\" \/>\n<meta property=\"article:modified_time\" content=\"2022-09-13T16:34:51+00:00\" \/>\n<meta property=\"og:image\" content=\"https:\/\/capri-matique.com\/client\/aprfae5\/wp-content\/uploads\/2022\/09\/outdoor-portrait-of-attractive-young-brunette-in-hat-on-bicycle-1024x683.jpg\" \/>\n<meta name=\"twitter:card\" content=\"summary\" \/>\n<meta name=\"twitter:label1\" content=\"\u00c9crit par\" \/>\n\t<meta name=\"twitter:data1\" content=\"Chantal Couture\" \/>\n\t<meta name=\"twitter:label2\" content=\"Dur\u00e9e de lecture estim\u00e9e\" \/>\n\t<meta name=\"twitter:data2\" content=\"3 minutes\" \/>\n<script type=\"application\/ld+json\" class=\"yoast-schema-graph\">{\"@context\":\"https:\/\/schema.org\",\"@graph\":[{\"@type\":\"WebSite\",\"@id\":\"https:\/\/www.capri-matique.com\/client\/aprfae5\/#website\",\"url\":\"https:\/\/www.capri-matique.com\/client\/aprfae5\/\",\"name\":\"Association de personnes retrait\\u00e9es de la FAE\",\"description\":\"L&#039;association qui nous unit\",\"potentialAction\":[{\"@type\":\"SearchAction\",\"target\":{\"@type\":\"EntryPoint\",\"urlTemplate\":\"https:\/\/www.capri-matique.com\/client\/aprfae5\/?s={search_term_string}\"},\"query-input\":\"required name=search_term_string\"}],\"inLanguage\":\"fr-FR\"},{\"@type\":\"ImageObject\",\"@id\":\"https:\/\/www.capri-matique.com\/client\/aprfae5\/activites-outaouais\/#primaryimage\",\"inLanguage\":\"fr-FR\",\"url\":\"https:\/\/capri-matique.com\/client\/aprfae5\/wp-content\/uploads\/2022\/09\/outdoor-portrait-of-attractive-young-brunette-in-hat-on-bicycle-1024x683.jpg\",\"contentUrl\":\"https:\/\/capri-matique.com\/client\/aprfae5\/wp-content\/uploads\/2022\/09\/outdoor-portrait-of-attractive-young-brunette-in-hat-on-bicycle-1024x683.jpg\"},{\"@type\":\"WebPage\",\"@id\":\"https:\/\/www.capri-matique.com\/client\/aprfae5\/activites-outaouais\/#webpage\",\"url\":\"https:\/\/www.capri-matique.com\/client\/aprfae5\/activites-outaouais\/\",\"name\":\"Activit\\u00e9s Outaouais - Association de personnes retrait\\u00e9es de la FAE\",\"isPartOf\":{\"@id\":\"https:\/\/www.capri-matique.com\/client\/aprfae5\/#website\"},\"primaryImageOfPage\":{\"@id\":\"https:\/\/www.capri-matique.com\/client\/aprfae5\/activites-outaouais\/#primaryimage\"},\"datePublished\":\"2022-09-13T15:07:59+00:00\",\"dateModified\":\"2022-09-13T16:34:51+00:00\",\"author\":{\"@id\":\"https:\/\/www.capri-matique.com\/client\/aprfae5\/#\/schema\/person\/d49ddfd2ee6ceb42ef2fbcdda1753954\"},\"breadcrumb\":{\"@id\":\"https:\/\/www.capri-matique.com\/client\/aprfae5\/activites-outaouais\/#breadcrumb\"},\"inLanguage\":\"fr-FR\",\"potentialAction\":[{\"@type\":\"ReadAction\",\"target\":[\"https:\/\/www.capri-matique.com\/client\/aprfae5\/activites-outaouais\/\"]}]},{\"@type\":\"BreadcrumbList\",\"@id\":\"https:\/\/www.capri-matique.com\/client\/aprfae5\/activites-outaouais\/#breadcrumb\",\"itemListElement\":[{\"@type\":\"ListItem\",\"position\":1,\"name\":\"Accueil\",\"item\":\"https:\/\/www.capri-matique.com\/client\/aprfae5\/\"},{\"@type\":\"ListItem\",\"position\":2,\"name\":\"Activit\\u00e9s Outaouais\"}]},{\"@type\":\"Person\",\"@id\":\"https:\/\/www.capri-matique.com\/client\/aprfae5\/#\/schema\/person\/d49ddfd2ee6ceb42ef2fbcdda1753954\",\"name\":\"Chantal Couture\",\"url\":\"https:\/\/www.capri-matique.com\/client\/aprfae5\/author\/chantal-couture\/\"}]}<\/script>\n<!-- \/ Yoast SEO plugin. -->","yoast_head_json":{"title":"Activit\u00e9s Outaouais - Association de personnes retrait\u00e9es de la FAE","robots":{"index":"noindex","follow":"follow","max-snippet":"max-snippet:-1","max-image-preview":"max-image-preview:large","max-video-preview":"max-video-preview:-1"},"og_locale":"fr_FR","og_type":"article","og_title":"Activit\u00e9s Outaouais - Association de personnes retrait\u00e9es de la FAE","og_description":"Bonjour \u00e0 tous et \u00e0 toutes, L&#8217;\u00e9t\u00e9 se prolonge avec la reprise de nos activit\u00e9s sociales, culturelles et sportives. Les conjoints(es) sont les bienvenus. Vous pouvez d\u00e9j\u00e0 inscrire \u00e0 votre agenda, les d\u00e9jeuners-rencontres, qui auront lieu tous les derniers jeudis de chaque mois, \u00e0 partir du 29 SEPTEMBRE, \u00e0 9h15, au resto St-\u00c9loi situ\u00e9 au &hellip;","og_url":"https:\/\/www.capri-matique.com\/client\/aprfae5\/activites-outaouais\/","og_site_name":"Association de personnes retrait\u00e9es de la FAE","article_published_time":"2022-09-13T15:07:59+00:00","article_modified_time":"2022-09-13T16:34:51+00:00","og_image":[{"url":"https:\/\/capri-matique.com\/client\/aprfae5\/wp-content\/uploads\/2022\/09\/outdoor-portrait-of-attractive-young-brunette-in-hat-on-bicycle-1024x683.jpg"}],"twitter_card":"summary","twitter_misc":{"\u00c9crit par":"Chantal Couture","Dur\u00e9e de lecture estim\u00e9e":"3 minutes"},"schema":{"@context":"https:\/\/schema.org","@graph":[{"@type":"WebSite","@id":"https:\/\/www.capri-matique.com\/client\/aprfae5\/#website","url":"https:\/\/www.capri-matique.com\/client\/aprfae5\/","name":"Association de personnes retrait\u00e9es de la FAE","description":"L&#039;association qui nous unit","potentialAction":[{"@type":"SearchAction","target":{"@type":"EntryPoint","urlTemplate":"https:\/\/www.capri-matique.com\/client\/aprfae5\/?s={search_term_string}"},"query-input":"required name=search_term_string"}],"inLanguage":"fr-FR"},{"@type":"ImageObject","@id":"https:\/\/www.capri-matique.com\/client\/aprfae5\/activites-outaouais\/#primaryimage","inLanguage":"fr-FR","url":"https:\/\/capri-matique.com\/client\/aprfae5\/wp-content\/uploads\/2022\/09\/outdoor-portrait-of-attractive-young-brunette-in-hat-on-bicycle-1024x683.jpg","contentUrl":"https:\/\/capri-matique.com\/client\/aprfae5\/wp-content\/uploads\/2022\/09\/outdoor-portrait-of-attractive-young-brunette-in-hat-on-bicycle-1024x683.jpg"},{"@type":"WebPage","@id":"https:\/\/www.capri-matique.com\/client\/aprfae5\/activites-outaouais\/#webpage","url":"https:\/\/www.capri-matique.com\/client\/aprfae5\/activites-outaouais\/","name":"Activit\u00e9s Outaouais - Association de personnes retrait\u00e9es de la FAE","isPartOf":{"@id":"https:\/\/www.capri-matique.com\/client\/aprfae5\/#website"},"primaryImageOfPage":{"@id":"https:\/\/www.capri-matique.com\/client\/aprfae5\/activites-outaouais\/#primaryimage"},"datePublished":"2022-09-13T15:07:59+00:00","dateModified":"2022-09-13T16:34:51+00:00","author":{"@id":"https:\/\/www.capri-matique.com\/client\/aprfae5\/#\/schema\/person\/d49ddfd2ee6ceb42ef2fbcdda1753954"},"breadcrumb":{"@id":"https:\/\/www.capri-matique.com\/client\/aprfae5\/activites-outaouais\/#breadcrumb"},"inLanguage":"fr-FR","potentialAction":[{"@type":"ReadAction","target":["https:\/\/www.capri-matique.com\/client\/aprfae5\/activites-outaouais\/"]}]},{"@type":"BreadcrumbList","@id":"https:\/\/www.capri-matique.com\/client\/aprfae5\/activites-outaouais\/#breadcrumb","itemListElement":[{"@type":"ListItem","position":1,"name":"Accueil","item":"https:\/\/www.capri-matique.com\/client\/aprfae5\/"},{"@type":"ListItem","position":2,"name":"Activit\u00e9s Outaouais"}]},{"@type":"Person","@id":"https:\/\/www.capri-matique.com\/client\/aprfae5\/#\/schema\/person\/d49ddfd2ee6ceb42ef2fbcdda1753954","name":"Chantal Couture","url":"https:\/\/www.capri-matique.com\/client\/aprfae5\/author\/chantal-couture\/"}]}},"_links":{"self":[{"href":"https:\/\/www.capri-matique.com\/client\/aprfae5\/wp-json\/wp\/v2\/posts\/7929","targetHints":{"allow":["GET"]}}],"collection":[{"href":"https:\/\/www.capri-matique.com\/client\/aprfae5\/wp-json\/wp\/v2\/posts"}],"about":[{"href":"https:\/\/www.capri-matique.com\/client\/aprfae5\/wp-json\/wp\/v2\/types\/post"}],"author":[{"embeddable":true,"href":"https:\/\/www.capri-matique.com\/client\/aprfae5\/wp-json\/wp\/v2\/users\/2"}],"replies":[{"embeddable":true,"href":"https:\/\/www.capri-matique.com\/client\/aprfae5\/wp-json\/wp\/v2\/comments?post=7929"}],"version-history":[{"count":13,"href":"https:\/\/www.capri-matique.com\/client\/aprfae5\/wp-json\/wp\/v2\/posts\/7929\/revisions"}],"predecessor-version":[{"id":7956,"href":"https:\/\/www.capri-matique.com\/client\/aprfae5\/wp-json\/wp\/v2\/posts\/7929\/revisions\/7956"}],"wp:attachment":[{"href":"https:\/\/www.capri-matique.com\/client\/aprfae5\/wp-json\/wp\/v2\/media?parent=7929"}],"wp:term":[{"taxonomy":"category","embeddable":true,"href":"https:\/\/www.capri-matique.com\/client\/aprfae5\/wp-json\/wp\/v2\/categories?post=7929"},{"taxonomy":"post_tag","embeddable":true,"href":"https:\/\/www.capri-matique.com\/client\/aprfae5\/wp-json\/wp\/v2\/tags?post=7929"}],"curies":[{"name":"wp","href":"https:\/\/api.w.org\/{rel}","templated":true}]}}