{"id":7654,"date":"2022-04-30T09:22:12","date_gmt":"2022-04-30T13:22:12","guid":{"rendered":"https:\/\/capri-matique.com\/client\/aprfae5\/?p=7654"},"modified":"2022-04-30T09:22:12","modified_gmt":"2022-04-30T13:22:12","slug":"7654-2","status":"publish","type":"post","link":"https:\/\/www.capri-matique.com\/client\/aprfae5\/7654-2\/","title":{"rendered":""},"content":{"rendered":"<header class=\"container release-header\">\n<div class=\"custom-container\">\n<div class=\"row\">\n<div class=\"col-sm-12\">\n<div class=\"row detail-headline\">\n<div class=\"col-sm-8 col-vcenter col-xs-12 \">\n<h1>Avis aux m\u00e9dias &#8211; Marche de la Journ\u00e9e internationale des travailleuses et des travailleurs<\/h1>\n<\/div>\n<div class=\"col-sm-4 col-xs-12 col-vcenter\">\n<div class=\"image logo logo-wrapper\" data-src=\"https:\/\/mma.prnewswire.com\/media\/1806172\/Coalition_du_1er_mai_Marche_de_la_Journ_e_internationale_des_tra.jpg?p=publish\" data-asset-type=\"photo\" data-asset-label=\"Logo\" data-download-url=\"https:\/\/mma.prnewswire.com\/media\/1806172\/Coalition_du_1er_mai_Marche_de_la_Journ_e_internationale_des_tra.jpg\" data-tweet-text=\"Coalition du 1er mai (Groupe CNW\/Coalition du 1er mai)\" data-pinterest-text=\"Coalition du 1er mai (Groupe CNW\/Coalition du 1er mai)\" data-linkedin-text=\"Coalition du 1er mai (Groupe CNW\/Coalition du 1er mai)\" data-facebook-share-text=\"Coalition du 1er mai (Groupe CNW\/Coalition du 1er mai)\" data-twitter-share-url=\"https:\/\/mma.prnewswire.com\/media\/1806172\/Coalition_du_1er_mai_Marche_de_la_Journ_e_internationale_des_tra.jpg?p=twitter\" data-facebook-share-url=\"https:\/\/mma.prnewswire.com\/media\/1806172\/Coalition_du_1er_mai_Marche_de_la_Journ_e_internationale_des_tra.jpg?p=facebook\" data-pinterest-share-url=\"https:\/\/mma.prnewswire.com\/media\/1806172\/Coalition_du_1er_mai_Marche_de_la_Journ_e_internationale_des_tra.jpg?p=publish\" data-linkedin-share-url=\"https:\/\/mma.prnewswire.com\/media\/1806172\/Coalition_du_1er_mai_Marche_de_la_Journ_e_internationale_des_tra.jpg?p=linkedin\"><a class=\"tablogofocus\" role=\"button\" href=\"https:\/\/www.newswire.ca\/fr\/news-releases\/avis-aux-medias-marche-de-la-journee-internationale-des-travailleuses-et-des-travailleurs-880392776.html?fbclid=IwAR1q_lSELAWgLkVhCYgN3LcaXZJCXs75cuaKAtU9bm9oVz9036MvP57Oug8#\"><img decoding=\"async\" class=\"img-responsive aligncenter\" title=\"Coalition du 1er mai (Groupe CNW\/Coalition du 1er mai)\" src=\"https:\/\/mma.prnewswire.com\/media\/1806172\/Coalition_du_1er_mai_Marche_de_la_Journ_e_internationale_des_tra.jpg?w=200\" alt=\"Coalition du 1er mai (Groupe CNW\/Coalition du 1er mai)\" \/><\/a><\/div>\n<\/div>\n<\/div>\n<\/div>\n<\/div>\n<div class=\"row\">\n<div class=\"col-sm-12\">\n<hr \/>\n<\/div>\n<\/div>\n<div class=\"row\">\n<div class=\"col-lg-8 col-sm-5 swaping-class-left\">\n<p class=\"meta\">NOUVELLES FOURNIES PAR<\/p>\n<p><a href=\"https:\/\/www.newswire.ca\/fr\/news\/coalition-du-1er-mai\/\"><strong>Coalition du 1er mai\u00a0<\/strong><\/a><\/p>\n<p class=\"mb-no\">Avr 27, 2022, 15:53 ET<\/p>\n<\/div>\n<div class=\"col-lg-4 col-sm-5 swaping-class-right\">\n<div class=\"social-share-circle pull-right hidden-xs\">\n<div class=\"social-links\">\n<ul>\n<li><\/li>\n<\/ul>\n<\/div>\n<\/div>\n<\/div>\n<\/div>\n<div class=\"row\">\n<div class=\"col-sm-12 col-xs-12\">\n<hr \/>\n<\/div>\n<\/div>\n<\/div>\n<\/header>\n<section class=\"release-body container \">\n<div class=\"row\">\n<div class=\"col-sm-10 col-sm-offset-1\">\n<p><span class=\"legendSpanClass\">MONTR\u00c9AL<\/span>,\u00a0<span class=\"legendSpanClass\">le 27 avril 2022<\/span>\u00a0\u00a0\/CNW Telbec\/ &#8211; Des milliers de personnes sont attendues dans les rues de Montr\u00e9al, ce dimanche 1<sup>er<\/sup>\u00a0mai, \u00e0 l&#8217;occasion de la Journ\u00e9e internationale des travailleuses et des travailleurs. Cette ann\u00e9e, ces personnes marcheront sous le th\u00e8me \u00ab\u00a0Pour vivre comme du monde\u00a0\u00bb, un clin d&#8217;\u0153il \u00e0 la d\u00e9monstration de solidarit\u00e9 du Front commun de\u00a01972, dont c&#8217;est le 50<sup>e<\/sup>\u00a0anniversaire. Les groupes de travailleuses et de travailleurs en conflit ouvriront la marche organis\u00e9e par la Coalition du 1<sup>er<\/sup>\u00a0mai.<\/p>\n<p>Des discours auront lieu \u00e0 13\u00a0h\u00a015. Les porte-parole de la marche,\u00a0<span class=\"xn-person\">Marie-Claude Tremblay<\/span>\u00a0(CSQ) et\u00a0<span class=\"xn-person\">Benedicte Carole Ze<\/span>\u00a0(CTI), seront disponibles \u00e0 partir de 12\u00a0h\u00a030 pour les m\u00e9dias.<\/p>\n<div class=\"wcag-arialevel-3\" role=\"heading\"><b>Aide-m\u00e9moire<\/b><\/div>\n<div>\n<div class=\"divOverflow\">\n<div class=\"table-responsive\">\n<table class=\"prnbcc\" border=\"0\" cellspacing=\"0\" cellpadding=\"0\">\n<tbody>\n<tr>\n<td class=\"prngen2\" colspan=\"1\" rowspan=\"1\">\n<p class=\"prnml4 dnr\"><span class=\"prnews_span\"><b>QUOI :<\/b><\/span><\/p>\n<\/td>\n<td class=\"prngen2\" colspan=\"1\" rowspan=\"1\">\n<p class=\"prnml4 dnr\"><span class=\"prnews_span\">Marche de la Journ\u00e9e internationale des travailleuses et des travailleurs<\/span><\/p>\n<\/td>\n<\/tr>\n<tr>\n<td class=\"prngen2\" colspan=\"1\" rowspan=\"1\"><\/td>\n<td class=\"prngen3\" colspan=\"1\" rowspan=\"1\"><\/td>\n<\/tr>\n<tr>\n<td class=\"prngen2\" colspan=\"1\" rowspan=\"1\">\n<p class=\"prnml4 dnr\"><span class=\"prnews_span\"><b>QUI :<\/b><\/span><\/p>\n<\/td>\n<td class=\"prngen2\" colspan=\"1\" rowspan=\"1\">\n<p class=\"prnml4 dnr\"><span class=\"prnews_span\">Les porte-parole de la marche, Marie-Claude Tremblay (CSQ) et Benedicte Carole<br class=\"dnr\" \/>Ze (CTI), seront disponibles \u00e0 partir de 12 h 30 pour les m\u00e9dias<\/span><\/p>\n<\/td>\n<\/tr>\n<tr>\n<td class=\"prngen2\" colspan=\"1\" rowspan=\"1\"><\/td>\n<td class=\"prngen3\" colspan=\"1\" rowspan=\"1\"><\/td>\n<\/tr>\n<tr>\n<td class=\"prngen2\" colspan=\"1\" rowspan=\"1\">\n<p class=\"prnml4 dnr\"><span class=\"prnews_span\"><b>QUAND :<\/b><\/span><\/p>\n<\/td>\n<td class=\"prngen2\" colspan=\"1\" rowspan=\"1\">\n<p class=\"prnml4 dnr\"><span class=\"prnews_span\">Dimanche, le 1<sup>er<\/sup>\u00a0mai\u00a02022<br class=\"dnr\" \/>\u00c0 13 h<\/span><\/p>\n<\/td>\n<\/tr>\n<tr>\n<td class=\"prngen2\" colspan=\"1\" rowspan=\"1\"><\/td>\n<td class=\"prngen3\" colspan=\"1\" rowspan=\"1\"><\/td>\n<\/tr>\n<tr>\n<td class=\"prngen2\" colspan=\"1\" rowspan=\"1\">\n<p class=\"prnml4 dnr\"><span class=\"prnews_span\"><b>O\u00d9 :<\/b><\/span><\/p>\n<\/td>\n<td class=\"prngen2\" colspan=\"1\" rowspan=\"1\">\n<p class=\"prnml4 dnr\"><span class=\"prnews_span\">Montr\u00e9al<\/span><\/p>\n<\/td>\n<\/tr>\n<tr>\n<td class=\"prngen2\" colspan=\"1\" rowspan=\"1\"><\/td>\n<td class=\"prngen2\" colspan=\"1\" rowspan=\"1\">\n<p class=\"prnml4 dnr\"><span class=\"prnews_span\">Square Cabot, \u00e0 quelques pas de la station de m\u00e9tro Atwater<\/span><\/p>\n<\/td>\n<\/tr>\n<\/tbody>\n<\/table>\n<\/div>\n<\/div>\n<\/div>\n<p><b>\u00c0 propos de la Coalition du 1<sup>er<\/sup>\u00a0mai<\/b><\/p>\n<p>La Coalition du 1<sup>er<\/sup>\u00a0mai est un regroupement d&#8217;organisations syndicales et communautaires, ainsi que de groupes de la soci\u00e9t\u00e9 civile, qui s&#8217;unissent pour organiser, chaque ann\u00e9e, la traditionnelle marche du 1<sup>er<\/sup>\u00a0mai pour souligner la Journ\u00e9e internationale des travailleuses et des travailleurs. Elle regroupe l&#8217;Alliance du personnel professionnel et technique de la sant\u00e9 et des services sociaux (APTS), la Centrale des syndicats d\u00e9mocratiques (CSD), la Conf\u00e9d\u00e9ration des syndicats nationaux (CSN), la Centrale des syndicats du Qu\u00e9bec (CSQ), le Centre des travailleurs et travailleuses immigrants (CTI), la F\u00e9d\u00e9ration autonome de l&#8217;enseignement (FAE), la F\u00e9d\u00e9ration des travailleurs et travailleuses du Qu\u00e9bec (FTQ), la F\u00e9d\u00e9ration \u00e9tudiante coll\u00e9giale du Qu\u00e9bec (FECQ), la F\u00e9d\u00e9ration Interprofessionnelle de la sant\u00e9 du Qu\u00e9bec (FIQ), le Syndicat de la fonction publique et parapublique du Qu\u00e9bec (SFPQ), le Syndicat de professionnelles et professionnels du gouvernement du Qu\u00e9bec (SPGQ), la Table r\u00e9gionale des organismes volontaires d&#8217;\u00e9ducation populaire de Montr\u00e9al (TROVEP), l&#8217;Union des travailleuses et travailleurs accident\u00e9s ou malades (UTTAM) et l&#8217;Union \u00e9tudiante du Qu\u00e9bec (UEQ).<\/p>\n<p>SOURCE Coalition du 1er mai<\/p>\n<p>Renseignements: veuillez communiquer avec; Maude Messier, attach\u00e9e de presse, 514-213-0770 ou messier.maude@lacsq.org<\/p>\n<\/div>\n<\/div>\n<\/section>\n","protected":false},"excerpt":{"rendered":"<p>Avis aux m\u00e9dias &#8211; Marche de la Journ\u00e9e internationale des travailleuses et des travailleurs NOUVELLES FOURNIES PAR Coalition du 1er mai\u00a0 Avr 27, 2022, 15:53 ET MONTR\u00c9AL,\u00a0le 27 avril 2022\u00a0\u00a0\/CNW Telbec\/ &#8211; Des milliers de personnes sont attendues dans les rues de Montr\u00e9al, ce dimanche 1er\u00a0mai, \u00e0 l&#8217;occasion de la Journ\u00e9e internationale des travailleuses et &hellip;<\/p>\n","protected":false},"author":2,"featured_media":0,"comment_status":"closed","ping_status":"open","sticky":false,"template":"","format":"standard","meta":{"footnotes":""},"categories":[1],"tags":[],"class_list":["post-7654","post","type-post","status-publish","format-standard","hentry","category-uncategorized"],"yoast_head":"<!-- This site is optimized with the Yoast SEO plugin v17.3 - https:\/\/yoast.com\/wordpress\/plugins\/seo\/ -->\n<title>- Association de personnes retrait\u00e9es de la FAE<\/title>\n<meta name=\"robots\" content=\"noindex, follow, max-snippet:-1, max-image-preview:large, max-video-preview:-1\" \/>\n<meta property=\"og:locale\" content=\"fr_FR\" \/>\n<meta property=\"og:type\" content=\"article\" \/>\n<meta property=\"og:title\" content=\"- Association de personnes retrait\u00e9es de la FAE\" \/>\n<meta property=\"og:description\" content=\"Avis aux m\u00e9dias &#8211; Marche de la Journ\u00e9e internationale des travailleuses et des travailleurs NOUVELLES FOURNIES PAR Coalition du 1er mai\u00a0 Avr 27, 2022, 15:53 ET MONTR\u00c9AL,\u00a0le 27 avril 2022\u00a0\u00a0\/CNW Telbec\/ &#8211; Des milliers de personnes sont attendues dans les rues de Montr\u00e9al, ce dimanche 1er\u00a0mai, \u00e0 l&#8217;occasion de la Journ\u00e9e internationale des travailleuses et &hellip;\" \/>\n<meta property=\"og:url\" content=\"https:\/\/www.capri-matique.com\/client\/aprfae5\/7654-2\/\" \/>\n<meta property=\"og:site_name\" content=\"Association de personnes retrait\u00e9es de la FAE\" \/>\n<meta property=\"article:published_time\" content=\"2022-04-30T13:22:12+00:00\" \/>\n<meta property=\"og:image\" content=\"https:\/\/mma.prnewswire.com\/media\/1806172\/Coalition_du_1er_mai_Marche_de_la_Journ_e_internationale_des_tra.jpg?w=200\" \/>\n<meta name=\"twitter:card\" content=\"summary\" \/>\n<meta name=\"twitter:label1\" content=\"\u00c9crit par\" \/>\n\t<meta name=\"twitter:data1\" content=\"Chantal Couture\" \/>\n\t<meta name=\"twitter:label2\" content=\"Dur\u00e9e de lecture estim\u00e9e\" \/>\n\t<meta name=\"twitter:data2\" content=\"2 minutes\" \/>\n<script type=\"application\/ld+json\" class=\"yoast-schema-graph\">{\"@context\":\"https:\/\/schema.org\",\"@graph\":[{\"@type\":\"WebSite\",\"@id\":\"https:\/\/www.capri-matique.com\/client\/aprfae5\/#website\",\"url\":\"https:\/\/www.capri-matique.com\/client\/aprfae5\/\",\"name\":\"Association de personnes retrait\\u00e9es de la FAE\",\"description\":\"L&#039;association qui nous unit\",\"potentialAction\":[{\"@type\":\"SearchAction\",\"target\":{\"@type\":\"EntryPoint\",\"urlTemplate\":\"https:\/\/www.capri-matique.com\/client\/aprfae5\/?s={search_term_string}\"},\"query-input\":\"required name=search_term_string\"}],\"inLanguage\":\"fr-FR\"},{\"@type\":\"ImageObject\",\"@id\":\"https:\/\/www.capri-matique.com\/client\/aprfae5\/7654-2\/#primaryimage\",\"inLanguage\":\"fr-FR\",\"url\":\"https:\/\/mma.prnewswire.com\/media\/1806172\/Coalition_du_1er_mai_Marche_de_la_Journ_e_internationale_des_tra.jpg?w=200\",\"contentUrl\":\"https:\/\/mma.prnewswire.com\/media\/1806172\/Coalition_du_1er_mai_Marche_de_la_Journ_e_internationale_des_tra.jpg?w=200\"},{\"@type\":\"WebPage\",\"@id\":\"https:\/\/www.capri-matique.com\/client\/aprfae5\/7654-2\/#webpage\",\"url\":\"https:\/\/www.capri-matique.com\/client\/aprfae5\/7654-2\/\",\"name\":\"- Association de personnes retrait\\u00e9es de la FAE\",\"isPartOf\":{\"@id\":\"https:\/\/www.capri-matique.com\/client\/aprfae5\/#website\"},\"primaryImageOfPage\":{\"@id\":\"https:\/\/www.capri-matique.com\/client\/aprfae5\/7654-2\/#primaryimage\"},\"datePublished\":\"2022-04-30T13:22:12+00:00\",\"dateModified\":\"2022-04-30T13:22:12+00:00\",\"author\":{\"@id\":\"https:\/\/www.capri-matique.com\/client\/aprfae5\/#\/schema\/person\/d49ddfd2ee6ceb42ef2fbcdda1753954\"},\"breadcrumb\":{\"@id\":\"https:\/\/www.capri-matique.com\/client\/aprfae5\/7654-2\/#breadcrumb\"},\"inLanguage\":\"fr-FR\",\"potentialAction\":[{\"@type\":\"ReadAction\",\"target\":[\"https:\/\/www.capri-matique.com\/client\/aprfae5\/7654-2\/\"]}]},{\"@type\":\"BreadcrumbList\",\"@id\":\"https:\/\/www.capri-matique.com\/client\/aprfae5\/7654-2\/#breadcrumb\",\"itemListElement\":[{\"@type\":\"ListItem\",\"position\":1,\"name\":\"Accueil\",\"item\":\"https:\/\/www.capri-matique.com\/client\/aprfae5\/\"},{\"@type\":\"ListItem\",\"position\":2,\"name\":\"\"}]},{\"@type\":\"Person\",\"@id\":\"https:\/\/www.capri-matique.com\/client\/aprfae5\/#\/schema\/person\/d49ddfd2ee6ceb42ef2fbcdda1753954\",\"name\":\"Chantal Couture\",\"url\":\"https:\/\/www.capri-matique.com\/client\/aprfae5\/author\/chantal-couture\/\"}]}<\/script>\n<!-- \/ Yoast SEO plugin. -->","yoast_head_json":{"title":"- Association de personnes retrait\u00e9es de la FAE","robots":{"index":"noindex","follow":"follow","max-snippet":"max-snippet:-1","max-image-preview":"max-image-preview:large","max-video-preview":"max-video-preview:-1"},"og_locale":"fr_FR","og_type":"article","og_title":"- Association de personnes retrait\u00e9es de la FAE","og_description":"Avis aux m\u00e9dias &#8211; Marche de la Journ\u00e9e internationale des travailleuses et des travailleurs NOUVELLES FOURNIES PAR Coalition du 1er mai\u00a0 Avr 27, 2022, 15:53 ET MONTR\u00c9AL,\u00a0le 27 avril 2022\u00a0\u00a0\/CNW Telbec\/ &#8211; Des milliers de personnes sont attendues dans les rues de Montr\u00e9al, ce dimanche 1er\u00a0mai, \u00e0 l&#8217;occasion de la Journ\u00e9e internationale des travailleuses et &hellip;","og_url":"https:\/\/www.capri-matique.com\/client\/aprfae5\/7654-2\/","og_site_name":"Association de personnes retrait\u00e9es de la FAE","article_published_time":"2022-04-30T13:22:12+00:00","og_image":[{"url":"https:\/\/mma.prnewswire.com\/media\/1806172\/Coalition_du_1er_mai_Marche_de_la_Journ_e_internationale_des_tra.jpg?w=200"}],"twitter_card":"summary","twitter_misc":{"\u00c9crit par":"Chantal Couture","Dur\u00e9e de lecture estim\u00e9e":"2 minutes"},"schema":{"@context":"https:\/\/schema.org","@graph":[{"@type":"WebSite","@id":"https:\/\/www.capri-matique.com\/client\/aprfae5\/#website","url":"https:\/\/www.capri-matique.com\/client\/aprfae5\/","name":"Association de personnes retrait\u00e9es de la FAE","description":"L&#039;association qui nous unit","potentialAction":[{"@type":"SearchAction","target":{"@type":"EntryPoint","urlTemplate":"https:\/\/www.capri-matique.com\/client\/aprfae5\/?s={search_term_string}"},"query-input":"required name=search_term_string"}],"inLanguage":"fr-FR"},{"@type":"ImageObject","@id":"https:\/\/www.capri-matique.com\/client\/aprfae5\/7654-2\/#primaryimage","inLanguage":"fr-FR","url":"https:\/\/mma.prnewswire.com\/media\/1806172\/Coalition_du_1er_mai_Marche_de_la_Journ_e_internationale_des_tra.jpg?w=200","contentUrl":"https:\/\/mma.prnewswire.com\/media\/1806172\/Coalition_du_1er_mai_Marche_de_la_Journ_e_internationale_des_tra.jpg?w=200"},{"@type":"WebPage","@id":"https:\/\/www.capri-matique.com\/client\/aprfae5\/7654-2\/#webpage","url":"https:\/\/www.capri-matique.com\/client\/aprfae5\/7654-2\/","name":"- Association de personnes retrait\u00e9es de la FAE","isPartOf":{"@id":"https:\/\/www.capri-matique.com\/client\/aprfae5\/#website"},"primaryImageOfPage":{"@id":"https:\/\/www.capri-matique.com\/client\/aprfae5\/7654-2\/#primaryimage"},"datePublished":"2022-04-30T13:22:12+00:00","dateModified":"2022-04-30T13:22:12+00:00","author":{"@id":"https:\/\/www.capri-matique.com\/client\/aprfae5\/#\/schema\/person\/d49ddfd2ee6ceb42ef2fbcdda1753954"},"breadcrumb":{"@id":"https:\/\/www.capri-matique.com\/client\/aprfae5\/7654-2\/#breadcrumb"},"inLanguage":"fr-FR","potentialAction":[{"@type":"ReadAction","target":["https:\/\/www.capri-matique.com\/client\/aprfae5\/7654-2\/"]}]},{"@type":"BreadcrumbList","@id":"https:\/\/www.capri-matique.com\/client\/aprfae5\/7654-2\/#breadcrumb","itemListElement":[{"@type":"ListItem","position":1,"name":"Accueil","item":"https:\/\/www.capri-matique.com\/client\/aprfae5\/"},{"@type":"ListItem","position":2,"name":""}]},{"@type":"Person","@id":"https:\/\/www.capri-matique.com\/client\/aprfae5\/#\/schema\/person\/d49ddfd2ee6ceb42ef2fbcdda1753954","name":"Chantal Couture","url":"https:\/\/www.capri-matique.com\/client\/aprfae5\/author\/chantal-couture\/"}]}},"_links":{"self":[{"href":"https:\/\/www.capri-matique.com\/client\/aprfae5\/wp-json\/wp\/v2\/posts\/7654","targetHints":{"allow":["GET"]}}],"collection":[{"href":"https:\/\/www.capri-matique.com\/client\/aprfae5\/wp-json\/wp\/v2\/posts"}],"about":[{"href":"https:\/\/www.capri-matique.com\/client\/aprfae5\/wp-json\/wp\/v2\/types\/post"}],"author":[{"embeddable":true,"href":"https:\/\/www.capri-matique.com\/client\/aprfae5\/wp-json\/wp\/v2\/users\/2"}],"replies":[{"embeddable":true,"href":"https:\/\/www.capri-matique.com\/client\/aprfae5\/wp-json\/wp\/v2\/comments?post=7654"}],"version-history":[{"count":2,"href":"https:\/\/www.capri-matique.com\/client\/aprfae5\/wp-json\/wp\/v2\/posts\/7654\/revisions"}],"predecessor-version":[{"id":7656,"href":"https:\/\/www.capri-matique.com\/client\/aprfae5\/wp-json\/wp\/v2\/posts\/7654\/revisions\/7656"}],"wp:attachment":[{"href":"https:\/\/www.capri-matique.com\/client\/aprfae5\/wp-json\/wp\/v2\/media?parent=7654"}],"wp:term":[{"taxonomy":"category","embeddable":true,"href":"https:\/\/www.capri-matique.com\/client\/aprfae5\/wp-json\/wp\/v2\/categories?post=7654"},{"taxonomy":"post_tag","embeddable":true,"href":"https:\/\/www.capri-matique.com\/client\/aprfae5\/wp-json\/wp\/v2\/tags?post=7654"}],"curies":[{"name":"wp","href":"https:\/\/api.w.org\/{rel}","templated":true}]}}