{"id":7633,"date":"2022-04-19T10:13:30","date_gmt":"2022-04-19T14:13:30","guid":{"rendered":"https:\/\/capri-matique.com\/client\/aprfae5\/?p=7633"},"modified":"2022-04-19T19:59:53","modified_gmt":"2022-04-19T23:59:53","slug":"assemblee-generale-annuelle-2022","status":"publish","type":"post","link":"https:\/\/www.capri-matique.com\/client\/aprfae5\/assemblee-generale-annuelle-2022\/","title":{"rendered":"Assembl\u00e9e g\u00e9n\u00e9rale annuelle 2022"},"content":{"rendered":"<p>&nbsp;<\/p>\n<p><img fetchpriority=\"high\" decoding=\"async\" class=\"aligncenter wp-image-7641 size-large\" src=\"https:\/\/capri-matique.com\/client\/aprfae5\/wp-content\/uploads\/2022\/04\/calendrier-ag2022-1024x521.jpg\" alt=\"\" width=\"960\" height=\"488\" srcset=\"https:\/\/www.capri-matique.com\/client\/aprfae5\/wp-content\/uploads\/2022\/04\/calendrier-ag2022-1024x521.jpg 1024w, https:\/\/www.capri-matique.com\/client\/aprfae5\/wp-content\/uploads\/2022\/04\/calendrier-ag2022-300x153.jpg 300w, https:\/\/www.capri-matique.com\/client\/aprfae5\/wp-content\/uploads\/2022\/04\/calendrier-ag2022-1536x782.jpg 1536w, https:\/\/www.capri-matique.com\/client\/aprfae5\/wp-content\/uploads\/2022\/04\/calendrier-ag2022.jpg 2000w\" sizes=\"(max-width: 960px) 100vw, 960px\" \/><\/p>\n<p>&nbsp;<\/p>\n<p>Le 22 avril 2022<\/p>\n<p><strong><u>\u00a0<\/u><\/strong><\/p>\n<p><strong><u>ANNONCE DE<\/u><\/strong><\/p>\n<p><strong><u>D\u2019UNE ASSEMBL\u00c9E G\u00c9N\u00c9RALE EXTRAORDINAIRE DE L\u2019APRFAE<\/u><\/strong><\/p>\n<p>Il me fait plaisir d\u2019annoncer la date de la prochaine assembl\u00e9e g\u00e9n\u00e9rale extraordinaire de notre association qui se tiendra\u00a0:<\/p>\n<p><strong>Mercredi le 25 mai 2022, \u00e0 compter de 10\u00a0h<\/strong><\/p>\n<p><strong>Au Centre de congr\u00e8s Le Palace<\/strong><\/p>\n<p><strong>1717 Boul. Le Corbusier, Laval (au nord de St-Martin)<\/strong><\/p>\n<p style=\"text-align: center;\"><a class=\"maxbutton-6 maxbutton maxbutton-inscription\" target=\"_blank\" rel=\"noopener\" href=\"https:\/\/capri-matique.com\/client\/aprfae5\/events\/ag-2023\/\"><span class='mb-text'>Inscription<\/span><\/a><\/p>\n<p>Le Plan d\u2019action de l\u2019APRFAE 2021-2022, tel qu\u2019adopt\u00e9 par l\u2019Assembl\u00e9e g\u00e9n\u00e9rale du 24 novembre 2021, pr\u00e9voit une assembl\u00e9e g\u00e9n\u00e9rale ce printemps sur la question de la hausse de la cotisation annuelle. Depuis l\u2019automne, le Conseil d\u2019administration travaille intens\u00e9ment sur ce dossier. Le Comit\u00e9 des finances a \u00e9t\u00e9 associ\u00e9 \u00e0 ces travaux.<\/p>\n<p>Une assembl\u00e9e extraordinaire signifie qu\u2019il n\u2019y aura aucun point qui pourra \u00eatre ajout\u00e9 \u00e0 l\u2019ordre du jour qui sera pr\u00e9sent\u00e9 le 25 mai prochain. Aussi, le Conseil d\u2019administration \u00e9value que la r\u00e9union se d\u00e9roulera sur la base d\u2019une demi-journ\u00e9e.<\/p>\n<p>Fort de l\u2019exp\u00e9rience positive de l\u2019automne dernier, l\u2019Assembl\u00e9e se tiendra en mode hybride avec cette diff\u00e9rence que tous les membres auront le choix d\u2019y participer en pr\u00e9sentiel ou en virtuel. M\u00eame si la r\u00e9union n\u2019est pas sur toute la journ\u00e9e, un repas sera servi aux personnes qui le souhaiteront.<\/p>\n<p>La pr\u00e9inscription \u00e0 cette assembl\u00e9e <u>est indispensable<\/u>. \u00a0Elle devra se faire en ligne via notre site web \u00e0 l\u2019adresse <a href=\"https:\/\/aprfae.ca\">https:\/\/aprfae.ca<\/a>. Notre personnel pourra faire l\u2019inscription des membres qui n\u2019ont pas d\u2019acc\u00e8s internet.\u00a0 \u00a0Ces personnes devront cependant s\u2019inscrire par t\u00e9l\u00e9phone en fournissant toutes les informations requises pour la pr\u00e9inscription. Les num\u00e9ros sont 514\u00a0666-6969 ou 1\u00a0877\u00a0321-1727.<\/p>\n<p>Toutes les informations demand\u00e9es sont essentielles\u00a0: Nom, pr\u00e9nom, num\u00e9ro de membre, r\u00e9gion, adresse courriel, num\u00e9ro de t\u00e9l\u00e9phone, choix pr\u00e9sentiel ou virtuel, pr\u00e9sence au diner ou non et particularit\u00e9s alimentaires, s\u2019il y a lieu.<\/p>\n<p>&nbsp;<\/p>\n<p>Nous vous demandons de noter et r\u00e9server la date du 25 mai \u00e0 l\u2019agenda. Nous esp\u00e9rons que vous participerez en grand nombre, car cette assembl\u00e9e est d\u00e9terminante pour le d\u00e9veloppement de notre association.<\/p>\n<p>&nbsp;<\/p>\n<p>Esp\u00e9rant vous voir en tr\u00e8s grand nombre,<\/p>\n<p>Nicole Frascadore<\/p>\n<p>Pr\u00e9sidente, APRFAE<\/p>\n<p>&nbsp;<\/p>\n<p>&nbsp;<\/p>\n<p>&nbsp;<\/p>\n<p><strong>PROJET D\u2019ORDRE DU JOUR ET D\u2019HORAIRE<\/strong><\/p>\n<p><strong>Assembl\u00e9e extraordinaire du 25 mai 2022<\/strong><\/p>\n<p><strong>\u00a0<\/strong><\/p>\n<table width=\"99%\">\n<tbody>\n<tr>\n<td width=\"17%\">9h00 \u2013 10h00<\/td>\n<td width=\"60%\">Inscriptions<\/td>\n<td width=\"22%\">Annie Charest (ZOOM)<\/p>\n<p>Lise Laverdure<\/td>\n<\/tr>\n<tr>\n<td width=\"17%\">10h00 &#8211; 10h05<\/td>\n<td width=\"60%\">1- \u00a0\u00a0Mot d\u2019ouverture<\/td>\n<td width=\"22%\">Nicole Frascadore<\/td>\n<\/tr>\n<tr>\n<td width=\"17%\">10h05 &#8211; 10h15<\/td>\n<td width=\"60%\">2-\u00a0 Nomination de la pr\u00e9sidence de l\u2019Assembl\u00e9e et rappel de la proc\u00e9dure d\u2019assembl\u00e9e<\/td>\n<td width=\"22%\">Pr\u00e9sidence des d\u00e9bats<\/td>\n<\/tr>\n<tr>\n<td width=\"17%\">10h15 &#8211; 10h20<\/td>\n<td width=\"60%\">3-\u00a0 Adoption de l\u2019ordre du jour<\/td>\n<td width=\"22%\">Nicole Frascadore<\/td>\n<\/tr>\n<tr>\n<td width=\"17%\">10h 20 \u2013 11h20<\/td>\n<td width=\"60%\">4- Suivi de la d\u00e9cision de l\u2019Assembl\u00e9e g\u00e9n\u00e9rale sur la hausse de la cotisation<\/p>\n<p>a)\u00a0\u00a0\u00a0\u00a0\u00a0\u00a0 Pr\u00e9sentation du dossier<\/p>\n<p>b)\u00a0\u00a0\u00a0\u00a0\u00a0\u00a0 Annonce de propositions<\/p>\n<p>c)\u00a0\u00a0\u00a0\u00a0\u00a0\u00a0 D\u00e9bat et vote<\/td>\n<td width=\"22%\">&nbsp;<\/p>\n<p>Nicole Frascadore<\/td>\n<\/tr>\n<tr>\n<td width=\"17%\">11h20 &#8211; 11h45<\/td>\n<td width=\"60%\">5-\u00a0 Pause<\/td>\n<td width=\"22%\"><\/td>\n<\/tr>\n<tr>\n<td width=\"17%\">11h45 \u2013 12h15<\/td>\n<td width=\"60%\">6- Mandat compl\u00e9mentaire sur une structure de compensation des membres du Conseil d\u2019administration<\/p>\n<p>a)\u00a0\u00a0\u00a0\u00a0\u00a0\u00a0 Pr\u00e9sentation du dossier<\/p>\n<p>b)\u00a0\u00a0\u00a0\u00a0\u00a0\u00a0 Pr\u00e9sentation recommandation du Conseil d\u2019administration (\u00e0 confirmer)<\/p>\n<p>c)\u00a0\u00a0\u00a0\u00a0\u00a0\u00a0 Annonce de propositions (\u00e0 confirmer)<\/p>\n<p>d)\u00a0\u00a0\u00a0\u00a0\u00a0\u00a0 D\u00e9bat et vote<\/td>\n<td width=\"22%\">&nbsp;<\/p>\n<p>Jocelyne Dupuis<\/p>\n<p>Nicole Frascadore<\/td>\n<\/tr>\n<tr>\n<td width=\"17%\">12h15-12h30<\/td>\n<td width=\"60%\">Mot de cl\u00f4ture et invitation et pr\u00e9sentation des invit\u00e9s (\u00e0 confirmer)<\/td>\n<td width=\"22%\">Nicole Frascadore<\/td>\n<\/tr>\n<tr>\n<td width=\"17%\">12h20 &#8211; 13h30<\/td>\n<td colspan=\"2\" width=\"82%\">DINER<\/td>\n<\/tr>\n<\/tbody>\n<\/table>\n<p><strong>\u00a0<\/strong><\/p>\n<p><strong>\u00a0<\/strong><\/p>\n<p>&nbsp;<\/p>\n<p>&nbsp;<\/p>\n","protected":false},"excerpt":{"rendered":"<p>&nbsp; &nbsp; Le 22 avril 2022 \u00a0 ANNONCE DE D\u2019UNE ASSEMBL\u00c9E G\u00c9N\u00c9RALE EXTRAORDINAIRE DE L\u2019APRFAE Il me fait plaisir d\u2019annoncer la date de la prochaine assembl\u00e9e g\u00e9n\u00e9rale extraordinaire de notre association qui se tiendra\u00a0: Mercredi le 25 mai 2022, \u00e0 compter de 10\u00a0h Au Centre de congr\u00e8s Le Palace 1717 Boul. Le Corbusier, Laval (au &hellip;<\/p>\n","protected":false},"author":2,"featured_media":0,"comment_status":"closed","ping_status":"open","sticky":false,"template":"","format":"standard","meta":{"footnotes":""},"categories":[1],"tags":[],"class_list":["post-7633","post","type-post","status-publish","format-standard","hentry","category-uncategorized"],"yoast_head":"<!-- This site is optimized with the Yoast SEO plugin v17.3 - https:\/\/yoast.com\/wordpress\/plugins\/seo\/ -->\n<title>Assembl\u00e9e g\u00e9n\u00e9rale annuelle 2022 - Association de personnes retrait\u00e9es de la FAE<\/title>\n<meta name=\"robots\" content=\"noindex, follow, max-snippet:-1, max-image-preview:large, max-video-preview:-1\" \/>\n<meta property=\"og:locale\" content=\"fr_FR\" \/>\n<meta property=\"og:type\" content=\"article\" \/>\n<meta property=\"og:title\" content=\"Assembl\u00e9e g\u00e9n\u00e9rale annuelle 2022 - Association de personnes retrait\u00e9es de la FAE\" \/>\n<meta property=\"og:description\" content=\"&nbsp; &nbsp; Le 22 avril 2022 \u00a0 ANNONCE DE D\u2019UNE ASSEMBL\u00c9E G\u00c9N\u00c9RALE EXTRAORDINAIRE DE L\u2019APRFAE Il me fait plaisir d\u2019annoncer la date de la prochaine assembl\u00e9e g\u00e9n\u00e9rale extraordinaire de notre association qui se tiendra\u00a0: Mercredi le 25 mai 2022, \u00e0 compter de 10\u00a0h Au Centre de congr\u00e8s Le Palace 1717 Boul. Le Corbusier, Laval (au &hellip;\" \/>\n<meta property=\"og:url\" content=\"https:\/\/www.capri-matique.com\/client\/aprfae5\/assemblee-generale-annuelle-2022\/\" \/>\n<meta property=\"og:site_name\" content=\"Association de personnes retrait\u00e9es de la FAE\" \/>\n<meta property=\"article:published_time\" content=\"2022-04-19T14:13:30+00:00\" \/>\n<meta property=\"article:modified_time\" content=\"2022-04-19T23:59:53+00:00\" \/>\n<meta property=\"og:image\" content=\"https:\/\/capri-matique.com\/client\/aprfae5\/wp-content\/uploads\/2022\/04\/calendrier-ag2022-1024x521.jpg\" \/>\n<meta name=\"twitter:card\" content=\"summary\" \/>\n<meta name=\"twitter:label1\" content=\"\u00c9crit par\" \/>\n\t<meta name=\"twitter:data1\" content=\"Chantal Couture\" \/>\n\t<meta name=\"twitter:label2\" content=\"Dur\u00e9e de lecture estim\u00e9e\" \/>\n\t<meta name=\"twitter:data2\" content=\"3 minutes\" \/>\n<script type=\"application\/ld+json\" class=\"yoast-schema-graph\">{\"@context\":\"https:\/\/schema.org\",\"@graph\":[{\"@type\":\"WebSite\",\"@id\":\"https:\/\/www.capri-matique.com\/client\/aprfae5\/#website\",\"url\":\"https:\/\/www.capri-matique.com\/client\/aprfae5\/\",\"name\":\"Association de personnes retrait\\u00e9es de la FAE\",\"description\":\"L&#039;association qui nous unit\",\"potentialAction\":[{\"@type\":\"SearchAction\",\"target\":{\"@type\":\"EntryPoint\",\"urlTemplate\":\"https:\/\/www.capri-matique.com\/client\/aprfae5\/?s={search_term_string}\"},\"query-input\":\"required name=search_term_string\"}],\"inLanguage\":\"fr-FR\"},{\"@type\":\"ImageObject\",\"@id\":\"https:\/\/www.capri-matique.com\/client\/aprfae5\/assemblee-generale-annuelle-2022\/#primaryimage\",\"inLanguage\":\"fr-FR\",\"url\":\"https:\/\/capri-matique.com\/client\/aprfae5\/wp-content\/uploads\/2022\/04\/calendrier-ag2022-1024x521.jpg\",\"contentUrl\":\"https:\/\/capri-matique.com\/client\/aprfae5\/wp-content\/uploads\/2022\/04\/calendrier-ag2022-1024x521.jpg\"},{\"@type\":\"WebPage\",\"@id\":\"https:\/\/www.capri-matique.com\/client\/aprfae5\/assemblee-generale-annuelle-2022\/#webpage\",\"url\":\"https:\/\/www.capri-matique.com\/client\/aprfae5\/assemblee-generale-annuelle-2022\/\",\"name\":\"Assembl\\u00e9e g\\u00e9n\\u00e9rale annuelle 2022 - Association de personnes retrait\\u00e9es de la FAE\",\"isPartOf\":{\"@id\":\"https:\/\/www.capri-matique.com\/client\/aprfae5\/#website\"},\"primaryImageOfPage\":{\"@id\":\"https:\/\/www.capri-matique.com\/client\/aprfae5\/assemblee-generale-annuelle-2022\/#primaryimage\"},\"datePublished\":\"2022-04-19T14:13:30+00:00\",\"dateModified\":\"2022-04-19T23:59:53+00:00\",\"author\":{\"@id\":\"https:\/\/www.capri-matique.com\/client\/aprfae5\/#\/schema\/person\/d49ddfd2ee6ceb42ef2fbcdda1753954\"},\"breadcrumb\":{\"@id\":\"https:\/\/www.capri-matique.com\/client\/aprfae5\/assemblee-generale-annuelle-2022\/#breadcrumb\"},\"inLanguage\":\"fr-FR\",\"potentialAction\":[{\"@type\":\"ReadAction\",\"target\":[\"https:\/\/www.capri-matique.com\/client\/aprfae5\/assemblee-generale-annuelle-2022\/\"]}]},{\"@type\":\"BreadcrumbList\",\"@id\":\"https:\/\/www.capri-matique.com\/client\/aprfae5\/assemblee-generale-annuelle-2022\/#breadcrumb\",\"itemListElement\":[{\"@type\":\"ListItem\",\"position\":1,\"name\":\"Accueil\",\"item\":\"https:\/\/www.capri-matique.com\/client\/aprfae5\/\"},{\"@type\":\"ListItem\",\"position\":2,\"name\":\"Assembl\\u00e9e g\\u00e9n\\u00e9rale annuelle 2022\"}]},{\"@type\":\"Person\",\"@id\":\"https:\/\/www.capri-matique.com\/client\/aprfae5\/#\/schema\/person\/d49ddfd2ee6ceb42ef2fbcdda1753954\",\"name\":\"Chantal Couture\",\"url\":\"https:\/\/www.capri-matique.com\/client\/aprfae5\/author\/chantal-couture\/\"}]}<\/script>\n<!-- \/ Yoast SEO plugin. -->","yoast_head_json":{"title":"Assembl\u00e9e g\u00e9n\u00e9rale annuelle 2022 - Association de personnes retrait\u00e9es de la FAE","robots":{"index":"noindex","follow":"follow","max-snippet":"max-snippet:-1","max-image-preview":"max-image-preview:large","max-video-preview":"max-video-preview:-1"},"og_locale":"fr_FR","og_type":"article","og_title":"Assembl\u00e9e g\u00e9n\u00e9rale annuelle 2022 - Association de personnes retrait\u00e9es de la FAE","og_description":"&nbsp; &nbsp; Le 22 avril 2022 \u00a0 ANNONCE DE D\u2019UNE ASSEMBL\u00c9E G\u00c9N\u00c9RALE EXTRAORDINAIRE DE L\u2019APRFAE Il me fait plaisir d\u2019annoncer la date de la prochaine assembl\u00e9e g\u00e9n\u00e9rale extraordinaire de notre association qui se tiendra\u00a0: Mercredi le 25 mai 2022, \u00e0 compter de 10\u00a0h Au Centre de congr\u00e8s Le Palace 1717 Boul. Le Corbusier, Laval (au &hellip;","og_url":"https:\/\/www.capri-matique.com\/client\/aprfae5\/assemblee-generale-annuelle-2022\/","og_site_name":"Association de personnes retrait\u00e9es de la FAE","article_published_time":"2022-04-19T14:13:30+00:00","article_modified_time":"2022-04-19T23:59:53+00:00","og_image":[{"url":"https:\/\/capri-matique.com\/client\/aprfae5\/wp-content\/uploads\/2022\/04\/calendrier-ag2022-1024x521.jpg"}],"twitter_card":"summary","twitter_misc":{"\u00c9crit par":"Chantal Couture","Dur\u00e9e de lecture estim\u00e9e":"3 minutes"},"schema":{"@context":"https:\/\/schema.org","@graph":[{"@type":"WebSite","@id":"https:\/\/www.capri-matique.com\/client\/aprfae5\/#website","url":"https:\/\/www.capri-matique.com\/client\/aprfae5\/","name":"Association de personnes retrait\u00e9es de la FAE","description":"L&#039;association qui nous unit","potentialAction":[{"@type":"SearchAction","target":{"@type":"EntryPoint","urlTemplate":"https:\/\/www.capri-matique.com\/client\/aprfae5\/?s={search_term_string}"},"query-input":"required name=search_term_string"}],"inLanguage":"fr-FR"},{"@type":"ImageObject","@id":"https:\/\/www.capri-matique.com\/client\/aprfae5\/assemblee-generale-annuelle-2022\/#primaryimage","inLanguage":"fr-FR","url":"https:\/\/capri-matique.com\/client\/aprfae5\/wp-content\/uploads\/2022\/04\/calendrier-ag2022-1024x521.jpg","contentUrl":"https:\/\/capri-matique.com\/client\/aprfae5\/wp-content\/uploads\/2022\/04\/calendrier-ag2022-1024x521.jpg"},{"@type":"WebPage","@id":"https:\/\/www.capri-matique.com\/client\/aprfae5\/assemblee-generale-annuelle-2022\/#webpage","url":"https:\/\/www.capri-matique.com\/client\/aprfae5\/assemblee-generale-annuelle-2022\/","name":"Assembl\u00e9e g\u00e9n\u00e9rale annuelle 2022 - Association de personnes retrait\u00e9es de la FAE","isPartOf":{"@id":"https:\/\/www.capri-matique.com\/client\/aprfae5\/#website"},"primaryImageOfPage":{"@id":"https:\/\/www.capri-matique.com\/client\/aprfae5\/assemblee-generale-annuelle-2022\/#primaryimage"},"datePublished":"2022-04-19T14:13:30+00:00","dateModified":"2022-04-19T23:59:53+00:00","author":{"@id":"https:\/\/www.capri-matique.com\/client\/aprfae5\/#\/schema\/person\/d49ddfd2ee6ceb42ef2fbcdda1753954"},"breadcrumb":{"@id":"https:\/\/www.capri-matique.com\/client\/aprfae5\/assemblee-generale-annuelle-2022\/#breadcrumb"},"inLanguage":"fr-FR","potentialAction":[{"@type":"ReadAction","target":["https:\/\/www.capri-matique.com\/client\/aprfae5\/assemblee-generale-annuelle-2022\/"]}]},{"@type":"BreadcrumbList","@id":"https:\/\/www.capri-matique.com\/client\/aprfae5\/assemblee-generale-annuelle-2022\/#breadcrumb","itemListElement":[{"@type":"ListItem","position":1,"name":"Accueil","item":"https:\/\/www.capri-matique.com\/client\/aprfae5\/"},{"@type":"ListItem","position":2,"name":"Assembl\u00e9e g\u00e9n\u00e9rale annuelle 2022"}]},{"@type":"Person","@id":"https:\/\/www.capri-matique.com\/client\/aprfae5\/#\/schema\/person\/d49ddfd2ee6ceb42ef2fbcdda1753954","name":"Chantal Couture","url":"https:\/\/www.capri-matique.com\/client\/aprfae5\/author\/chantal-couture\/"}]}},"_links":{"self":[{"href":"https:\/\/www.capri-matique.com\/client\/aprfae5\/wp-json\/wp\/v2\/posts\/7633","targetHints":{"allow":["GET"]}}],"collection":[{"href":"https:\/\/www.capri-matique.com\/client\/aprfae5\/wp-json\/wp\/v2\/posts"}],"about":[{"href":"https:\/\/www.capri-matique.com\/client\/aprfae5\/wp-json\/wp\/v2\/types\/post"}],"author":[{"embeddable":true,"href":"https:\/\/www.capri-matique.com\/client\/aprfae5\/wp-json\/wp\/v2\/users\/2"}],"replies":[{"embeddable":true,"href":"https:\/\/www.capri-matique.com\/client\/aprfae5\/wp-json\/wp\/v2\/comments?post=7633"}],"version-history":[{"count":7,"href":"https:\/\/www.capri-matique.com\/client\/aprfae5\/wp-json\/wp\/v2\/posts\/7633\/revisions"}],"predecessor-version":[{"id":7646,"href":"https:\/\/www.capri-matique.com\/client\/aprfae5\/wp-json\/wp\/v2\/posts\/7633\/revisions\/7646"}],"wp:attachment":[{"href":"https:\/\/www.capri-matique.com\/client\/aprfae5\/wp-json\/wp\/v2\/media?parent=7633"}],"wp:term":[{"taxonomy":"category","embeddable":true,"href":"https:\/\/www.capri-matique.com\/client\/aprfae5\/wp-json\/wp\/v2\/categories?post=7633"},{"taxonomy":"post_tag","embeddable":true,"href":"https:\/\/www.capri-matique.com\/client\/aprfae5\/wp-json\/wp\/v2\/tags?post=7633"}],"curies":[{"name":"wp","href":"https:\/\/api.w.org\/{rel}","templated":true}]}}