{"id":7586,"date":"2022-03-23T19:19:30","date_gmt":"2022-03-23T23:19:30","guid":{"rendered":"https:\/\/capri-matique.com\/client\/aprfae5\/?p=7586"},"modified":"2022-03-23T19:36:31","modified_gmt":"2022-03-23T23:36:31","slug":"communique-iris","status":"publish","type":"post","link":"https:\/\/www.capri-matique.com\/client\/aprfae5\/communique-iris\/","title":{"rendered":"Communiqu\u00e9 IRIS"},"content":{"rendered":"<p>&nbsp;<\/p>\n<p><img decoding=\"async\" class=\"size-medium wp-image-1673 aligncenter\" src=\"https:\/\/capri-matique.com\/client\/aprfae5\/wp-content\/uploads\/2017\/06\/iris-300x158.png\" alt=\"\" width=\"300\" height=\"158\" srcset=\"https:\/\/www.capri-matique.com\/client\/aprfae5\/wp-content\/uploads\/2017\/06\/iris-300x158.png 300w, https:\/\/www.capri-matique.com\/client\/aprfae5\/wp-content\/uploads\/2017\/06\/iris.png 430w\" sizes=\"(max-width: 300px) 100vw, 300px\" \/><\/p>\n<p>&nbsp;<\/p>\n<p><strong>Budget du Qu\u00e9bec 2022 : une approche peu adapt\u00e9e aux d\u00e9fis de l\u2019heure<\/strong><\/p>\n<p><strong>Qu\u00e9bec, le 22 mars 2022 \u2013\u00a0<\/strong>Apr\u00e8s les perturbations sanitaires et \u00e9conomiques des derni\u00e8res ann\u00e9es, le 4e budget du ministre des Finances Eric Girard est marqu\u00e9 par la volont\u00e9 d\u2019engager le Qu\u00e9bec dans une \u00e8re post-pand\u00e9mique. \u00c0 la sortie du huis clos du budget, l\u2019\u00e9quipe de recherche de l\u2019Institut de recherche et d\u2019informations socio\u00e9conomiques (IRIS) constate que le gouvernement peut pour ce faire compter sur une situation budg\u00e9taire qui ressemble \u00e9tonnamment \u00e0 celle qui pr\u00e9valait \u00e0 la fin du mandat du pr\u00e9c\u00e9dent gouvernement. Des recettes fiscales impr\u00e9vues (12,4 G$) placent le ministre dans une posture enviable et lui permettent de distribuer des cadeaux pr\u00e9\u00e9lectoraux. Suivant une approche conservatrice, il n\u2019en demeure pas moins que le budget 2022-2023 est marqu\u00e9 par des demi-mesures face aux d\u00e9fis de l\u2019heure.<\/p>\n<p>Quatre ans apr\u00e8s son \u00e9lection, et alors que la pand\u00e9mie de COVID-19 s\u2019estompe, le gouvernement a maintenu intacte l\u2019architecture budg\u00e9taire et fiscale du Qu\u00e9bec. Il n\u2019a pas modifi\u00e9 la m\u00e9thode de calcul du solde budg\u00e9taire \u2014 qui a pour effet de noircir le portrait des finances publiques \u2014 pas plus qu\u2019il n\u2019a cess\u00e9 de verser des sommes consid\u00e9rables dans le Fonds des g\u00e9n\u00e9rations en d\u00e9pit de l\u2019atteinte des cibles de r\u00e9duction de la dette. \u00ab\u2009En conservant ce carcan budg\u00e9taire, le gouvernement s\u2019emp\u00eache de mettre en place des politiques structurantes pour lutter contre les effets de l\u2019inflation sur les m\u00e9nages et rem\u00e9dier \u00e0 la crise climatique\u2009\u00bb, souligne le chercheur \u00e0 l\u2019IRIS Guillaume H\u00e9bert en marge du huis clos du budget.<\/p>\n<p><strong>Co\u00fbt de la vie\u00a0<\/strong><br \/>\n\u00ab\u2009Le gouvernement, qui versera 500 $ \u00e0 chaque adulte ayant un revenu de 100\u2009000 $ ou moins, opte pour une mesure ponctuelle et r\u00e9gressive alors qu\u2019il dispose de nombreux outils pour prot\u00e9ger le pouvoir d\u2019achat des m\u00e9nages qu\u00e9b\u00e9cois, surtout les plus vuln\u00e9rables\u2009\u00bb, signale Julia Posca, chercheuse \u00e0 l\u2019IRIS. Plus \u00e9lev\u00e9 que celui qui a \u00e9t\u00e9 attribu\u00e9 aux personnes touchant des revenus plus modestes dans la mise \u00e0 jour \u00e9conomique de novembre, ce montant aurait \u00e0 tout le moins d\u00fb diminuer \u00e0 mesure que les revenus augmentent. Par ailleurs, le gouvernement aurait d\u00fb miser sur des mesures qui ont des effets \u00e0 long terme comme la bonification des prestations d\u2019aide sociale ou la hausse du salaire minimum. Pour agir sur les d\u00e9penses des m\u00e9nages, il aurait aussi pu geler temporairement les loyers, les frais de scolarit\u00e9, et surtout, revenir sur sa d\u00e9cision de fixer les tarifs d\u2019hydro\u00e9lectricit\u00e9 en fonction de l\u2019inflation.<\/p>\n<p><strong>Sant\u00e9 et services sociaux<\/strong><br \/>\nEn sant\u00e9, les besoins sont grands, la pand\u00e9mie ayant mis en \u00e9vidence les torts que les pr\u00e9c\u00e9dentes r\u00e9formes avaient inflig\u00e9s au r\u00e9seau de la sant\u00e9 et des services sociaux. L\u2019objectif gouvernemental de rendre les soins et services \u00ab\u2009plus fluides, accessibles, humains et performants\u2009\u00bb est donc louable, tout comme l\u2019est l\u2019engagement \u00ab\u2009d\u2019assurer une gestion d\u00e9centralis\u00e9e\u2009\u00bb, une \u00ab\u2009gestion de proximit\u00e9\u2009\u00bb, de faciliter l\u2019acc\u00e8s aux donn\u00e9es, ainsi qu\u2019un \u00ab\u2009changement de culture dans l\u2019organisation du travail\u2009\u00bb, mais les mesures pr\u00e9cises pour atteindre ces objectifs restent \u00e0 d\u00e9terminer. Les annonces en mati\u00e8re de soins de longue dur\u00e9e sont peu d\u00e9taill\u00e9es, ou carr\u00e9ment fam\u00e9liques dans le cas des services \u00e0 domicile (100 M$) ou de l\u2019aide aux proches aidant\u00b7e\u00b7s (38 M$). \u00ab\u2009Investir dans les services publics demeure un moyen efficace de retenir le personnel \u00e9puis\u00e9 par deux ans de pand\u00e9mie, mais aussi de soutenir la reprise \u00e9conomique sans creuser notre empreinte \u00e9cologique\u2009\u00bb, rappelle Guillaume H\u00e9bert.<\/p>\n<p><strong>Environnement<\/strong><br \/>\nMalgr\u00e9 l\u2019urgence climatique, le gouvernement se contente de nouvelles mesures environnementales s\u2019\u00e9levant \u00e0 63,2 M$ cette ann\u00e9e, un montant qui ne fait pas le poids face aux 1,1 G$ consacr\u00e9s aux mesures visant \u00e0 stimuler la croissance \u00e9conomique. \u00ab\u2009En contexte de flamb\u00e9e des prix du p\u00e9trole et de l\u2019essence, les mesures qui visent \u00e0 r\u00e9duire la d\u00e9pendance de l\u2019\u00e9conomie qu\u00e9b\u00e9coise aux \u00e9nergies fossiles ne devraient pas \u00eatre, comme le fait le gouvernement, rel\u00e9gu\u00e9es au second plan\u2009\u00bb, estime Julia Posca. Les 225,8 M$ pr\u00e9vus en 2022-2023 pour maintenir les services de transport des personnes et d\u2019approvisionnement des communaut\u00e9s ne sont en outre pas \u00e0 la hauteur des besoins en mati\u00e8re de transport en commun, une industrie qui contribue pourtant \u00e0 la vitalit\u00e9 \u00e9conomique du Qu\u00e9bec.<\/p>\n","protected":false},"excerpt":{"rendered":"<p>&nbsp; &nbsp; Budget du Qu\u00e9bec 2022 : une approche peu adapt\u00e9e aux d\u00e9fis de l\u2019heure Qu\u00e9bec, le 22 mars 2022 \u2013\u00a0Apr\u00e8s les perturbations sanitaires et \u00e9conomiques des derni\u00e8res ann\u00e9es, le 4e budget du ministre des Finances Eric Girard est marqu\u00e9 par la volont\u00e9 d\u2019engager le Qu\u00e9bec dans une \u00e8re post-pand\u00e9mique. \u00c0 la sortie du huis &hellip;<\/p>\n","protected":false},"author":2,"featured_media":0,"comment_status":"closed","ping_status":"open","sticky":false,"template":"","format":"standard","meta":{"footnotes":""},"categories":[1],"tags":[],"class_list":["post-7586","post","type-post","status-publish","format-standard","hentry","category-uncategorized"],"yoast_head":"<!-- This site is optimized with the Yoast SEO plugin v17.3 - https:\/\/yoast.com\/wordpress\/plugins\/seo\/ -->\n<title>Communiqu\u00e9 IRIS - Association de personnes retrait\u00e9es de la FAE<\/title>\n<meta name=\"robots\" content=\"noindex, follow, max-snippet:-1, max-image-preview:large, max-video-preview:-1\" \/>\n<meta property=\"og:locale\" content=\"fr_FR\" \/>\n<meta property=\"og:type\" content=\"article\" \/>\n<meta property=\"og:title\" content=\"Communiqu\u00e9 IRIS - Association de personnes retrait\u00e9es de la FAE\" \/>\n<meta property=\"og:description\" content=\"&nbsp; &nbsp; Budget du Qu\u00e9bec 2022 : une approche peu adapt\u00e9e aux d\u00e9fis de l\u2019heure Qu\u00e9bec, le 22 mars 2022 \u2013\u00a0Apr\u00e8s les perturbations sanitaires et \u00e9conomiques des derni\u00e8res ann\u00e9es, le 4e budget du ministre des Finances Eric Girard est marqu\u00e9 par la volont\u00e9 d\u2019engager le Qu\u00e9bec dans une \u00e8re post-pand\u00e9mique. \u00c0 la sortie du huis &hellip;\" \/>\n<meta property=\"og:url\" content=\"https:\/\/www.capri-matique.com\/client\/aprfae5\/communique-iris\/\" \/>\n<meta property=\"og:site_name\" content=\"Association de personnes retrait\u00e9es de la FAE\" \/>\n<meta property=\"article:published_time\" content=\"2022-03-23T23:19:30+00:00\" \/>\n<meta property=\"article:modified_time\" content=\"2022-03-23T23:36:31+00:00\" \/>\n<meta property=\"og:image\" content=\"https:\/\/capri-matique.com\/client\/aprfae5\/wp-content\/uploads\/2017\/06\/iris-300x158.png\" \/>\n<meta name=\"twitter:card\" content=\"summary\" \/>\n<meta name=\"twitter:label1\" content=\"\u00c9crit par\" \/>\n\t<meta name=\"twitter:data1\" content=\"Chantal Couture\" \/>\n\t<meta name=\"twitter:label2\" content=\"Dur\u00e9e de lecture estim\u00e9e\" \/>\n\t<meta name=\"twitter:data2\" content=\"4 minutes\" \/>\n<script type=\"application\/ld+json\" class=\"yoast-schema-graph\">{\"@context\":\"https:\/\/schema.org\",\"@graph\":[{\"@type\":\"WebSite\",\"@id\":\"https:\/\/www.capri-matique.com\/client\/aprfae5\/#website\",\"url\":\"https:\/\/www.capri-matique.com\/client\/aprfae5\/\",\"name\":\"Association de personnes retrait\\u00e9es de la FAE\",\"description\":\"L&#039;association qui nous unit\",\"potentialAction\":[{\"@type\":\"SearchAction\",\"target\":{\"@type\":\"EntryPoint\",\"urlTemplate\":\"https:\/\/www.capri-matique.com\/client\/aprfae5\/?s={search_term_string}\"},\"query-input\":\"required name=search_term_string\"}],\"inLanguage\":\"fr-FR\"},{\"@type\":\"ImageObject\",\"@id\":\"https:\/\/www.capri-matique.com\/client\/aprfae5\/communique-iris\/#primaryimage\",\"inLanguage\":\"fr-FR\",\"url\":\"https:\/\/capri-matique.com\/client\/aprfae5\/wp-content\/uploads\/2017\/06\/iris-300x158.png\",\"contentUrl\":\"https:\/\/capri-matique.com\/client\/aprfae5\/wp-content\/uploads\/2017\/06\/iris-300x158.png\"},{\"@type\":\"WebPage\",\"@id\":\"https:\/\/www.capri-matique.com\/client\/aprfae5\/communique-iris\/#webpage\",\"url\":\"https:\/\/www.capri-matique.com\/client\/aprfae5\/communique-iris\/\",\"name\":\"Communiqu\\u00e9 IRIS - Association de personnes retrait\\u00e9es de la FAE\",\"isPartOf\":{\"@id\":\"https:\/\/www.capri-matique.com\/client\/aprfae5\/#website\"},\"primaryImageOfPage\":{\"@id\":\"https:\/\/www.capri-matique.com\/client\/aprfae5\/communique-iris\/#primaryimage\"},\"datePublished\":\"2022-03-23T23:19:30+00:00\",\"dateModified\":\"2022-03-23T23:36:31+00:00\",\"author\":{\"@id\":\"https:\/\/www.capri-matique.com\/client\/aprfae5\/#\/schema\/person\/d49ddfd2ee6ceb42ef2fbcdda1753954\"},\"breadcrumb\":{\"@id\":\"https:\/\/www.capri-matique.com\/client\/aprfae5\/communique-iris\/#breadcrumb\"},\"inLanguage\":\"fr-FR\",\"potentialAction\":[{\"@type\":\"ReadAction\",\"target\":[\"https:\/\/www.capri-matique.com\/client\/aprfae5\/communique-iris\/\"]}]},{\"@type\":\"BreadcrumbList\",\"@id\":\"https:\/\/www.capri-matique.com\/client\/aprfae5\/communique-iris\/#breadcrumb\",\"itemListElement\":[{\"@type\":\"ListItem\",\"position\":1,\"name\":\"Accueil\",\"item\":\"https:\/\/www.capri-matique.com\/client\/aprfae5\/\"},{\"@type\":\"ListItem\",\"position\":2,\"name\":\"Communiqu\\u00e9 IRIS\"}]},{\"@type\":\"Person\",\"@id\":\"https:\/\/www.capri-matique.com\/client\/aprfae5\/#\/schema\/person\/d49ddfd2ee6ceb42ef2fbcdda1753954\",\"name\":\"Chantal Couture\",\"url\":\"https:\/\/www.capri-matique.com\/client\/aprfae5\/author\/chantal-couture\/\"}]}<\/script>\n<!-- \/ Yoast SEO plugin. -->","yoast_head_json":{"title":"Communiqu\u00e9 IRIS - Association de personnes retrait\u00e9es de la FAE","robots":{"index":"noindex","follow":"follow","max-snippet":"max-snippet:-1","max-image-preview":"max-image-preview:large","max-video-preview":"max-video-preview:-1"},"og_locale":"fr_FR","og_type":"article","og_title":"Communiqu\u00e9 IRIS - Association de personnes retrait\u00e9es de la FAE","og_description":"&nbsp; &nbsp; Budget du Qu\u00e9bec 2022 : une approche peu adapt\u00e9e aux d\u00e9fis de l\u2019heure Qu\u00e9bec, le 22 mars 2022 \u2013\u00a0Apr\u00e8s les perturbations sanitaires et \u00e9conomiques des derni\u00e8res ann\u00e9es, le 4e budget du ministre des Finances Eric Girard est marqu\u00e9 par la volont\u00e9 d\u2019engager le Qu\u00e9bec dans une \u00e8re post-pand\u00e9mique. \u00c0 la sortie du huis &hellip;","og_url":"https:\/\/www.capri-matique.com\/client\/aprfae5\/communique-iris\/","og_site_name":"Association de personnes retrait\u00e9es de la FAE","article_published_time":"2022-03-23T23:19:30+00:00","article_modified_time":"2022-03-23T23:36:31+00:00","og_image":[{"url":"https:\/\/capri-matique.com\/client\/aprfae5\/wp-content\/uploads\/2017\/06\/iris-300x158.png"}],"twitter_card":"summary","twitter_misc":{"\u00c9crit par":"Chantal Couture","Dur\u00e9e de lecture estim\u00e9e":"4 minutes"},"schema":{"@context":"https:\/\/schema.org","@graph":[{"@type":"WebSite","@id":"https:\/\/www.capri-matique.com\/client\/aprfae5\/#website","url":"https:\/\/www.capri-matique.com\/client\/aprfae5\/","name":"Association de personnes retrait\u00e9es de la FAE","description":"L&#039;association qui nous unit","potentialAction":[{"@type":"SearchAction","target":{"@type":"EntryPoint","urlTemplate":"https:\/\/www.capri-matique.com\/client\/aprfae5\/?s={search_term_string}"},"query-input":"required name=search_term_string"}],"inLanguage":"fr-FR"},{"@type":"ImageObject","@id":"https:\/\/www.capri-matique.com\/client\/aprfae5\/communique-iris\/#primaryimage","inLanguage":"fr-FR","url":"https:\/\/capri-matique.com\/client\/aprfae5\/wp-content\/uploads\/2017\/06\/iris-300x158.png","contentUrl":"https:\/\/capri-matique.com\/client\/aprfae5\/wp-content\/uploads\/2017\/06\/iris-300x158.png"},{"@type":"WebPage","@id":"https:\/\/www.capri-matique.com\/client\/aprfae5\/communique-iris\/#webpage","url":"https:\/\/www.capri-matique.com\/client\/aprfae5\/communique-iris\/","name":"Communiqu\u00e9 IRIS - Association de personnes retrait\u00e9es de la FAE","isPartOf":{"@id":"https:\/\/www.capri-matique.com\/client\/aprfae5\/#website"},"primaryImageOfPage":{"@id":"https:\/\/www.capri-matique.com\/client\/aprfae5\/communique-iris\/#primaryimage"},"datePublished":"2022-03-23T23:19:30+00:00","dateModified":"2022-03-23T23:36:31+00:00","author":{"@id":"https:\/\/www.capri-matique.com\/client\/aprfae5\/#\/schema\/person\/d49ddfd2ee6ceb42ef2fbcdda1753954"},"breadcrumb":{"@id":"https:\/\/www.capri-matique.com\/client\/aprfae5\/communique-iris\/#breadcrumb"},"inLanguage":"fr-FR","potentialAction":[{"@type":"ReadAction","target":["https:\/\/www.capri-matique.com\/client\/aprfae5\/communique-iris\/"]}]},{"@type":"BreadcrumbList","@id":"https:\/\/www.capri-matique.com\/client\/aprfae5\/communique-iris\/#breadcrumb","itemListElement":[{"@type":"ListItem","position":1,"name":"Accueil","item":"https:\/\/www.capri-matique.com\/client\/aprfae5\/"},{"@type":"ListItem","position":2,"name":"Communiqu\u00e9 IRIS"}]},{"@type":"Person","@id":"https:\/\/www.capri-matique.com\/client\/aprfae5\/#\/schema\/person\/d49ddfd2ee6ceb42ef2fbcdda1753954","name":"Chantal Couture","url":"https:\/\/www.capri-matique.com\/client\/aprfae5\/author\/chantal-couture\/"}]}},"_links":{"self":[{"href":"https:\/\/www.capri-matique.com\/client\/aprfae5\/wp-json\/wp\/v2\/posts\/7586","targetHints":{"allow":["GET"]}}],"collection":[{"href":"https:\/\/www.capri-matique.com\/client\/aprfae5\/wp-json\/wp\/v2\/posts"}],"about":[{"href":"https:\/\/www.capri-matique.com\/client\/aprfae5\/wp-json\/wp\/v2\/types\/post"}],"author":[{"embeddable":true,"href":"https:\/\/www.capri-matique.com\/client\/aprfae5\/wp-json\/wp\/v2\/users\/2"}],"replies":[{"embeddable":true,"href":"https:\/\/www.capri-matique.com\/client\/aprfae5\/wp-json\/wp\/v2\/comments?post=7586"}],"version-history":[{"count":6,"href":"https:\/\/www.capri-matique.com\/client\/aprfae5\/wp-json\/wp\/v2\/posts\/7586\/revisions"}],"predecessor-version":[{"id":7593,"href":"https:\/\/www.capri-matique.com\/client\/aprfae5\/wp-json\/wp\/v2\/posts\/7586\/revisions\/7593"}],"wp:attachment":[{"href":"https:\/\/www.capri-matique.com\/client\/aprfae5\/wp-json\/wp\/v2\/media?parent=7586"}],"wp:term":[{"taxonomy":"category","embeddable":true,"href":"https:\/\/www.capri-matique.com\/client\/aprfae5\/wp-json\/wp\/v2\/categories?post=7586"},{"taxonomy":"post_tag","embeddable":true,"href":"https:\/\/www.capri-matique.com\/client\/aprfae5\/wp-json\/wp\/v2\/tags?post=7586"}],"curies":[{"name":"wp","href":"https:\/\/api.w.org\/{rel}","templated":true}]}}