{"id":7086,"date":"2021-06-14T12:28:16","date_gmt":"2021-06-14T16:28:16","guid":{"rendered":"https:\/\/capri-matique.com\/client\/aprfae5\/?p=7086"},"modified":"2021-06-14T12:28:16","modified_gmt":"2021-06-14T16:28:16","slug":"laprfae-innove","status":"publish","type":"post","link":"https:\/\/www.capri-matique.com\/client\/aprfae5\/laprfae-innove\/","title":{"rendered":"L&#8217;APRFAE innove"},"content":{"rendered":"<p><strong>\u00c0 la demande g\u00e9n\u00e9rale, une deuxi\u00e8me Clinique d&#8217;assurances se tiendra le lundi, 14 juin 2021 \u00e0 18h30,<\/strong> <strong>sur la plateforme Zoom.<\/strong> Cette activit\u00e9 a pour but d\u2019aider les membres des syndicats affili\u00e9s \u00e0 la FAE qui prennent leur retraite d&#8217;ici le 29 novembre 2021 \u00e0 y voir plus clair au sujet de leurs assurances.<\/p>\n<p style=\"text-align: center;\"><strong>Cette activit\u00e9 est r\u00e9serv\u00e9e aux personnes qui ont d\u00e9j\u00e0 annonc\u00e9 leur retraite \u00e0 l&#8217;employeur.<\/strong><\/p>\n<p>Au cours de cette rencontre virtuelle, nous ferons un rappel des \u00e9tapes \u00e0 suivre lors de la prise de retraite ainsi que des formulaires \u00e0 remplir.<\/p>\n<p>Nous vous aiderons \u00e0 remplir vos formulaires soit\u00a0:<\/p>\n<ul>\n<li>Le formulaire d\u2019adh\u00e9sion \u00e0 l\u2019APRFAE;<\/li>\n<li>Le formulaire d\u2019adh\u00e9sion au r\u00e9gime d\u2019assurance maladie compl\u00e9mentaire de l\u2019APRFAE (r\u00e9gime 109995);<\/li>\n<li>Le formulaire de transformation de l\u2019assurance vie (r\u00e9gime 9995R).<\/li>\n<\/ul>\n<p>Une p\u00e9riode de questions suivra.<\/p>\n<p>Pour vous inscrire, veuillez cliquer sur ce lien :\u00a0 <a href=\"https:\/\/capri-matique.com\/client\/aprfae5\/pour-nous-joindre\/\" target=\"_blank\" rel=\"noopener noreferrer\">Je veux m&#8217;inscrire<\/a> et remplir le formulaire de contact en \u00e9crivant <strong>Clinique d\u2019assurances<\/strong> comme sujet. N&#8217;oubliez pas de nous laisser votre adresse courriel. Vous recevrez un lien Zoom la journ\u00e9e m\u00eame de la pr\u00e9sentation.<\/p>\n<p><strong>\u00c9vitez les d\u00e9lais et ve<\/strong><strong>nez nous parler directement. Faites vite, les places sont limit\u00e9es!<\/strong><\/p>\n","protected":false},"excerpt":{"rendered":"<p>\u00c0 la demande g\u00e9n\u00e9rale, une deuxi\u00e8me Clinique d&#8217;assurances se tiendra le lundi, 14 juin 2021 \u00e0 18h30, sur la plateforme Zoom. Cette activit\u00e9 a pour but d\u2019aider les membres des syndicats affili\u00e9s \u00e0 la FAE qui prennent leur retraite d&#8217;ici le 29 novembre 2021 \u00e0 y voir plus clair au sujet de leurs assurances. Cette &hellip;<\/p>\n","protected":false},"author":2,"featured_media":0,"comment_status":"closed","ping_status":"open","sticky":false,"template":"","format":"standard","meta":{"footnotes":""},"categories":[1],"tags":[],"class_list":["post-7086","post","type-post","status-publish","format-standard","hentry","category-uncategorized"],"yoast_head":"<!-- This site is optimized with the Yoast SEO plugin v17.3 - https:\/\/yoast.com\/wordpress\/plugins\/seo\/ -->\n<title>L&#039;APRFAE innove - Association de personnes retrait\u00e9es de la FAE<\/title>\n<meta name=\"robots\" content=\"noindex, follow, max-snippet:-1, max-image-preview:large, max-video-preview:-1\" \/>\n<meta property=\"og:locale\" content=\"fr_FR\" \/>\n<meta property=\"og:type\" content=\"article\" \/>\n<meta property=\"og:title\" content=\"L&#039;APRFAE innove - Association de personnes retrait\u00e9es de la FAE\" \/>\n<meta property=\"og:description\" content=\"\u00c0 la demande g\u00e9n\u00e9rale, une deuxi\u00e8me Clinique d&#8217;assurances se tiendra le lundi, 14 juin 2021 \u00e0 18h30, sur la plateforme Zoom. Cette activit\u00e9 a pour but d\u2019aider les membres des syndicats affili\u00e9s \u00e0 la FAE qui prennent leur retraite d&#8217;ici le 29 novembre 2021 \u00e0 y voir plus clair au sujet de leurs assurances. Cette &hellip;\" \/>\n<meta property=\"og:url\" content=\"https:\/\/www.capri-matique.com\/client\/aprfae5\/laprfae-innove\/\" \/>\n<meta property=\"og:site_name\" content=\"Association de personnes retrait\u00e9es de la FAE\" \/>\n<meta property=\"article:published_time\" content=\"2021-06-14T16:28:16+00:00\" \/>\n<meta name=\"twitter:card\" content=\"summary\" \/>\n<meta name=\"twitter:label1\" content=\"\u00c9crit par\" \/>\n\t<meta name=\"twitter:data1\" content=\"Chantal Couture\" \/>\n\t<meta name=\"twitter:label2\" content=\"Dur\u00e9e de lecture estim\u00e9e\" \/>\n\t<meta name=\"twitter:data2\" content=\"1 minute\" \/>\n<script type=\"application\/ld+json\" class=\"yoast-schema-graph\">{\"@context\":\"https:\/\/schema.org\",\"@graph\":[{\"@type\":\"WebSite\",\"@id\":\"https:\/\/www.capri-matique.com\/client\/aprfae5\/#website\",\"url\":\"https:\/\/www.capri-matique.com\/client\/aprfae5\/\",\"name\":\"Association de personnes retrait\\u00e9es de la FAE\",\"description\":\"L&#039;association qui nous unit\",\"potentialAction\":[{\"@type\":\"SearchAction\",\"target\":{\"@type\":\"EntryPoint\",\"urlTemplate\":\"https:\/\/www.capri-matique.com\/client\/aprfae5\/?s={search_term_string}\"},\"query-input\":\"required name=search_term_string\"}],\"inLanguage\":\"fr-FR\"},{\"@type\":\"WebPage\",\"@id\":\"https:\/\/www.capri-matique.com\/client\/aprfae5\/laprfae-innove\/#webpage\",\"url\":\"https:\/\/www.capri-matique.com\/client\/aprfae5\/laprfae-innove\/\",\"name\":\"L'APRFAE innove - Association de personnes retrait\\u00e9es de la FAE\",\"isPartOf\":{\"@id\":\"https:\/\/www.capri-matique.com\/client\/aprfae5\/#website\"},\"datePublished\":\"2021-06-14T16:28:16+00:00\",\"dateModified\":\"2021-06-14T16:28:16+00:00\",\"author\":{\"@id\":\"https:\/\/www.capri-matique.com\/client\/aprfae5\/#\/schema\/person\/d49ddfd2ee6ceb42ef2fbcdda1753954\"},\"breadcrumb\":{\"@id\":\"https:\/\/www.capri-matique.com\/client\/aprfae5\/laprfae-innove\/#breadcrumb\"},\"inLanguage\":\"fr-FR\",\"potentialAction\":[{\"@type\":\"ReadAction\",\"target\":[\"https:\/\/www.capri-matique.com\/client\/aprfae5\/laprfae-innove\/\"]}]},{\"@type\":\"BreadcrumbList\",\"@id\":\"https:\/\/www.capri-matique.com\/client\/aprfae5\/laprfae-innove\/#breadcrumb\",\"itemListElement\":[{\"@type\":\"ListItem\",\"position\":1,\"name\":\"Accueil\",\"item\":\"https:\/\/www.capri-matique.com\/client\/aprfae5\/\"},{\"@type\":\"ListItem\",\"position\":2,\"name\":\"L&#8217;APRFAE innove\"}]},{\"@type\":\"Person\",\"@id\":\"https:\/\/www.capri-matique.com\/client\/aprfae5\/#\/schema\/person\/d49ddfd2ee6ceb42ef2fbcdda1753954\",\"name\":\"Chantal Couture\",\"url\":\"https:\/\/www.capri-matique.com\/client\/aprfae5\/author\/chantal-couture\/\"}]}<\/script>\n<!-- \/ Yoast SEO plugin. -->","yoast_head_json":{"title":"L'APRFAE innove - Association de personnes retrait\u00e9es de la FAE","robots":{"index":"noindex","follow":"follow","max-snippet":"max-snippet:-1","max-image-preview":"max-image-preview:large","max-video-preview":"max-video-preview:-1"},"og_locale":"fr_FR","og_type":"article","og_title":"L'APRFAE innove - Association de personnes retrait\u00e9es de la FAE","og_description":"\u00c0 la demande g\u00e9n\u00e9rale, une deuxi\u00e8me Clinique d&#8217;assurances se tiendra le lundi, 14 juin 2021 \u00e0 18h30, sur la plateforme Zoom. Cette activit\u00e9 a pour but d\u2019aider les membres des syndicats affili\u00e9s \u00e0 la FAE qui prennent leur retraite d&#8217;ici le 29 novembre 2021 \u00e0 y voir plus clair au sujet de leurs assurances. Cette &hellip;","og_url":"https:\/\/www.capri-matique.com\/client\/aprfae5\/laprfae-innove\/","og_site_name":"Association de personnes retrait\u00e9es de la FAE","article_published_time":"2021-06-14T16:28:16+00:00","twitter_card":"summary","twitter_misc":{"\u00c9crit par":"Chantal Couture","Dur\u00e9e de lecture estim\u00e9e":"1 minute"},"schema":{"@context":"https:\/\/schema.org","@graph":[{"@type":"WebSite","@id":"https:\/\/www.capri-matique.com\/client\/aprfae5\/#website","url":"https:\/\/www.capri-matique.com\/client\/aprfae5\/","name":"Association de personnes retrait\u00e9es de la FAE","description":"L&#039;association qui nous unit","potentialAction":[{"@type":"SearchAction","target":{"@type":"EntryPoint","urlTemplate":"https:\/\/www.capri-matique.com\/client\/aprfae5\/?s={search_term_string}"},"query-input":"required name=search_term_string"}],"inLanguage":"fr-FR"},{"@type":"WebPage","@id":"https:\/\/www.capri-matique.com\/client\/aprfae5\/laprfae-innove\/#webpage","url":"https:\/\/www.capri-matique.com\/client\/aprfae5\/laprfae-innove\/","name":"L'APRFAE innove - Association de personnes retrait\u00e9es de la FAE","isPartOf":{"@id":"https:\/\/www.capri-matique.com\/client\/aprfae5\/#website"},"datePublished":"2021-06-14T16:28:16+00:00","dateModified":"2021-06-14T16:28:16+00:00","author":{"@id":"https:\/\/www.capri-matique.com\/client\/aprfae5\/#\/schema\/person\/d49ddfd2ee6ceb42ef2fbcdda1753954"},"breadcrumb":{"@id":"https:\/\/www.capri-matique.com\/client\/aprfae5\/laprfae-innove\/#breadcrumb"},"inLanguage":"fr-FR","potentialAction":[{"@type":"ReadAction","target":["https:\/\/www.capri-matique.com\/client\/aprfae5\/laprfae-innove\/"]}]},{"@type":"BreadcrumbList","@id":"https:\/\/www.capri-matique.com\/client\/aprfae5\/laprfae-innove\/#breadcrumb","itemListElement":[{"@type":"ListItem","position":1,"name":"Accueil","item":"https:\/\/www.capri-matique.com\/client\/aprfae5\/"},{"@type":"ListItem","position":2,"name":"L&#8217;APRFAE innove"}]},{"@type":"Person","@id":"https:\/\/www.capri-matique.com\/client\/aprfae5\/#\/schema\/person\/d49ddfd2ee6ceb42ef2fbcdda1753954","name":"Chantal Couture","url":"https:\/\/www.capri-matique.com\/client\/aprfae5\/author\/chantal-couture\/"}]}},"_links":{"self":[{"href":"https:\/\/www.capri-matique.com\/client\/aprfae5\/wp-json\/wp\/v2\/posts\/7086","targetHints":{"allow":["GET"]}}],"collection":[{"href":"https:\/\/www.capri-matique.com\/client\/aprfae5\/wp-json\/wp\/v2\/posts"}],"about":[{"href":"https:\/\/www.capri-matique.com\/client\/aprfae5\/wp-json\/wp\/v2\/types\/post"}],"author":[{"embeddable":true,"href":"https:\/\/www.capri-matique.com\/client\/aprfae5\/wp-json\/wp\/v2\/users\/2"}],"replies":[{"embeddable":true,"href":"https:\/\/www.capri-matique.com\/client\/aprfae5\/wp-json\/wp\/v2\/comments?post=7086"}],"version-history":[{"count":1,"href":"https:\/\/www.capri-matique.com\/client\/aprfae5\/wp-json\/wp\/v2\/posts\/7086\/revisions"}],"predecessor-version":[{"id":7087,"href":"https:\/\/www.capri-matique.com\/client\/aprfae5\/wp-json\/wp\/v2\/posts\/7086\/revisions\/7087"}],"wp:attachment":[{"href":"https:\/\/www.capri-matique.com\/client\/aprfae5\/wp-json\/wp\/v2\/media?parent=7086"}],"wp:term":[{"taxonomy":"category","embeddable":true,"href":"https:\/\/www.capri-matique.com\/client\/aprfae5\/wp-json\/wp\/v2\/categories?post=7086"},{"taxonomy":"post_tag","embeddable":true,"href":"https:\/\/www.capri-matique.com\/client\/aprfae5\/wp-json\/wp\/v2\/tags?post=7086"}],"curies":[{"name":"wp","href":"https:\/\/api.w.org\/{rel}","templated":true}]}}