{"id":7063,"date":"2021-05-20T12:46:34","date_gmt":"2021-05-20T16:46:34","guid":{"rendered":"https:\/\/capri-matique.com\/client\/aprfae5\/?p=7063"},"modified":"2021-05-20T12:48:22","modified_gmt":"2021-05-20T16:48:22","slug":"invitation-aux-membres-visioconference","status":"publish","type":"post","link":"https:\/\/www.capri-matique.com\/client\/aprfae5\/invitation-aux-membres-visioconference\/","title":{"rendered":"Transition \u00e9nerg\u00e9tique et justice climatique"},"content":{"rendered":"<p>Invitation aux membres &#8211; Visioconf\u00e9rence<\/p>\n<p style=\"text-align: justify;\">Le Comit\u00e9 de l\u2019environnement vous convie \u00e0 un atelier-conf\u00e9rence anim\u00e9 par M. Claude Vaillancourt, membre fondateur et pr\u00e9sident d\u2019<a href=\"https:\/\/www.quebec.attac.org\/\" target=\"_blank\" rel=\"noopener noreferrer\">ATTAC-Qu\u00e9bec<\/a> depuis plus de dix ans. \u00a0M. Vaillancourt est un conf\u00e9rencier \u00e9m\u00e9rite sur les sujets reli\u00e9s \u00e0 la mondialisation, les accords de libre-\u00e9change, l\u2019altermondialisation et la lutte aux changements climatiques. Il est aussi r\u00e9dacteur pour la revue <a href=\"https:\/\/www.ababord.org\/\" target=\"_blank\" rel=\"noopener noreferrer\"><em>\u00c0 B\u00e2bord!<\/em><\/a> et le <em>Journal des Alternatives. <\/em><\/p>\n<p style=\"text-align: justify;\">ATTAC-Qu\u00e9bec est membre active du Front commun pour la transition \u00e9nerg\u00e9tique, du groupe Convergence pour la sortie de crise et signataire de la d\u00e9claration <em>Justice sociale, justice climatique m\u00eame combat! <\/em><\/p>\n<p style=\"text-align: justify;\">La soci\u00e9t\u00e9 civile bouge au Qu\u00e9bec. Venez en apprendre davantage et partager votre opinion sur ce qui se passe autour de nous. Comment pouvons-nous nous impliquer ? Collectivement, sommes-nous sur la bonne voie?<\/p>\n<p style=\"text-align: justify;\">Pour vous inscrire, il suffit de t\u00e9l\u00e9phoner au 514 666-6969 ou sans frais au 1 877 312-1727 ou nous \u00e9crire \u00e0 <a href=\"mailto:retraites@aprfae.ca\">retraites@aprfae.ca<\/a>. R\u00e9servez votre place rapidement!<\/p>\n","protected":false},"excerpt":{"rendered":"<p>Invitation aux membres &#8211; Visioconf\u00e9rence Le Comit\u00e9 de l\u2019environnement vous convie \u00e0 un atelier-conf\u00e9rence anim\u00e9 par M. Claude Vaillancourt, membre fondateur et pr\u00e9sident d\u2019ATTAC-Qu\u00e9bec depuis plus de dix ans. \u00a0M. Vaillancourt est un conf\u00e9rencier \u00e9m\u00e9rite sur les sujets reli\u00e9s \u00e0 la mondialisation, les accords de libre-\u00e9change, l\u2019altermondialisation et la lutte aux changements climatiques. Il est &hellip;<\/p>\n","protected":false},"author":2,"featured_media":0,"comment_status":"closed","ping_status":"open","sticky":false,"template":"","format":"standard","meta":{"footnotes":""},"categories":[1],"tags":[],"class_list":["post-7063","post","type-post","status-publish","format-standard","hentry","category-uncategorized"],"yoast_head":"<!-- This site is optimized with the Yoast SEO plugin v17.3 - https:\/\/yoast.com\/wordpress\/plugins\/seo\/ -->\n<title>Transition \u00e9nerg\u00e9tique et justice climatique - Association de personnes retrait\u00e9es de la FAE<\/title>\n<meta name=\"robots\" content=\"noindex, follow, max-snippet:-1, max-image-preview:large, max-video-preview:-1\" \/>\n<meta property=\"og:locale\" content=\"fr_FR\" \/>\n<meta property=\"og:type\" content=\"article\" \/>\n<meta property=\"og:title\" content=\"Transition \u00e9nerg\u00e9tique et justice climatique - Association de personnes retrait\u00e9es de la FAE\" \/>\n<meta property=\"og:description\" content=\"Invitation aux membres &#8211; Visioconf\u00e9rence Le Comit\u00e9 de l\u2019environnement vous convie \u00e0 un atelier-conf\u00e9rence anim\u00e9 par M. Claude Vaillancourt, membre fondateur et pr\u00e9sident d\u2019ATTAC-Qu\u00e9bec depuis plus de dix ans. \u00a0M. Vaillancourt est un conf\u00e9rencier \u00e9m\u00e9rite sur les sujets reli\u00e9s \u00e0 la mondialisation, les accords de libre-\u00e9change, l\u2019altermondialisation et la lutte aux changements climatiques. Il est &hellip;\" \/>\n<meta property=\"og:url\" content=\"https:\/\/www.capri-matique.com\/client\/aprfae5\/invitation-aux-membres-visioconference\/\" \/>\n<meta property=\"og:site_name\" content=\"Association de personnes retrait\u00e9es de la FAE\" \/>\n<meta property=\"article:published_time\" content=\"2021-05-20T16:46:34+00:00\" \/>\n<meta property=\"article:modified_time\" content=\"2021-05-20T16:48:22+00:00\" \/>\n<meta name=\"twitter:card\" content=\"summary\" \/>\n<meta name=\"twitter:label1\" content=\"\u00c9crit par\" \/>\n\t<meta name=\"twitter:data1\" content=\"Chantal Couture\" \/>\n\t<meta name=\"twitter:label2\" content=\"Dur\u00e9e de lecture estim\u00e9e\" \/>\n\t<meta name=\"twitter:data2\" content=\"1 minute\" \/>\n<script type=\"application\/ld+json\" class=\"yoast-schema-graph\">{\"@context\":\"https:\/\/schema.org\",\"@graph\":[{\"@type\":\"WebSite\",\"@id\":\"https:\/\/www.capri-matique.com\/client\/aprfae5\/#website\",\"url\":\"https:\/\/www.capri-matique.com\/client\/aprfae5\/\",\"name\":\"Association de personnes retrait\\u00e9es de la FAE\",\"description\":\"L&#039;association qui nous unit\",\"potentialAction\":[{\"@type\":\"SearchAction\",\"target\":{\"@type\":\"EntryPoint\",\"urlTemplate\":\"https:\/\/www.capri-matique.com\/client\/aprfae5\/?s={search_term_string}\"},\"query-input\":\"required name=search_term_string\"}],\"inLanguage\":\"fr-FR\"},{\"@type\":\"WebPage\",\"@id\":\"https:\/\/www.capri-matique.com\/client\/aprfae5\/invitation-aux-membres-visioconference\/#webpage\",\"url\":\"https:\/\/www.capri-matique.com\/client\/aprfae5\/invitation-aux-membres-visioconference\/\",\"name\":\"Transition \\u00e9nerg\\u00e9tique et justice climatique - Association de personnes retrait\\u00e9es de la FAE\",\"isPartOf\":{\"@id\":\"https:\/\/www.capri-matique.com\/client\/aprfae5\/#website\"},\"datePublished\":\"2021-05-20T16:46:34+00:00\",\"dateModified\":\"2021-05-20T16:48:22+00:00\",\"author\":{\"@id\":\"https:\/\/www.capri-matique.com\/client\/aprfae5\/#\/schema\/person\/d49ddfd2ee6ceb42ef2fbcdda1753954\"},\"breadcrumb\":{\"@id\":\"https:\/\/www.capri-matique.com\/client\/aprfae5\/invitation-aux-membres-visioconference\/#breadcrumb\"},\"inLanguage\":\"fr-FR\",\"potentialAction\":[{\"@type\":\"ReadAction\",\"target\":[\"https:\/\/www.capri-matique.com\/client\/aprfae5\/invitation-aux-membres-visioconference\/\"]}]},{\"@type\":\"BreadcrumbList\",\"@id\":\"https:\/\/www.capri-matique.com\/client\/aprfae5\/invitation-aux-membres-visioconference\/#breadcrumb\",\"itemListElement\":[{\"@type\":\"ListItem\",\"position\":1,\"name\":\"Accueil\",\"item\":\"https:\/\/www.capri-matique.com\/client\/aprfae5\/\"},{\"@type\":\"ListItem\",\"position\":2,\"name\":\"Transition \\u00e9nerg\\u00e9tique et justice climatique\"}]},{\"@type\":\"Person\",\"@id\":\"https:\/\/www.capri-matique.com\/client\/aprfae5\/#\/schema\/person\/d49ddfd2ee6ceb42ef2fbcdda1753954\",\"name\":\"Chantal Couture\",\"url\":\"https:\/\/www.capri-matique.com\/client\/aprfae5\/author\/chantal-couture\/\"}]}<\/script>\n<!-- \/ Yoast SEO plugin. -->","yoast_head_json":{"title":"Transition \u00e9nerg\u00e9tique et justice climatique - Association de personnes retrait\u00e9es de la FAE","robots":{"index":"noindex","follow":"follow","max-snippet":"max-snippet:-1","max-image-preview":"max-image-preview:large","max-video-preview":"max-video-preview:-1"},"og_locale":"fr_FR","og_type":"article","og_title":"Transition \u00e9nerg\u00e9tique et justice climatique - Association de personnes retrait\u00e9es de la FAE","og_description":"Invitation aux membres &#8211; Visioconf\u00e9rence Le Comit\u00e9 de l\u2019environnement vous convie \u00e0 un atelier-conf\u00e9rence anim\u00e9 par M. Claude Vaillancourt, membre fondateur et pr\u00e9sident d\u2019ATTAC-Qu\u00e9bec depuis plus de dix ans. \u00a0M. Vaillancourt est un conf\u00e9rencier \u00e9m\u00e9rite sur les sujets reli\u00e9s \u00e0 la mondialisation, les accords de libre-\u00e9change, l\u2019altermondialisation et la lutte aux changements climatiques. Il est &hellip;","og_url":"https:\/\/www.capri-matique.com\/client\/aprfae5\/invitation-aux-membres-visioconference\/","og_site_name":"Association de personnes retrait\u00e9es de la FAE","article_published_time":"2021-05-20T16:46:34+00:00","article_modified_time":"2021-05-20T16:48:22+00:00","twitter_card":"summary","twitter_misc":{"\u00c9crit par":"Chantal Couture","Dur\u00e9e de lecture estim\u00e9e":"1 minute"},"schema":{"@context":"https:\/\/schema.org","@graph":[{"@type":"WebSite","@id":"https:\/\/www.capri-matique.com\/client\/aprfae5\/#website","url":"https:\/\/www.capri-matique.com\/client\/aprfae5\/","name":"Association de personnes retrait\u00e9es de la FAE","description":"L&#039;association qui nous unit","potentialAction":[{"@type":"SearchAction","target":{"@type":"EntryPoint","urlTemplate":"https:\/\/www.capri-matique.com\/client\/aprfae5\/?s={search_term_string}"},"query-input":"required name=search_term_string"}],"inLanguage":"fr-FR"},{"@type":"WebPage","@id":"https:\/\/www.capri-matique.com\/client\/aprfae5\/invitation-aux-membres-visioconference\/#webpage","url":"https:\/\/www.capri-matique.com\/client\/aprfae5\/invitation-aux-membres-visioconference\/","name":"Transition \u00e9nerg\u00e9tique et justice climatique - Association de personnes retrait\u00e9es de la FAE","isPartOf":{"@id":"https:\/\/www.capri-matique.com\/client\/aprfae5\/#website"},"datePublished":"2021-05-20T16:46:34+00:00","dateModified":"2021-05-20T16:48:22+00:00","author":{"@id":"https:\/\/www.capri-matique.com\/client\/aprfae5\/#\/schema\/person\/d49ddfd2ee6ceb42ef2fbcdda1753954"},"breadcrumb":{"@id":"https:\/\/www.capri-matique.com\/client\/aprfae5\/invitation-aux-membres-visioconference\/#breadcrumb"},"inLanguage":"fr-FR","potentialAction":[{"@type":"ReadAction","target":["https:\/\/www.capri-matique.com\/client\/aprfae5\/invitation-aux-membres-visioconference\/"]}]},{"@type":"BreadcrumbList","@id":"https:\/\/www.capri-matique.com\/client\/aprfae5\/invitation-aux-membres-visioconference\/#breadcrumb","itemListElement":[{"@type":"ListItem","position":1,"name":"Accueil","item":"https:\/\/www.capri-matique.com\/client\/aprfae5\/"},{"@type":"ListItem","position":2,"name":"Transition \u00e9nerg\u00e9tique et justice climatique"}]},{"@type":"Person","@id":"https:\/\/www.capri-matique.com\/client\/aprfae5\/#\/schema\/person\/d49ddfd2ee6ceb42ef2fbcdda1753954","name":"Chantal Couture","url":"https:\/\/www.capri-matique.com\/client\/aprfae5\/author\/chantal-couture\/"}]}},"_links":{"self":[{"href":"https:\/\/www.capri-matique.com\/client\/aprfae5\/wp-json\/wp\/v2\/posts\/7063","targetHints":{"allow":["GET"]}}],"collection":[{"href":"https:\/\/www.capri-matique.com\/client\/aprfae5\/wp-json\/wp\/v2\/posts"}],"about":[{"href":"https:\/\/www.capri-matique.com\/client\/aprfae5\/wp-json\/wp\/v2\/types\/post"}],"author":[{"embeddable":true,"href":"https:\/\/www.capri-matique.com\/client\/aprfae5\/wp-json\/wp\/v2\/users\/2"}],"replies":[{"embeddable":true,"href":"https:\/\/www.capri-matique.com\/client\/aprfae5\/wp-json\/wp\/v2\/comments?post=7063"}],"version-history":[{"count":2,"href":"https:\/\/www.capri-matique.com\/client\/aprfae5\/wp-json\/wp\/v2\/posts\/7063\/revisions"}],"predecessor-version":[{"id":7066,"href":"https:\/\/www.capri-matique.com\/client\/aprfae5\/wp-json\/wp\/v2\/posts\/7063\/revisions\/7066"}],"wp:attachment":[{"href":"https:\/\/www.capri-matique.com\/client\/aprfae5\/wp-json\/wp\/v2\/media?parent=7063"}],"wp:term":[{"taxonomy":"category","embeddable":true,"href":"https:\/\/www.capri-matique.com\/client\/aprfae5\/wp-json\/wp\/v2\/categories?post=7063"},{"taxonomy":"post_tag","embeddable":true,"href":"https:\/\/www.capri-matique.com\/client\/aprfae5\/wp-json\/wp\/v2\/tags?post=7063"}],"curies":[{"name":"wp","href":"https:\/\/api.w.org\/{rel}","templated":true}]}}