{"id":7051,"date":"2021-05-06T15:27:27","date_gmt":"2021-05-06T19:27:27","guid":{"rendered":"https:\/\/capri-matique.com\/client\/aprfae5\/?p=7051"},"modified":"2021-05-06T15:27:27","modified_gmt":"2021-05-06T19:27:27","slug":"noubliez-pas-de-demander-la-trousse-de-laprfae","status":"publish","type":"post","link":"https:\/\/www.capri-matique.com\/client\/aprfae5\/noubliez-pas-de-demander-la-trousse-de-laprfae\/","title":{"rendered":"N&#8217;oubliez pas de demander la trousse de l&#8217;APRFAE"},"content":{"rendered":"<p style=\"text-align: justify;\"><span style=\"font-family: telex, geneva, sans-serif; font-size: 11pt;\">Vous \u00eates membre ou \u00e0 l&#8217;emploi d&#8217;un syndicat affili\u00e9 \u00e0 la FAE et vous prendrez votre retraite d&#8217;ici la fin du mois de juin? Cette trousse est pour vous! Pr\u00e9sent\u00e9e dans une enveloppe \u00e0 l\u2019effigie et aux couleurs de l\u2019Association, elle est disponible aupr\u00e8s de votre syndicat et contient plusieurs documents qui vous permettront de bien vivre cette transition. Vous y retrouverez, entre autres, les formulaires appropri\u00e9s pour conserver l\u2019assurance vie et adh\u00e9rer au r\u00e9gime d\u2019assurance maladie compl\u00e9mentaire, exclusif aux membres de l\u2019APRFAE. Cette trousse est \u00e9galement disponible sur demande en version \u00e9lectronique en s\u2019adressant \u00e0 <\/span><a href=\"mailto:retraites@aprfae.ca\">retraites@aprfae.ca<\/a>.<\/p>\n","protected":false},"excerpt":{"rendered":"<p>Vous \u00eates membre ou \u00e0 l&#8217;emploi d&#8217;un syndicat affili\u00e9 \u00e0 la FAE et vous prendrez votre retraite d&#8217;ici la fin du mois de juin? Cette trousse est pour vous! Pr\u00e9sent\u00e9e dans une enveloppe \u00e0 l\u2019effigie et aux couleurs de l\u2019Association, elle est disponible aupr\u00e8s de votre syndicat et contient plusieurs documents qui vous permettront de &hellip;<\/p>\n","protected":false},"author":2,"featured_media":0,"comment_status":"closed","ping_status":"open","sticky":false,"template":"","format":"standard","meta":{"footnotes":""},"categories":[1],"tags":[],"class_list":["post-7051","post","type-post","status-publish","format-standard","hentry","category-uncategorized"],"yoast_head":"<!-- This site is optimized with the Yoast SEO plugin v17.3 - https:\/\/yoast.com\/wordpress\/plugins\/seo\/ -->\n<title>N&#039;oubliez pas de demander la trousse de l&#039;APRFAE - Association de personnes retrait\u00e9es de la FAE<\/title>\n<meta name=\"robots\" content=\"noindex, follow, max-snippet:-1, max-image-preview:large, max-video-preview:-1\" \/>\n<meta property=\"og:locale\" content=\"fr_FR\" \/>\n<meta property=\"og:type\" content=\"article\" \/>\n<meta property=\"og:title\" content=\"N&#039;oubliez pas de demander la trousse de l&#039;APRFAE - Association de personnes retrait\u00e9es de la FAE\" \/>\n<meta property=\"og:description\" content=\"Vous \u00eates membre ou \u00e0 l&#8217;emploi d&#8217;un syndicat affili\u00e9 \u00e0 la FAE et vous prendrez votre retraite d&#8217;ici la fin du mois de juin? Cette trousse est pour vous! Pr\u00e9sent\u00e9e dans une enveloppe \u00e0 l\u2019effigie et aux couleurs de l\u2019Association, elle est disponible aupr\u00e8s de votre syndicat et contient plusieurs documents qui vous permettront de &hellip;\" \/>\n<meta property=\"og:url\" content=\"https:\/\/www.capri-matique.com\/client\/aprfae5\/noubliez-pas-de-demander-la-trousse-de-laprfae\/\" \/>\n<meta property=\"og:site_name\" content=\"Association de personnes retrait\u00e9es de la FAE\" \/>\n<meta property=\"article:published_time\" content=\"2021-05-06T19:27:27+00:00\" \/>\n<meta name=\"twitter:card\" content=\"summary\" \/>\n<meta name=\"twitter:label1\" content=\"\u00c9crit par\" \/>\n\t<meta name=\"twitter:data1\" content=\"Chantal Couture\" \/>\n\t<meta name=\"twitter:label2\" content=\"Dur\u00e9e de lecture estim\u00e9e\" \/>\n\t<meta name=\"twitter:data2\" content=\"1 minute\" \/>\n<script type=\"application\/ld+json\" class=\"yoast-schema-graph\">{\"@context\":\"https:\/\/schema.org\",\"@graph\":[{\"@type\":\"WebSite\",\"@id\":\"https:\/\/www.capri-matique.com\/client\/aprfae5\/#website\",\"url\":\"https:\/\/www.capri-matique.com\/client\/aprfae5\/\",\"name\":\"Association de personnes retrait\\u00e9es de la FAE\",\"description\":\"L&#039;association qui nous unit\",\"potentialAction\":[{\"@type\":\"SearchAction\",\"target\":{\"@type\":\"EntryPoint\",\"urlTemplate\":\"https:\/\/www.capri-matique.com\/client\/aprfae5\/?s={search_term_string}\"},\"query-input\":\"required name=search_term_string\"}],\"inLanguage\":\"fr-FR\"},{\"@type\":\"WebPage\",\"@id\":\"https:\/\/www.capri-matique.com\/client\/aprfae5\/noubliez-pas-de-demander-la-trousse-de-laprfae\/#webpage\",\"url\":\"https:\/\/www.capri-matique.com\/client\/aprfae5\/noubliez-pas-de-demander-la-trousse-de-laprfae\/\",\"name\":\"N'oubliez pas de demander la trousse de l'APRFAE - Association de personnes retrait\\u00e9es de la FAE\",\"isPartOf\":{\"@id\":\"https:\/\/www.capri-matique.com\/client\/aprfae5\/#website\"},\"datePublished\":\"2021-05-06T19:27:27+00:00\",\"dateModified\":\"2021-05-06T19:27:27+00:00\",\"author\":{\"@id\":\"https:\/\/www.capri-matique.com\/client\/aprfae5\/#\/schema\/person\/d49ddfd2ee6ceb42ef2fbcdda1753954\"},\"breadcrumb\":{\"@id\":\"https:\/\/www.capri-matique.com\/client\/aprfae5\/noubliez-pas-de-demander-la-trousse-de-laprfae\/#breadcrumb\"},\"inLanguage\":\"fr-FR\",\"potentialAction\":[{\"@type\":\"ReadAction\",\"target\":[\"https:\/\/www.capri-matique.com\/client\/aprfae5\/noubliez-pas-de-demander-la-trousse-de-laprfae\/\"]}]},{\"@type\":\"BreadcrumbList\",\"@id\":\"https:\/\/www.capri-matique.com\/client\/aprfae5\/noubliez-pas-de-demander-la-trousse-de-laprfae\/#breadcrumb\",\"itemListElement\":[{\"@type\":\"ListItem\",\"position\":1,\"name\":\"Accueil\",\"item\":\"https:\/\/www.capri-matique.com\/client\/aprfae5\/\"},{\"@type\":\"ListItem\",\"position\":2,\"name\":\"N&#8217;oubliez pas de demander la trousse de l&#8217;APRFAE\"}]},{\"@type\":\"Person\",\"@id\":\"https:\/\/www.capri-matique.com\/client\/aprfae5\/#\/schema\/person\/d49ddfd2ee6ceb42ef2fbcdda1753954\",\"name\":\"Chantal Couture\",\"url\":\"https:\/\/www.capri-matique.com\/client\/aprfae5\/author\/chantal-couture\/\"}]}<\/script>\n<!-- \/ Yoast SEO plugin. -->","yoast_head_json":{"title":"N'oubliez pas de demander la trousse de l'APRFAE - Association de personnes retrait\u00e9es de la FAE","robots":{"index":"noindex","follow":"follow","max-snippet":"max-snippet:-1","max-image-preview":"max-image-preview:large","max-video-preview":"max-video-preview:-1"},"og_locale":"fr_FR","og_type":"article","og_title":"N'oubliez pas de demander la trousse de l'APRFAE - Association de personnes retrait\u00e9es de la FAE","og_description":"Vous \u00eates membre ou \u00e0 l&#8217;emploi d&#8217;un syndicat affili\u00e9 \u00e0 la FAE et vous prendrez votre retraite d&#8217;ici la fin du mois de juin? Cette trousse est pour vous! Pr\u00e9sent\u00e9e dans une enveloppe \u00e0 l\u2019effigie et aux couleurs de l\u2019Association, elle est disponible aupr\u00e8s de votre syndicat et contient plusieurs documents qui vous permettront de &hellip;","og_url":"https:\/\/www.capri-matique.com\/client\/aprfae5\/noubliez-pas-de-demander-la-trousse-de-laprfae\/","og_site_name":"Association de personnes retrait\u00e9es de la FAE","article_published_time":"2021-05-06T19:27:27+00:00","twitter_card":"summary","twitter_misc":{"\u00c9crit par":"Chantal Couture","Dur\u00e9e de lecture estim\u00e9e":"1 minute"},"schema":{"@context":"https:\/\/schema.org","@graph":[{"@type":"WebSite","@id":"https:\/\/www.capri-matique.com\/client\/aprfae5\/#website","url":"https:\/\/www.capri-matique.com\/client\/aprfae5\/","name":"Association de personnes retrait\u00e9es de la FAE","description":"L&#039;association qui nous unit","potentialAction":[{"@type":"SearchAction","target":{"@type":"EntryPoint","urlTemplate":"https:\/\/www.capri-matique.com\/client\/aprfae5\/?s={search_term_string}"},"query-input":"required name=search_term_string"}],"inLanguage":"fr-FR"},{"@type":"WebPage","@id":"https:\/\/www.capri-matique.com\/client\/aprfae5\/noubliez-pas-de-demander-la-trousse-de-laprfae\/#webpage","url":"https:\/\/www.capri-matique.com\/client\/aprfae5\/noubliez-pas-de-demander-la-trousse-de-laprfae\/","name":"N'oubliez pas de demander la trousse de l'APRFAE - Association de personnes retrait\u00e9es de la FAE","isPartOf":{"@id":"https:\/\/www.capri-matique.com\/client\/aprfae5\/#website"},"datePublished":"2021-05-06T19:27:27+00:00","dateModified":"2021-05-06T19:27:27+00:00","author":{"@id":"https:\/\/www.capri-matique.com\/client\/aprfae5\/#\/schema\/person\/d49ddfd2ee6ceb42ef2fbcdda1753954"},"breadcrumb":{"@id":"https:\/\/www.capri-matique.com\/client\/aprfae5\/noubliez-pas-de-demander-la-trousse-de-laprfae\/#breadcrumb"},"inLanguage":"fr-FR","potentialAction":[{"@type":"ReadAction","target":["https:\/\/www.capri-matique.com\/client\/aprfae5\/noubliez-pas-de-demander-la-trousse-de-laprfae\/"]}]},{"@type":"BreadcrumbList","@id":"https:\/\/www.capri-matique.com\/client\/aprfae5\/noubliez-pas-de-demander-la-trousse-de-laprfae\/#breadcrumb","itemListElement":[{"@type":"ListItem","position":1,"name":"Accueil","item":"https:\/\/www.capri-matique.com\/client\/aprfae5\/"},{"@type":"ListItem","position":2,"name":"N&#8217;oubliez pas de demander la trousse de l&#8217;APRFAE"}]},{"@type":"Person","@id":"https:\/\/www.capri-matique.com\/client\/aprfae5\/#\/schema\/person\/d49ddfd2ee6ceb42ef2fbcdda1753954","name":"Chantal Couture","url":"https:\/\/www.capri-matique.com\/client\/aprfae5\/author\/chantal-couture\/"}]}},"_links":{"self":[{"href":"https:\/\/www.capri-matique.com\/client\/aprfae5\/wp-json\/wp\/v2\/posts\/7051","targetHints":{"allow":["GET"]}}],"collection":[{"href":"https:\/\/www.capri-matique.com\/client\/aprfae5\/wp-json\/wp\/v2\/posts"}],"about":[{"href":"https:\/\/www.capri-matique.com\/client\/aprfae5\/wp-json\/wp\/v2\/types\/post"}],"author":[{"embeddable":true,"href":"https:\/\/www.capri-matique.com\/client\/aprfae5\/wp-json\/wp\/v2\/users\/2"}],"replies":[{"embeddable":true,"href":"https:\/\/www.capri-matique.com\/client\/aprfae5\/wp-json\/wp\/v2\/comments?post=7051"}],"version-history":[{"count":1,"href":"https:\/\/www.capri-matique.com\/client\/aprfae5\/wp-json\/wp\/v2\/posts\/7051\/revisions"}],"predecessor-version":[{"id":7052,"href":"https:\/\/www.capri-matique.com\/client\/aprfae5\/wp-json\/wp\/v2\/posts\/7051\/revisions\/7052"}],"wp:attachment":[{"href":"https:\/\/www.capri-matique.com\/client\/aprfae5\/wp-json\/wp\/v2\/media?parent=7051"}],"wp:term":[{"taxonomy":"category","embeddable":true,"href":"https:\/\/www.capri-matique.com\/client\/aprfae5\/wp-json\/wp\/v2\/categories?post=7051"},{"taxonomy":"post_tag","embeddable":true,"href":"https:\/\/www.capri-matique.com\/client\/aprfae5\/wp-json\/wp\/v2\/tags?post=7051"}],"curies":[{"name":"wp","href":"https:\/\/api.w.org\/{rel}","templated":true}]}}