{"id":7041,"date":"2021-05-06T14:11:53","date_gmt":"2021-05-06T18:11:53","guid":{"rendered":"https:\/\/capri-matique.com\/client\/aprfae5\/?p=7041"},"modified":"2021-05-06T14:11:53","modified_gmt":"2021-05-06T18:11:53","slug":"negociation-nationale","status":"publish","type":"post","link":"https:\/\/www.capri-matique.com\/client\/aprfae5\/negociation-nationale\/","title":{"rendered":"N\u00e9gociation nationale"},"content":{"rendered":"<p style=\"text-align: justify;\">L\u2019APRFAE tient \u00e0 f\u00e9liciter la FAE et ses neuf syndicats affili\u00e9s pour la conduite et le r\u00e9sultat de la n\u00e9gociation nationale. Une entente de principe sans \u00e9quivoque entre les profs de la FAE et le gouvernement du Qu\u00e9bec qui marquera l\u2019histoire de la profession! C\u2019est avec enthousiasme que la FAE a d\u00e9voil\u00e9 vendredi que ses membres se sont prononc\u00e9s \u00e0 <span style=\"font-size: 11pt;\">88%<\/span> en faveur de l\u2019entente de principe conclue avec le gouvernement du Qu\u00e9bec. Toutes les assembl\u00e9es g\u00e9n\u00e9rales ont vot\u00e9 de fa\u00e7on tr\u00e8s majoritaire en faveur de l\u2019entente.<\/p>\n<p style=\"text-align: justify;\">Au total, 43 modifications seront apport\u00e9es au contrat de travail des enseignantes et enseignants, parmi lesquelles on retrouve des gains importants. <a href=\"https:\/\/nouslesprofs.quebec\/\" target=\"_blank\" rel=\"noopener noreferrer\">Pour en savoir plus&#8230;<\/a><\/p>\n","protected":false},"excerpt":{"rendered":"<p>L\u2019APRFAE tient \u00e0 f\u00e9liciter la FAE et ses neuf syndicats affili\u00e9s pour la conduite et le r\u00e9sultat de la n\u00e9gociation nationale. Une entente de principe sans \u00e9quivoque entre les profs de la FAE et le gouvernement du Qu\u00e9bec qui marquera l\u2019histoire de la profession! C\u2019est avec enthousiasme que la FAE a d\u00e9voil\u00e9 vendredi que ses &hellip;<\/p>\n","protected":false},"author":2,"featured_media":0,"comment_status":"closed","ping_status":"open","sticky":false,"template":"","format":"standard","meta":{"footnotes":""},"categories":[1],"tags":[],"class_list":["post-7041","post","type-post","status-publish","format-standard","hentry","category-uncategorized"],"yoast_head":"<!-- This site is optimized with the Yoast SEO plugin v17.3 - https:\/\/yoast.com\/wordpress\/plugins\/seo\/ -->\n<title>N\u00e9gociation nationale - Association de personnes retrait\u00e9es de la FAE<\/title>\n<meta name=\"robots\" content=\"noindex, follow, max-snippet:-1, max-image-preview:large, max-video-preview:-1\" \/>\n<meta property=\"og:locale\" content=\"fr_FR\" \/>\n<meta property=\"og:type\" content=\"article\" \/>\n<meta property=\"og:title\" content=\"N\u00e9gociation nationale - Association de personnes retrait\u00e9es de la FAE\" \/>\n<meta property=\"og:description\" content=\"L\u2019APRFAE tient \u00e0 f\u00e9liciter la FAE et ses neuf syndicats affili\u00e9s pour la conduite et le r\u00e9sultat de la n\u00e9gociation nationale. Une entente de principe sans \u00e9quivoque entre les profs de la FAE et le gouvernement du Qu\u00e9bec qui marquera l\u2019histoire de la profession! C\u2019est avec enthousiasme que la FAE a d\u00e9voil\u00e9 vendredi que ses &hellip;\" \/>\n<meta property=\"og:url\" content=\"https:\/\/www.capri-matique.com\/client\/aprfae5\/negociation-nationale\/\" \/>\n<meta property=\"og:site_name\" content=\"Association de personnes retrait\u00e9es de la FAE\" \/>\n<meta property=\"article:published_time\" content=\"2021-05-06T18:11:53+00:00\" \/>\n<meta name=\"twitter:card\" content=\"summary\" \/>\n<meta name=\"twitter:label1\" content=\"\u00c9crit par\" \/>\n\t<meta name=\"twitter:data1\" content=\"Chantal Couture\" \/>\n\t<meta name=\"twitter:label2\" content=\"Dur\u00e9e de lecture estim\u00e9e\" \/>\n\t<meta name=\"twitter:data2\" content=\"1 minute\" \/>\n<script type=\"application\/ld+json\" class=\"yoast-schema-graph\">{\"@context\":\"https:\/\/schema.org\",\"@graph\":[{\"@type\":\"WebSite\",\"@id\":\"https:\/\/www.capri-matique.com\/client\/aprfae5\/#website\",\"url\":\"https:\/\/www.capri-matique.com\/client\/aprfae5\/\",\"name\":\"Association de personnes retrait\\u00e9es de la FAE\",\"description\":\"L&#039;association qui nous unit\",\"potentialAction\":[{\"@type\":\"SearchAction\",\"target\":{\"@type\":\"EntryPoint\",\"urlTemplate\":\"https:\/\/www.capri-matique.com\/client\/aprfae5\/?s={search_term_string}\"},\"query-input\":\"required name=search_term_string\"}],\"inLanguage\":\"fr-FR\"},{\"@type\":\"WebPage\",\"@id\":\"https:\/\/www.capri-matique.com\/client\/aprfae5\/negociation-nationale\/#webpage\",\"url\":\"https:\/\/www.capri-matique.com\/client\/aprfae5\/negociation-nationale\/\",\"name\":\"N\\u00e9gociation nationale - Association de personnes retrait\\u00e9es de la FAE\",\"isPartOf\":{\"@id\":\"https:\/\/www.capri-matique.com\/client\/aprfae5\/#website\"},\"datePublished\":\"2021-05-06T18:11:53+00:00\",\"dateModified\":\"2021-05-06T18:11:53+00:00\",\"author\":{\"@id\":\"https:\/\/www.capri-matique.com\/client\/aprfae5\/#\/schema\/person\/d49ddfd2ee6ceb42ef2fbcdda1753954\"},\"breadcrumb\":{\"@id\":\"https:\/\/www.capri-matique.com\/client\/aprfae5\/negociation-nationale\/#breadcrumb\"},\"inLanguage\":\"fr-FR\",\"potentialAction\":[{\"@type\":\"ReadAction\",\"target\":[\"https:\/\/www.capri-matique.com\/client\/aprfae5\/negociation-nationale\/\"]}]},{\"@type\":\"BreadcrumbList\",\"@id\":\"https:\/\/www.capri-matique.com\/client\/aprfae5\/negociation-nationale\/#breadcrumb\",\"itemListElement\":[{\"@type\":\"ListItem\",\"position\":1,\"name\":\"Accueil\",\"item\":\"https:\/\/www.capri-matique.com\/client\/aprfae5\/\"},{\"@type\":\"ListItem\",\"position\":2,\"name\":\"N\\u00e9gociation nationale\"}]},{\"@type\":\"Person\",\"@id\":\"https:\/\/www.capri-matique.com\/client\/aprfae5\/#\/schema\/person\/d49ddfd2ee6ceb42ef2fbcdda1753954\",\"name\":\"Chantal Couture\",\"url\":\"https:\/\/www.capri-matique.com\/client\/aprfae5\/author\/chantal-couture\/\"}]}<\/script>\n<!-- \/ Yoast SEO plugin. -->","yoast_head_json":{"title":"N\u00e9gociation nationale - Association de personnes retrait\u00e9es de la FAE","robots":{"index":"noindex","follow":"follow","max-snippet":"max-snippet:-1","max-image-preview":"max-image-preview:large","max-video-preview":"max-video-preview:-1"},"og_locale":"fr_FR","og_type":"article","og_title":"N\u00e9gociation nationale - Association de personnes retrait\u00e9es de la FAE","og_description":"L\u2019APRFAE tient \u00e0 f\u00e9liciter la FAE et ses neuf syndicats affili\u00e9s pour la conduite et le r\u00e9sultat de la n\u00e9gociation nationale. Une entente de principe sans \u00e9quivoque entre les profs de la FAE et le gouvernement du Qu\u00e9bec qui marquera l\u2019histoire de la profession! C\u2019est avec enthousiasme que la FAE a d\u00e9voil\u00e9 vendredi que ses &hellip;","og_url":"https:\/\/www.capri-matique.com\/client\/aprfae5\/negociation-nationale\/","og_site_name":"Association de personnes retrait\u00e9es de la FAE","article_published_time":"2021-05-06T18:11:53+00:00","twitter_card":"summary","twitter_misc":{"\u00c9crit par":"Chantal Couture","Dur\u00e9e de lecture estim\u00e9e":"1 minute"},"schema":{"@context":"https:\/\/schema.org","@graph":[{"@type":"WebSite","@id":"https:\/\/www.capri-matique.com\/client\/aprfae5\/#website","url":"https:\/\/www.capri-matique.com\/client\/aprfae5\/","name":"Association de personnes retrait\u00e9es de la FAE","description":"L&#039;association qui nous unit","potentialAction":[{"@type":"SearchAction","target":{"@type":"EntryPoint","urlTemplate":"https:\/\/www.capri-matique.com\/client\/aprfae5\/?s={search_term_string}"},"query-input":"required name=search_term_string"}],"inLanguage":"fr-FR"},{"@type":"WebPage","@id":"https:\/\/www.capri-matique.com\/client\/aprfae5\/negociation-nationale\/#webpage","url":"https:\/\/www.capri-matique.com\/client\/aprfae5\/negociation-nationale\/","name":"N\u00e9gociation nationale - Association de personnes retrait\u00e9es de la FAE","isPartOf":{"@id":"https:\/\/www.capri-matique.com\/client\/aprfae5\/#website"},"datePublished":"2021-05-06T18:11:53+00:00","dateModified":"2021-05-06T18:11:53+00:00","author":{"@id":"https:\/\/www.capri-matique.com\/client\/aprfae5\/#\/schema\/person\/d49ddfd2ee6ceb42ef2fbcdda1753954"},"breadcrumb":{"@id":"https:\/\/www.capri-matique.com\/client\/aprfae5\/negociation-nationale\/#breadcrumb"},"inLanguage":"fr-FR","potentialAction":[{"@type":"ReadAction","target":["https:\/\/www.capri-matique.com\/client\/aprfae5\/negociation-nationale\/"]}]},{"@type":"BreadcrumbList","@id":"https:\/\/www.capri-matique.com\/client\/aprfae5\/negociation-nationale\/#breadcrumb","itemListElement":[{"@type":"ListItem","position":1,"name":"Accueil","item":"https:\/\/www.capri-matique.com\/client\/aprfae5\/"},{"@type":"ListItem","position":2,"name":"N\u00e9gociation nationale"}]},{"@type":"Person","@id":"https:\/\/www.capri-matique.com\/client\/aprfae5\/#\/schema\/person\/d49ddfd2ee6ceb42ef2fbcdda1753954","name":"Chantal Couture","url":"https:\/\/www.capri-matique.com\/client\/aprfae5\/author\/chantal-couture\/"}]}},"_links":{"self":[{"href":"https:\/\/www.capri-matique.com\/client\/aprfae5\/wp-json\/wp\/v2\/posts\/7041","targetHints":{"allow":["GET"]}}],"collection":[{"href":"https:\/\/www.capri-matique.com\/client\/aprfae5\/wp-json\/wp\/v2\/posts"}],"about":[{"href":"https:\/\/www.capri-matique.com\/client\/aprfae5\/wp-json\/wp\/v2\/types\/post"}],"author":[{"embeddable":true,"href":"https:\/\/www.capri-matique.com\/client\/aprfae5\/wp-json\/wp\/v2\/users\/2"}],"replies":[{"embeddable":true,"href":"https:\/\/www.capri-matique.com\/client\/aprfae5\/wp-json\/wp\/v2\/comments?post=7041"}],"version-history":[{"count":1,"href":"https:\/\/www.capri-matique.com\/client\/aprfae5\/wp-json\/wp\/v2\/posts\/7041\/revisions"}],"predecessor-version":[{"id":7042,"href":"https:\/\/www.capri-matique.com\/client\/aprfae5\/wp-json\/wp\/v2\/posts\/7041\/revisions\/7042"}],"wp:attachment":[{"href":"https:\/\/www.capri-matique.com\/client\/aprfae5\/wp-json\/wp\/v2\/media?parent=7041"}],"wp:term":[{"taxonomy":"category","embeddable":true,"href":"https:\/\/www.capri-matique.com\/client\/aprfae5\/wp-json\/wp\/v2\/categories?post=7041"},{"taxonomy":"post_tag","embeddable":true,"href":"https:\/\/www.capri-matique.com\/client\/aprfae5\/wp-json\/wp\/v2\/tags?post=7041"}],"curies":[{"name":"wp","href":"https:\/\/api.w.org\/{rel}","templated":true}]}}