{"id":6957,"date":"2021-02-15T12:47:40","date_gmt":"2021-02-15T17:47:40","guid":{"rendered":"https:\/\/capri-matique.com\/client\/aprfae5\/?p=6957"},"modified":"2021-02-15T12:54:02","modified_gmt":"2021-02-15T17:54:02","slug":"ecoutons-les-femmes","status":"publish","type":"post","link":"https:\/\/www.capri-matique.com\/client\/aprfae5\/ecoutons-les-femmes\/","title":{"rendered":"Journ\u00e9e internationale des droits des femmes 2021"},"content":{"rendered":"<p>Signification du visuel du 8 mars 2021: \u00c9coutons les femmes<\/p>\n<p style=\"text-align: justify;\">La pand\u00e9mie de Covid-19 a un impact n\u00e9gatif sur les femmes et exacerbe les in\u00e9galit\u00e9s structurelles et syst\u00e9miques existantes caus\u00e9es par le patriarcat, le classisme, le racisme et le colonialisme. Aux premi\u00e8res lignes des services de sant\u00e9, services sociaux et \u00e9ducation, occupant de fa\u00e7on majoritaire les emplois jug\u00e9s essentiels, les femmes, et particuli\u00e8rement les femmes racis\u00e9es, leurs familles et communaut\u00e9s, sont plus expos\u00e9es au virus. Paradoxalement, les femmes ont aussi \u00e9t\u00e9 les plus touch\u00e9es par la hausse du ch\u00f4mage et les pertes de revenus. Nombreuses sont celles qui ont quitt\u00e9 le march\u00e9 du travail alors que celles qui doivent composer avec le t\u00e9l\u00e9travail ont vu reculer leurs acquis en termes de conciliation vie personnelle-travail. Les femmes confin\u00e9es et subissant de la violence conjugale, peuvent difficilement avoir acc\u00e8s aux services d\u2019aide et d\u2019h\u00e9bergement alors que les besoins ne font qu&#8217;augmenter.<br \/>\nLe sexisme, le racisme, l&#8217;\u00e2gisme, l\u2019h\u00e9t\u00e9rosexisme, le capacitisme et maintes autres formes de discrimination syst\u00e9miques se sont intensifi\u00e9es pendant ces mois de pand\u00e9mie, r\u00e9v\u00e9lant les in\u00e9galit\u00e9s profondes de notre soci\u00e9t\u00e9. Les femmes qui vivent \u00e0 l&#8217;intersection de plusieurs oppressions sont davantage touch\u00e9es par les violences comme les femmes autochtones, les femmes racis\u00e9es, les femmes trans ou non binaire, les femmes en situation de handicap ou les femmes issues de la diversit\u00e9 sexuelle.<br \/>\nDans ce contexte de crise et de discriminations, les femmes et les organisations f\u00e9ministes au Qu\u00e9bec ont d\u00e9nonc\u00e9 les injustices et ont exig\u00e9 des changements structurels et syst\u00e9miques plus que jamais n\u00e9cessaires. Pourtant, les nombreuses revendications port\u00e9es par les femmes depuis des d\u00e9cennies ne sont toujours pas entendues et la pand\u00e9mie a r\u00e9v\u00e9l\u00e9 \u00e0 quel point le progr\u00e8s constat\u00e9 \u00e9tait fragile et pr\u00e9caire.<br \/>\nLa pand\u00e9mie a mis en \u00e9vidence la n\u00e9cessit\u00e9 d\u2019agir pour une \u00e9galit\u00e9 durable. C\u2019est dans cette p\u00e9riode historique que nous demandons \u00ab \u00c9coutons les femmes \u00bb et soyons protagonistes d\u2019un changement attendu depuis trop longtemps.<br \/>\nLe th\u00e8me \u00c9coutons les femmes vise \u00e0 illustrer ce constat: les femmes veulent des mesures concr\u00e8tes pour combattre la pauvret\u00e9 et la violence qu\u2019elles subissent afin d\u2019am\u00e9liorer consid\u00e9rablement leurs conditions de vie et de travail.<br \/>\nLe visuel met en lumi\u00e8re les femmes dans toute leur diversit\u00e9 afin de repr\u00e9senter la pluralit\u00e9 de leurs r\u00e9alit\u00e9s et des luttes f\u00e9ministes \u00e0 mener. C\u2019est par l\u2019action collective, solidaire et intersectionnelle que nous pouvons aspirer \u00e0 une transformation profonde de la soci\u00e9t\u00e9. L\u2019objectif est que chaque femme qui regarde cette illustration s\u2019y reconnaisse et sache que sa voix compte, qu\u2019il y a une prise de conscience de sa r\u00e9alit\u00e9 et qu\u2019elle sera entendue!<br \/>\nAvec ce slogan, nous nous engageons dans une action simple, mais transformatrice. Si nous \u00e9coutons les femmes au lieu de les ignorer, de d\u00e9valoriser leur travail, de les sous-payer et de les \u00e9carter des lieux de prise de d\u00e9cision, nous serions dans un tout nouveau monde.<br \/>\nUn monde o\u00f9 l\u2019\u00e9limination de la pauvret\u00e9 et de la violence, ainsi que la justice climatique sont une priorit\u00e9 sociale et gouvernementale. Un monde o\u00f9 toutes les femmes sont enfin trait\u00e9es d\u2019\u00e9gale \u00e0 \u00e9gale. Ce monde, on se l\u2019imagine depuis longtemps, r\u00e9alisons-le maintenant.<\/p>\n","protected":false},"excerpt":{"rendered":"<p>Signification du visuel du 8 mars 2021: \u00c9coutons les femmes La pand\u00e9mie de Covid-19 a un impact n\u00e9gatif sur les femmes et exacerbe les in\u00e9galit\u00e9s structurelles et syst\u00e9miques existantes caus\u00e9es par le patriarcat, le classisme, le racisme et le colonialisme. Aux premi\u00e8res lignes des services de sant\u00e9, services sociaux et \u00e9ducation, occupant de fa\u00e7on majoritaire &hellip;<\/p>\n","protected":false},"author":2,"featured_media":0,"comment_status":"closed","ping_status":"open","sticky":false,"template":"","format":"standard","meta":{"footnotes":""},"categories":[1],"tags":[],"class_list":["post-6957","post","type-post","status-publish","format-standard","hentry","category-uncategorized"],"yoast_head":"<!-- This site is optimized with the Yoast SEO plugin v17.3 - https:\/\/yoast.com\/wordpress\/plugins\/seo\/ -->\n<title>Journ\u00e9e internationale des droits des femmes 2021 - Association de personnes retrait\u00e9es de la FAE<\/title>\n<meta name=\"robots\" content=\"noindex, follow, max-snippet:-1, max-image-preview:large, max-video-preview:-1\" \/>\n<meta property=\"og:locale\" content=\"fr_FR\" \/>\n<meta property=\"og:type\" content=\"article\" \/>\n<meta property=\"og:title\" content=\"Journ\u00e9e internationale des droits des femmes 2021 - Association de personnes retrait\u00e9es de la FAE\" \/>\n<meta property=\"og:description\" content=\"Signification du visuel du 8 mars 2021: \u00c9coutons les femmes La pand\u00e9mie de Covid-19 a un impact n\u00e9gatif sur les femmes et exacerbe les in\u00e9galit\u00e9s structurelles et syst\u00e9miques existantes caus\u00e9es par le patriarcat, le classisme, le racisme et le colonialisme. Aux premi\u00e8res lignes des services de sant\u00e9, services sociaux et \u00e9ducation, occupant de fa\u00e7on majoritaire &hellip;\" \/>\n<meta property=\"og:url\" content=\"https:\/\/www.capri-matique.com\/client\/aprfae5\/ecoutons-les-femmes\/\" \/>\n<meta property=\"og:site_name\" content=\"Association de personnes retrait\u00e9es de la FAE\" \/>\n<meta property=\"article:published_time\" content=\"2021-02-15T17:47:40+00:00\" \/>\n<meta property=\"article:modified_time\" content=\"2021-02-15T17:54:02+00:00\" \/>\n<meta name=\"twitter:card\" content=\"summary\" \/>\n<meta name=\"twitter:label1\" content=\"\u00c9crit par\" \/>\n\t<meta name=\"twitter:data1\" content=\"Chantal Couture\" \/>\n\t<meta name=\"twitter:label2\" content=\"Dur\u00e9e de lecture estim\u00e9e\" \/>\n\t<meta name=\"twitter:data2\" content=\"3 minutes\" \/>\n<script type=\"application\/ld+json\" class=\"yoast-schema-graph\">{\"@context\":\"https:\/\/schema.org\",\"@graph\":[{\"@type\":\"WebSite\",\"@id\":\"https:\/\/www.capri-matique.com\/client\/aprfae5\/#website\",\"url\":\"https:\/\/www.capri-matique.com\/client\/aprfae5\/\",\"name\":\"Association de personnes retrait\\u00e9es de la FAE\",\"description\":\"L&#039;association qui nous unit\",\"potentialAction\":[{\"@type\":\"SearchAction\",\"target\":{\"@type\":\"EntryPoint\",\"urlTemplate\":\"https:\/\/www.capri-matique.com\/client\/aprfae5\/?s={search_term_string}\"},\"query-input\":\"required name=search_term_string\"}],\"inLanguage\":\"fr-FR\"},{\"@type\":\"WebPage\",\"@id\":\"https:\/\/www.capri-matique.com\/client\/aprfae5\/ecoutons-les-femmes\/#webpage\",\"url\":\"https:\/\/www.capri-matique.com\/client\/aprfae5\/ecoutons-les-femmes\/\",\"name\":\"Journ\\u00e9e internationale des droits des femmes 2021 - Association de personnes retrait\\u00e9es de la FAE\",\"isPartOf\":{\"@id\":\"https:\/\/www.capri-matique.com\/client\/aprfae5\/#website\"},\"datePublished\":\"2021-02-15T17:47:40+00:00\",\"dateModified\":\"2021-02-15T17:54:02+00:00\",\"author\":{\"@id\":\"https:\/\/www.capri-matique.com\/client\/aprfae5\/#\/schema\/person\/d49ddfd2ee6ceb42ef2fbcdda1753954\"},\"breadcrumb\":{\"@id\":\"https:\/\/www.capri-matique.com\/client\/aprfae5\/ecoutons-les-femmes\/#breadcrumb\"},\"inLanguage\":\"fr-FR\",\"potentialAction\":[{\"@type\":\"ReadAction\",\"target\":[\"https:\/\/www.capri-matique.com\/client\/aprfae5\/ecoutons-les-femmes\/\"]}]},{\"@type\":\"BreadcrumbList\",\"@id\":\"https:\/\/www.capri-matique.com\/client\/aprfae5\/ecoutons-les-femmes\/#breadcrumb\",\"itemListElement\":[{\"@type\":\"ListItem\",\"position\":1,\"name\":\"Accueil\",\"item\":\"https:\/\/www.capri-matique.com\/client\/aprfae5\/\"},{\"@type\":\"ListItem\",\"position\":2,\"name\":\"Journ\\u00e9e internationale des droits des femmes 2021\"}]},{\"@type\":\"Person\",\"@id\":\"https:\/\/www.capri-matique.com\/client\/aprfae5\/#\/schema\/person\/d49ddfd2ee6ceb42ef2fbcdda1753954\",\"name\":\"Chantal Couture\",\"url\":\"https:\/\/www.capri-matique.com\/client\/aprfae5\/author\/chantal-couture\/\"}]}<\/script>\n<!-- \/ Yoast SEO plugin. -->","yoast_head_json":{"title":"Journ\u00e9e internationale des droits des femmes 2021 - Association de personnes retrait\u00e9es de la FAE","robots":{"index":"noindex","follow":"follow","max-snippet":"max-snippet:-1","max-image-preview":"max-image-preview:large","max-video-preview":"max-video-preview:-1"},"og_locale":"fr_FR","og_type":"article","og_title":"Journ\u00e9e internationale des droits des femmes 2021 - Association de personnes retrait\u00e9es de la FAE","og_description":"Signification du visuel du 8 mars 2021: \u00c9coutons les femmes La pand\u00e9mie de Covid-19 a un impact n\u00e9gatif sur les femmes et exacerbe les in\u00e9galit\u00e9s structurelles et syst\u00e9miques existantes caus\u00e9es par le patriarcat, le classisme, le racisme et le colonialisme. Aux premi\u00e8res lignes des services de sant\u00e9, services sociaux et \u00e9ducation, occupant de fa\u00e7on majoritaire &hellip;","og_url":"https:\/\/www.capri-matique.com\/client\/aprfae5\/ecoutons-les-femmes\/","og_site_name":"Association de personnes retrait\u00e9es de la FAE","article_published_time":"2021-02-15T17:47:40+00:00","article_modified_time":"2021-02-15T17:54:02+00:00","twitter_card":"summary","twitter_misc":{"\u00c9crit par":"Chantal Couture","Dur\u00e9e de lecture estim\u00e9e":"3 minutes"},"schema":{"@context":"https:\/\/schema.org","@graph":[{"@type":"WebSite","@id":"https:\/\/www.capri-matique.com\/client\/aprfae5\/#website","url":"https:\/\/www.capri-matique.com\/client\/aprfae5\/","name":"Association de personnes retrait\u00e9es de la FAE","description":"L&#039;association qui nous unit","potentialAction":[{"@type":"SearchAction","target":{"@type":"EntryPoint","urlTemplate":"https:\/\/www.capri-matique.com\/client\/aprfae5\/?s={search_term_string}"},"query-input":"required name=search_term_string"}],"inLanguage":"fr-FR"},{"@type":"WebPage","@id":"https:\/\/www.capri-matique.com\/client\/aprfae5\/ecoutons-les-femmes\/#webpage","url":"https:\/\/www.capri-matique.com\/client\/aprfae5\/ecoutons-les-femmes\/","name":"Journ\u00e9e internationale des droits des femmes 2021 - Association de personnes retrait\u00e9es de la FAE","isPartOf":{"@id":"https:\/\/www.capri-matique.com\/client\/aprfae5\/#website"},"datePublished":"2021-02-15T17:47:40+00:00","dateModified":"2021-02-15T17:54:02+00:00","author":{"@id":"https:\/\/www.capri-matique.com\/client\/aprfae5\/#\/schema\/person\/d49ddfd2ee6ceb42ef2fbcdda1753954"},"breadcrumb":{"@id":"https:\/\/www.capri-matique.com\/client\/aprfae5\/ecoutons-les-femmes\/#breadcrumb"},"inLanguage":"fr-FR","potentialAction":[{"@type":"ReadAction","target":["https:\/\/www.capri-matique.com\/client\/aprfae5\/ecoutons-les-femmes\/"]}]},{"@type":"BreadcrumbList","@id":"https:\/\/www.capri-matique.com\/client\/aprfae5\/ecoutons-les-femmes\/#breadcrumb","itemListElement":[{"@type":"ListItem","position":1,"name":"Accueil","item":"https:\/\/www.capri-matique.com\/client\/aprfae5\/"},{"@type":"ListItem","position":2,"name":"Journ\u00e9e internationale des droits des femmes 2021"}]},{"@type":"Person","@id":"https:\/\/www.capri-matique.com\/client\/aprfae5\/#\/schema\/person\/d49ddfd2ee6ceb42ef2fbcdda1753954","name":"Chantal Couture","url":"https:\/\/www.capri-matique.com\/client\/aprfae5\/author\/chantal-couture\/"}]}},"_links":{"self":[{"href":"https:\/\/www.capri-matique.com\/client\/aprfae5\/wp-json\/wp\/v2\/posts\/6957","targetHints":{"allow":["GET"]}}],"collection":[{"href":"https:\/\/www.capri-matique.com\/client\/aprfae5\/wp-json\/wp\/v2\/posts"}],"about":[{"href":"https:\/\/www.capri-matique.com\/client\/aprfae5\/wp-json\/wp\/v2\/types\/post"}],"author":[{"embeddable":true,"href":"https:\/\/www.capri-matique.com\/client\/aprfae5\/wp-json\/wp\/v2\/users\/2"}],"replies":[{"embeddable":true,"href":"https:\/\/www.capri-matique.com\/client\/aprfae5\/wp-json\/wp\/v2\/comments?post=6957"}],"version-history":[{"count":4,"href":"https:\/\/www.capri-matique.com\/client\/aprfae5\/wp-json\/wp\/v2\/posts\/6957\/revisions"}],"predecessor-version":[{"id":6964,"href":"https:\/\/www.capri-matique.com\/client\/aprfae5\/wp-json\/wp\/v2\/posts\/6957\/revisions\/6964"}],"wp:attachment":[{"href":"https:\/\/www.capri-matique.com\/client\/aprfae5\/wp-json\/wp\/v2\/media?parent=6957"}],"wp:term":[{"taxonomy":"category","embeddable":true,"href":"https:\/\/www.capri-matique.com\/client\/aprfae5\/wp-json\/wp\/v2\/categories?post=6957"},{"taxonomy":"post_tag","embeddable":true,"href":"https:\/\/www.capri-matique.com\/client\/aprfae5\/wp-json\/wp\/v2\/tags?post=6957"}],"curies":[{"name":"wp","href":"https:\/\/api.w.org\/{rel}","templated":true}]}}