{"id":6717,"date":"2020-11-17T12:17:47","date_gmt":"2020-11-17T17:17:47","guid":{"rendered":"https:\/\/capri-matique.com\/client\/aprfae5\/?p=6717"},"modified":"2020-11-17T12:17:47","modified_gmt":"2020-11-17T17:17:47","slug":"renforcer-le-filet-social-pour-se-proteger-des-crises","status":"publish","type":"post","link":"https:\/\/www.capri-matique.com\/client\/aprfae5\/renforcer-le-filet-social-pour-se-proteger-des-crises\/","title":{"rendered":"Renforcer le filet social pour se prot\u00e9ger des crises"},"content":{"rendered":"<p class=\"preFade fadeIn\" style=\"text-align: left;\"><span style=\"font-size: 14pt;\"><span style=\"font-size: 12pt; text-align: justify;\">L&#8217;APRFAE<\/span> <\/span><span style=\"font-size: 12pt; text-align: justify;\">est membre de la Coalition Main Rouge et \u00e0 ce titre, nous vous invitons \u00e0 signer la p\u00e9tition nouvellement mise en ligne et nous appuyons les revendications ci-dessous. Pour signer, <\/span><a style=\"font-size: 12pt; text-align: justify;\" href=\"https:\/\/www.filetsocial.ca\/\">cliquez ici!<\/a><\/p>\n<p class=\"preFade fadeIn\" style=\"text-align: justify;\"><span style=\"font-size: 12pt;\">\u00c0 la veille d\u2019un budget du Qu\u00e9bec, nous exigeons du gouvernement un engagement ferme en faveur de la justice fiscale et sociale! Le prochain budget du Qu\u00e9bec d\u00e9terminera en grande partie notre capacit\u00e9 collective \u00e0 traverser cette crise, et les autres qui pourraient subvenir. La population du Qu\u00e9bec a suffisamment souffert du d\u00e9sinvestissement dans les services publics et les programmes sociaux. Il est grand temps de s\u2019engager dans le renforcement de notre filet social!<strong><br \/>\n<\/strong><\/span><\/p>\n<p class=\"preFade fadeIn\" style=\"text-align: justify;\"><span style=\"font-size: 12pt;\">Le Qu\u00e9bec doit faire le choix d\u2019une fiscalit\u00e9 plus \u00e9quitable et r\u00e9cup\u00e9rer l\u2019argent l\u00e0 o\u00f9 il est\u00a0: dans les poches des plus fortun\u00e9s, dont le patrimoine s\u2019accro\u00eet beaucoup plus rapidement que celui des m\u00e9nages de la classe moyenne ou des plus pauvres. Les plus nantis doivent contribuer davantage si nous souhaitons r\u00e9tablir notre filet social qui a \u00e9t\u00e9 malmen\u00e9 par des ann\u00e9es de politiques n\u00e9olib\u00e9rales. \u00a0<\/span><\/p>\n<p class=\"sqsrte-large preFade fadeIn\" style=\"text-align: justify;\"><span style=\"font-size: 12pt;\">Choisir de financer une mission sociale au d\u00e9triment d\u2019une autre est un choix politique, une autre voie est possible. La relance \u00e9conomique n\u2019est pas tenue de graviter autour du b\u00e9ton, elle pourrait aussi servir \u00e0 renforcer notre filet social. <a href=\"https:\/\/www.filetsocial.ca\/\" target=\"_blank\" rel=\"noopener noreferrer\">Lire la suite&#8230;<\/a><\/span><\/p>\n","protected":false},"excerpt":{"rendered":"<p>L&#8217;APRFAE est membre de la Coalition Main Rouge et \u00e0 ce titre, nous vous invitons \u00e0 signer la p\u00e9tition nouvellement mise en ligne et nous appuyons les revendications ci-dessous. Pour signer, cliquez ici! \u00c0 la veille d\u2019un budget du Qu\u00e9bec, nous exigeons du gouvernement un engagement ferme en faveur de la justice fiscale et sociale! &hellip;<\/p>\n","protected":false},"author":2,"featured_media":0,"comment_status":"closed","ping_status":"open","sticky":false,"template":"","format":"standard","meta":{"footnotes":""},"categories":[1],"tags":[],"class_list":["post-6717","post","type-post","status-publish","format-standard","hentry","category-uncategorized"],"yoast_head":"<!-- This site is optimized with the Yoast SEO plugin v17.3 - https:\/\/yoast.com\/wordpress\/plugins\/seo\/ -->\n<title>Renforcer le filet social pour se prot\u00e9ger des crises - Association de personnes retrait\u00e9es de la FAE<\/title>\n<meta name=\"robots\" content=\"noindex, follow, max-snippet:-1, max-image-preview:large, max-video-preview:-1\" \/>\n<meta property=\"og:locale\" content=\"fr_FR\" \/>\n<meta property=\"og:type\" content=\"article\" \/>\n<meta property=\"og:title\" content=\"Renforcer le filet social pour se prot\u00e9ger des crises - Association de personnes retrait\u00e9es de la FAE\" \/>\n<meta property=\"og:description\" content=\"L&#8217;APRFAE est membre de la Coalition Main Rouge et \u00e0 ce titre, nous vous invitons \u00e0 signer la p\u00e9tition nouvellement mise en ligne et nous appuyons les revendications ci-dessous. Pour signer, cliquez ici! \u00c0 la veille d\u2019un budget du Qu\u00e9bec, nous exigeons du gouvernement un engagement ferme en faveur de la justice fiscale et sociale! &hellip;\" \/>\n<meta property=\"og:url\" content=\"https:\/\/www.capri-matique.com\/client\/aprfae5\/renforcer-le-filet-social-pour-se-proteger-des-crises\/\" \/>\n<meta property=\"og:site_name\" content=\"Association de personnes retrait\u00e9es de la FAE\" \/>\n<meta property=\"article:published_time\" content=\"2020-11-17T17:17:47+00:00\" \/>\n<meta name=\"twitter:card\" content=\"summary\" \/>\n<meta name=\"twitter:label1\" content=\"\u00c9crit par\" \/>\n\t<meta name=\"twitter:data1\" content=\"Chantal Couture\" \/>\n\t<meta name=\"twitter:label2\" content=\"Dur\u00e9e de lecture estim\u00e9e\" \/>\n\t<meta name=\"twitter:data2\" content=\"1 minute\" \/>\n<script type=\"application\/ld+json\" class=\"yoast-schema-graph\">{\"@context\":\"https:\/\/schema.org\",\"@graph\":[{\"@type\":\"WebSite\",\"@id\":\"https:\/\/www.capri-matique.com\/client\/aprfae5\/#website\",\"url\":\"https:\/\/www.capri-matique.com\/client\/aprfae5\/\",\"name\":\"Association de personnes retrait\\u00e9es de la FAE\",\"description\":\"L&#039;association qui nous unit\",\"potentialAction\":[{\"@type\":\"SearchAction\",\"target\":{\"@type\":\"EntryPoint\",\"urlTemplate\":\"https:\/\/www.capri-matique.com\/client\/aprfae5\/?s={search_term_string}\"},\"query-input\":\"required name=search_term_string\"}],\"inLanguage\":\"fr-FR\"},{\"@type\":\"WebPage\",\"@id\":\"https:\/\/www.capri-matique.com\/client\/aprfae5\/renforcer-le-filet-social-pour-se-proteger-des-crises\/#webpage\",\"url\":\"https:\/\/www.capri-matique.com\/client\/aprfae5\/renforcer-le-filet-social-pour-se-proteger-des-crises\/\",\"name\":\"Renforcer le filet social pour se prot\\u00e9ger des crises - Association de personnes retrait\\u00e9es de la FAE\",\"isPartOf\":{\"@id\":\"https:\/\/www.capri-matique.com\/client\/aprfae5\/#website\"},\"datePublished\":\"2020-11-17T17:17:47+00:00\",\"dateModified\":\"2020-11-17T17:17:47+00:00\",\"author\":{\"@id\":\"https:\/\/www.capri-matique.com\/client\/aprfae5\/#\/schema\/person\/d49ddfd2ee6ceb42ef2fbcdda1753954\"},\"breadcrumb\":{\"@id\":\"https:\/\/www.capri-matique.com\/client\/aprfae5\/renforcer-le-filet-social-pour-se-proteger-des-crises\/#breadcrumb\"},\"inLanguage\":\"fr-FR\",\"potentialAction\":[{\"@type\":\"ReadAction\",\"target\":[\"https:\/\/www.capri-matique.com\/client\/aprfae5\/renforcer-le-filet-social-pour-se-proteger-des-crises\/\"]}]},{\"@type\":\"BreadcrumbList\",\"@id\":\"https:\/\/www.capri-matique.com\/client\/aprfae5\/renforcer-le-filet-social-pour-se-proteger-des-crises\/#breadcrumb\",\"itemListElement\":[{\"@type\":\"ListItem\",\"position\":1,\"name\":\"Accueil\",\"item\":\"https:\/\/www.capri-matique.com\/client\/aprfae5\/\"},{\"@type\":\"ListItem\",\"position\":2,\"name\":\"Renforcer le filet social pour se prot\\u00e9ger des crises\"}]},{\"@type\":\"Person\",\"@id\":\"https:\/\/www.capri-matique.com\/client\/aprfae5\/#\/schema\/person\/d49ddfd2ee6ceb42ef2fbcdda1753954\",\"name\":\"Chantal Couture\",\"url\":\"https:\/\/www.capri-matique.com\/client\/aprfae5\/author\/chantal-couture\/\"}]}<\/script>\n<!-- \/ Yoast SEO plugin. -->","yoast_head_json":{"title":"Renforcer le filet social pour se prot\u00e9ger des crises - Association de personnes retrait\u00e9es de la FAE","robots":{"index":"noindex","follow":"follow","max-snippet":"max-snippet:-1","max-image-preview":"max-image-preview:large","max-video-preview":"max-video-preview:-1"},"og_locale":"fr_FR","og_type":"article","og_title":"Renforcer le filet social pour se prot\u00e9ger des crises - Association de personnes retrait\u00e9es de la FAE","og_description":"L&#8217;APRFAE est membre de la Coalition Main Rouge et \u00e0 ce titre, nous vous invitons \u00e0 signer la p\u00e9tition nouvellement mise en ligne et nous appuyons les revendications ci-dessous. Pour signer, cliquez ici! \u00c0 la veille d\u2019un budget du Qu\u00e9bec, nous exigeons du gouvernement un engagement ferme en faveur de la justice fiscale et sociale! &hellip;","og_url":"https:\/\/www.capri-matique.com\/client\/aprfae5\/renforcer-le-filet-social-pour-se-proteger-des-crises\/","og_site_name":"Association de personnes retrait\u00e9es de la FAE","article_published_time":"2020-11-17T17:17:47+00:00","twitter_card":"summary","twitter_misc":{"\u00c9crit par":"Chantal Couture","Dur\u00e9e de lecture estim\u00e9e":"1 minute"},"schema":{"@context":"https:\/\/schema.org","@graph":[{"@type":"WebSite","@id":"https:\/\/www.capri-matique.com\/client\/aprfae5\/#website","url":"https:\/\/www.capri-matique.com\/client\/aprfae5\/","name":"Association de personnes retrait\u00e9es de la FAE","description":"L&#039;association qui nous unit","potentialAction":[{"@type":"SearchAction","target":{"@type":"EntryPoint","urlTemplate":"https:\/\/www.capri-matique.com\/client\/aprfae5\/?s={search_term_string}"},"query-input":"required name=search_term_string"}],"inLanguage":"fr-FR"},{"@type":"WebPage","@id":"https:\/\/www.capri-matique.com\/client\/aprfae5\/renforcer-le-filet-social-pour-se-proteger-des-crises\/#webpage","url":"https:\/\/www.capri-matique.com\/client\/aprfae5\/renforcer-le-filet-social-pour-se-proteger-des-crises\/","name":"Renforcer le filet social pour se prot\u00e9ger des crises - Association de personnes retrait\u00e9es de la FAE","isPartOf":{"@id":"https:\/\/www.capri-matique.com\/client\/aprfae5\/#website"},"datePublished":"2020-11-17T17:17:47+00:00","dateModified":"2020-11-17T17:17:47+00:00","author":{"@id":"https:\/\/www.capri-matique.com\/client\/aprfae5\/#\/schema\/person\/d49ddfd2ee6ceb42ef2fbcdda1753954"},"breadcrumb":{"@id":"https:\/\/www.capri-matique.com\/client\/aprfae5\/renforcer-le-filet-social-pour-se-proteger-des-crises\/#breadcrumb"},"inLanguage":"fr-FR","potentialAction":[{"@type":"ReadAction","target":["https:\/\/www.capri-matique.com\/client\/aprfae5\/renforcer-le-filet-social-pour-se-proteger-des-crises\/"]}]},{"@type":"BreadcrumbList","@id":"https:\/\/www.capri-matique.com\/client\/aprfae5\/renforcer-le-filet-social-pour-se-proteger-des-crises\/#breadcrumb","itemListElement":[{"@type":"ListItem","position":1,"name":"Accueil","item":"https:\/\/www.capri-matique.com\/client\/aprfae5\/"},{"@type":"ListItem","position":2,"name":"Renforcer le filet social pour se prot\u00e9ger des crises"}]},{"@type":"Person","@id":"https:\/\/www.capri-matique.com\/client\/aprfae5\/#\/schema\/person\/d49ddfd2ee6ceb42ef2fbcdda1753954","name":"Chantal Couture","url":"https:\/\/www.capri-matique.com\/client\/aprfae5\/author\/chantal-couture\/"}]}},"_links":{"self":[{"href":"https:\/\/www.capri-matique.com\/client\/aprfae5\/wp-json\/wp\/v2\/posts\/6717","targetHints":{"allow":["GET"]}}],"collection":[{"href":"https:\/\/www.capri-matique.com\/client\/aprfae5\/wp-json\/wp\/v2\/posts"}],"about":[{"href":"https:\/\/www.capri-matique.com\/client\/aprfae5\/wp-json\/wp\/v2\/types\/post"}],"author":[{"embeddable":true,"href":"https:\/\/www.capri-matique.com\/client\/aprfae5\/wp-json\/wp\/v2\/users\/2"}],"replies":[{"embeddable":true,"href":"https:\/\/www.capri-matique.com\/client\/aprfae5\/wp-json\/wp\/v2\/comments?post=6717"}],"version-history":[{"count":1,"href":"https:\/\/www.capri-matique.com\/client\/aprfae5\/wp-json\/wp\/v2\/posts\/6717\/revisions"}],"predecessor-version":[{"id":6718,"href":"https:\/\/www.capri-matique.com\/client\/aprfae5\/wp-json\/wp\/v2\/posts\/6717\/revisions\/6718"}],"wp:attachment":[{"href":"https:\/\/www.capri-matique.com\/client\/aprfae5\/wp-json\/wp\/v2\/media?parent=6717"}],"wp:term":[{"taxonomy":"category","embeddable":true,"href":"https:\/\/www.capri-matique.com\/client\/aprfae5\/wp-json\/wp\/v2\/categories?post=6717"},{"taxonomy":"post_tag","embeddable":true,"href":"https:\/\/www.capri-matique.com\/client\/aprfae5\/wp-json\/wp\/v2\/tags?post=6717"}],"curies":[{"name":"wp","href":"https:\/\/api.w.org\/{rel}","templated":true}]}}