{"id":6703,"date":"2020-11-09T14:35:09","date_gmt":"2020-11-09T19:35:09","guid":{"rendered":"https:\/\/capri-matique.com\/client\/aprfae5\/?p=6703"},"modified":"2020-11-09T14:35:09","modified_gmt":"2020-11-09T19:35:09","slug":"semaine-nationale-des-proches-aidants","status":"publish","type":"post","link":"https:\/\/www.capri-matique.com\/client\/aprfae5\/semaine-nationale-des-proches-aidants\/","title":{"rendered":"Semaine nationale des proches aidants"},"content":{"rendered":"<p style=\"text-align: justify;\">L\u2019APRFAE tient \u00e0 souligner le travail exceptionnel des personnes proches aidantes. En 2020, nous reconnaissons plus que jamais leur apport exceptionnel \u00e0 la soci\u00e9t\u00e9. Pourtant, celles et ceux qui pallient bien souvent au manque de ressources du syst\u00e8me public n\u2019ont pas tout le support n\u00e9cessaire afin de mener \u00e0 bien leurs t\u00e2ches essentielles.<\/p>\n<p style=\"text-align: justify;\">Saluons le travail de la FADOQ qui milite depuis plusieurs ann\u00e9es d\u00e9j\u00e0 afin de d\u00e9fendre leurs int\u00e9r\u00eats et pour qu\u2019elles et ils b\u00e9n\u00e9ficient du soutien et du r\u00e9pit dont ils ont besoin.<\/p>\n<p>Entre autres demandes de la FADOQ, il faut noter :<\/p>\n<ul>\n<li style=\"list-style-type: none;\">\n<ul>\n<li>Au provincial, l\u2019instauration d\u2019un R\u00e9gime qu\u00e9b\u00e9cois d\u2019assurance proche aidant (RQAPA), qui aurait pour mod\u00e8le le R\u00e9gime qu\u00e9b\u00e9cois d\u2019assurance parentale (RQAP);<\/li>\n<li>Au f\u00e9d\u00e9ral : la modification du cr\u00e9dit d\u2019imp\u00f4t pour aidants naturels;<\/li>\n<li>Plus g\u00e9n\u00e9ralement, la mise en place davantage de mesures pour faciliter la conciliation travail-famille-proche aidance.<\/li>\n<\/ul>\n<\/li>\n<\/ul>\n<p style=\"text-align: justify;\">\u00c0 cet effet, l\u2019adoption r\u00e9cente du projet de loi 56 visant \u00e0 reconna\u00eetre et \u00e0 soutenir les personnes proches aidantes et modifiant diverses dispositions l\u00e9gislatives est en soi une victoire. Une d\u00e9finition officielle sera maintenant rattach\u00e9e au statut de proches aidants et permettra d\u2019obtenir certains droits qui faciliteront la r\u00e9alisation de leurs t\u00e2ches au quotidien. Cela devrait mener au d\u00e9p\u00f4t d\u2019une politique nationale des proches aidants, attendue depuis tr\u00e8s longtemps d\u00e9j\u00e0.<\/p>\n<p style=\"text-align: justify;\">Pour lire le communiqu\u00e9 de la FADOQ, <a href=\"https:\/\/www.fadoq.ca\/laurentides\/actualites\/nouvelle\/semaine-nationale-des-proches-aidants-nous-sommes-presents-a-vos-cotes?fbclid=IwAR0Mqhg0pLX5U-F4-huU0BIr2PIdihfRASRHJBmJ4II5bbjPu6xUP8xJEVw#.X6Bf6ABf1TI.facebook\" target=\"_blank\" rel=\"noopener noreferrer\">c\u2019est ici<\/a>!<\/p>\n","protected":false},"excerpt":{"rendered":"<p>L\u2019APRFAE tient \u00e0 souligner le travail exceptionnel des personnes proches aidantes. En 2020, nous reconnaissons plus que jamais leur apport exceptionnel \u00e0 la soci\u00e9t\u00e9. Pourtant, celles et ceux qui pallient bien souvent au manque de ressources du syst\u00e8me public n\u2019ont pas tout le support n\u00e9cessaire afin de mener \u00e0 bien leurs t\u00e2ches essentielles. Saluons le &hellip;<\/p>\n","protected":false},"author":2,"featured_media":0,"comment_status":"closed","ping_status":"open","sticky":false,"template":"","format":"standard","meta":{"footnotes":""},"categories":[1],"tags":[],"class_list":["post-6703","post","type-post","status-publish","format-standard","hentry","category-uncategorized"],"yoast_head":"<!-- This site is optimized with the Yoast SEO plugin v17.3 - https:\/\/yoast.com\/wordpress\/plugins\/seo\/ -->\n<title>Semaine nationale des proches aidants - Association de personnes retrait\u00e9es de la FAE<\/title>\n<meta name=\"robots\" content=\"noindex, follow, max-snippet:-1, max-image-preview:large, max-video-preview:-1\" \/>\n<meta property=\"og:locale\" content=\"fr_FR\" \/>\n<meta property=\"og:type\" content=\"article\" \/>\n<meta property=\"og:title\" content=\"Semaine nationale des proches aidants - Association de personnes retrait\u00e9es de la FAE\" \/>\n<meta property=\"og:description\" content=\"L\u2019APRFAE tient \u00e0 souligner le travail exceptionnel des personnes proches aidantes. En 2020, nous reconnaissons plus que jamais leur apport exceptionnel \u00e0 la soci\u00e9t\u00e9. Pourtant, celles et ceux qui pallient bien souvent au manque de ressources du syst\u00e8me public n\u2019ont pas tout le support n\u00e9cessaire afin de mener \u00e0 bien leurs t\u00e2ches essentielles. Saluons le &hellip;\" \/>\n<meta property=\"og:url\" content=\"https:\/\/www.capri-matique.com\/client\/aprfae5\/semaine-nationale-des-proches-aidants\/\" \/>\n<meta property=\"og:site_name\" content=\"Association de personnes retrait\u00e9es de la FAE\" \/>\n<meta property=\"article:published_time\" content=\"2020-11-09T19:35:09+00:00\" \/>\n<meta name=\"twitter:card\" content=\"summary\" \/>\n<meta name=\"twitter:label1\" content=\"\u00c9crit par\" \/>\n\t<meta name=\"twitter:data1\" content=\"Chantal Couture\" \/>\n\t<meta name=\"twitter:label2\" content=\"Dur\u00e9e de lecture estim\u00e9e\" \/>\n\t<meta name=\"twitter:data2\" content=\"1 minute\" \/>\n<script type=\"application\/ld+json\" class=\"yoast-schema-graph\">{\"@context\":\"https:\/\/schema.org\",\"@graph\":[{\"@type\":\"WebSite\",\"@id\":\"https:\/\/www.capri-matique.com\/client\/aprfae5\/#website\",\"url\":\"https:\/\/www.capri-matique.com\/client\/aprfae5\/\",\"name\":\"Association de personnes retrait\\u00e9es de la FAE\",\"description\":\"L&#039;association qui nous unit\",\"potentialAction\":[{\"@type\":\"SearchAction\",\"target\":{\"@type\":\"EntryPoint\",\"urlTemplate\":\"https:\/\/www.capri-matique.com\/client\/aprfae5\/?s={search_term_string}\"},\"query-input\":\"required name=search_term_string\"}],\"inLanguage\":\"fr-FR\"},{\"@type\":\"WebPage\",\"@id\":\"https:\/\/www.capri-matique.com\/client\/aprfae5\/semaine-nationale-des-proches-aidants\/#webpage\",\"url\":\"https:\/\/www.capri-matique.com\/client\/aprfae5\/semaine-nationale-des-proches-aidants\/\",\"name\":\"Semaine nationale des proches aidants - Association de personnes retrait\\u00e9es de la FAE\",\"isPartOf\":{\"@id\":\"https:\/\/www.capri-matique.com\/client\/aprfae5\/#website\"},\"datePublished\":\"2020-11-09T19:35:09+00:00\",\"dateModified\":\"2020-11-09T19:35:09+00:00\",\"author\":{\"@id\":\"https:\/\/www.capri-matique.com\/client\/aprfae5\/#\/schema\/person\/d49ddfd2ee6ceb42ef2fbcdda1753954\"},\"breadcrumb\":{\"@id\":\"https:\/\/www.capri-matique.com\/client\/aprfae5\/semaine-nationale-des-proches-aidants\/#breadcrumb\"},\"inLanguage\":\"fr-FR\",\"potentialAction\":[{\"@type\":\"ReadAction\",\"target\":[\"https:\/\/www.capri-matique.com\/client\/aprfae5\/semaine-nationale-des-proches-aidants\/\"]}]},{\"@type\":\"BreadcrumbList\",\"@id\":\"https:\/\/www.capri-matique.com\/client\/aprfae5\/semaine-nationale-des-proches-aidants\/#breadcrumb\",\"itemListElement\":[{\"@type\":\"ListItem\",\"position\":1,\"name\":\"Accueil\",\"item\":\"https:\/\/www.capri-matique.com\/client\/aprfae5\/\"},{\"@type\":\"ListItem\",\"position\":2,\"name\":\"Semaine nationale des proches aidants\"}]},{\"@type\":\"Person\",\"@id\":\"https:\/\/www.capri-matique.com\/client\/aprfae5\/#\/schema\/person\/d49ddfd2ee6ceb42ef2fbcdda1753954\",\"name\":\"Chantal Couture\",\"url\":\"https:\/\/www.capri-matique.com\/client\/aprfae5\/author\/chantal-couture\/\"}]}<\/script>\n<!-- \/ Yoast SEO plugin. -->","yoast_head_json":{"title":"Semaine nationale des proches aidants - Association de personnes retrait\u00e9es de la FAE","robots":{"index":"noindex","follow":"follow","max-snippet":"max-snippet:-1","max-image-preview":"max-image-preview:large","max-video-preview":"max-video-preview:-1"},"og_locale":"fr_FR","og_type":"article","og_title":"Semaine nationale des proches aidants - Association de personnes retrait\u00e9es de la FAE","og_description":"L\u2019APRFAE tient \u00e0 souligner le travail exceptionnel des personnes proches aidantes. En 2020, nous reconnaissons plus que jamais leur apport exceptionnel \u00e0 la soci\u00e9t\u00e9. Pourtant, celles et ceux qui pallient bien souvent au manque de ressources du syst\u00e8me public n\u2019ont pas tout le support n\u00e9cessaire afin de mener \u00e0 bien leurs t\u00e2ches essentielles. Saluons le &hellip;","og_url":"https:\/\/www.capri-matique.com\/client\/aprfae5\/semaine-nationale-des-proches-aidants\/","og_site_name":"Association de personnes retrait\u00e9es de la FAE","article_published_time":"2020-11-09T19:35:09+00:00","twitter_card":"summary","twitter_misc":{"\u00c9crit par":"Chantal Couture","Dur\u00e9e de lecture estim\u00e9e":"1 minute"},"schema":{"@context":"https:\/\/schema.org","@graph":[{"@type":"WebSite","@id":"https:\/\/www.capri-matique.com\/client\/aprfae5\/#website","url":"https:\/\/www.capri-matique.com\/client\/aprfae5\/","name":"Association de personnes retrait\u00e9es de la FAE","description":"L&#039;association qui nous unit","potentialAction":[{"@type":"SearchAction","target":{"@type":"EntryPoint","urlTemplate":"https:\/\/www.capri-matique.com\/client\/aprfae5\/?s={search_term_string}"},"query-input":"required name=search_term_string"}],"inLanguage":"fr-FR"},{"@type":"WebPage","@id":"https:\/\/www.capri-matique.com\/client\/aprfae5\/semaine-nationale-des-proches-aidants\/#webpage","url":"https:\/\/www.capri-matique.com\/client\/aprfae5\/semaine-nationale-des-proches-aidants\/","name":"Semaine nationale des proches aidants - Association de personnes retrait\u00e9es de la FAE","isPartOf":{"@id":"https:\/\/www.capri-matique.com\/client\/aprfae5\/#website"},"datePublished":"2020-11-09T19:35:09+00:00","dateModified":"2020-11-09T19:35:09+00:00","author":{"@id":"https:\/\/www.capri-matique.com\/client\/aprfae5\/#\/schema\/person\/d49ddfd2ee6ceb42ef2fbcdda1753954"},"breadcrumb":{"@id":"https:\/\/www.capri-matique.com\/client\/aprfae5\/semaine-nationale-des-proches-aidants\/#breadcrumb"},"inLanguage":"fr-FR","potentialAction":[{"@type":"ReadAction","target":["https:\/\/www.capri-matique.com\/client\/aprfae5\/semaine-nationale-des-proches-aidants\/"]}]},{"@type":"BreadcrumbList","@id":"https:\/\/www.capri-matique.com\/client\/aprfae5\/semaine-nationale-des-proches-aidants\/#breadcrumb","itemListElement":[{"@type":"ListItem","position":1,"name":"Accueil","item":"https:\/\/www.capri-matique.com\/client\/aprfae5\/"},{"@type":"ListItem","position":2,"name":"Semaine nationale des proches aidants"}]},{"@type":"Person","@id":"https:\/\/www.capri-matique.com\/client\/aprfae5\/#\/schema\/person\/d49ddfd2ee6ceb42ef2fbcdda1753954","name":"Chantal Couture","url":"https:\/\/www.capri-matique.com\/client\/aprfae5\/author\/chantal-couture\/"}]}},"_links":{"self":[{"href":"https:\/\/www.capri-matique.com\/client\/aprfae5\/wp-json\/wp\/v2\/posts\/6703","targetHints":{"allow":["GET"]}}],"collection":[{"href":"https:\/\/www.capri-matique.com\/client\/aprfae5\/wp-json\/wp\/v2\/posts"}],"about":[{"href":"https:\/\/www.capri-matique.com\/client\/aprfae5\/wp-json\/wp\/v2\/types\/post"}],"author":[{"embeddable":true,"href":"https:\/\/www.capri-matique.com\/client\/aprfae5\/wp-json\/wp\/v2\/users\/2"}],"replies":[{"embeddable":true,"href":"https:\/\/www.capri-matique.com\/client\/aprfae5\/wp-json\/wp\/v2\/comments?post=6703"}],"version-history":[{"count":1,"href":"https:\/\/www.capri-matique.com\/client\/aprfae5\/wp-json\/wp\/v2\/posts\/6703\/revisions"}],"predecessor-version":[{"id":6704,"href":"https:\/\/www.capri-matique.com\/client\/aprfae5\/wp-json\/wp\/v2\/posts\/6703\/revisions\/6704"}],"wp:attachment":[{"href":"https:\/\/www.capri-matique.com\/client\/aprfae5\/wp-json\/wp\/v2\/media?parent=6703"}],"wp:term":[{"taxonomy":"category","embeddable":true,"href":"https:\/\/www.capri-matique.com\/client\/aprfae5\/wp-json\/wp\/v2\/categories?post=6703"},{"taxonomy":"post_tag","embeddable":true,"href":"https:\/\/www.capri-matique.com\/client\/aprfae5\/wp-json\/wp\/v2\/tags?post=6703"}],"curies":[{"name":"wp","href":"https:\/\/api.w.org\/{rel}","templated":true}]}}