{"id":6623,"date":"2020-10-20T14:19:52","date_gmt":"2020-10-20T18:19:52","guid":{"rendered":"https:\/\/capri-matique.com\/client\/aprfae5\/?p=6623"},"modified":"2020-10-20T14:20:42","modified_gmt":"2020-10-20T18:20:42","slug":"marche-mondiale-des-femmes-2020","status":"publish","type":"post","link":"https:\/\/www.capri-matique.com\/client\/aprfae5\/marche-mondiale-des-femmes-2020\/","title":{"rendered":"Marche mondiale des femmes 2020"},"content":{"rendered":"<p>\u00c7a va marcher sans marche!<\/p>\n<p style=\"text-align: justify;\">Cette marche pr\u00e9vue pour le 17 octobre vise \u00e0 sensibiliser la population sur la situation actuelle des femmes. Une conf\u00e9rence de presse est d\u00e9j\u00e0 pr\u00e9vue le 17 octobre par la Coordination qu\u00e9b\u00e9coise de la marche mondiale des femmes (CQMMF). De nombreux probl\u00e8mes, accrus par la pand\u00e9mie, restent encore \u00e0 r\u00e9gler : accroissement des in\u00e9galit\u00e9s entre les hommes et les femmes, perte de revenus d\u2019emplois sup\u00e9rieurs chez les femmes, augmentation des violences conjugales, femmes se retrouvant dans les emplois les plus \u00e0 risque.<\/p>\n<p style=\"text-align: justify;\">Pour conna\u00eetre les activit\u00e9s entourant ce grand mouvement de solidarit\u00e9, visitez le site internet de la <a href=\"http:\/\/cqmmf.org\/\" target=\"_blank\" rel=\"noopener noreferrer\">Coordination du Qu\u00e9bec de la marche mondiale des femmes.<\/a><\/p>\n","protected":false},"excerpt":{"rendered":"<p>\u00c7a va marcher sans marche! Cette marche pr\u00e9vue pour le 17 octobre vise \u00e0 sensibiliser la population sur la situation actuelle des femmes. Une conf\u00e9rence de presse est d\u00e9j\u00e0 pr\u00e9vue le 17 octobre par la Coordination qu\u00e9b\u00e9coise de la marche mondiale des femmes (CQMMF). De nombreux probl\u00e8mes, accrus par la pand\u00e9mie, restent encore \u00e0 r\u00e9gler &hellip;<\/p>\n","protected":false},"author":2,"featured_media":0,"comment_status":"closed","ping_status":"open","sticky":false,"template":"","format":"standard","meta":{"footnotes":""},"categories":[1],"tags":[],"class_list":["post-6623","post","type-post","status-publish","format-standard","hentry","category-uncategorized"],"yoast_head":"<!-- This site is optimized with the Yoast SEO plugin v17.3 - https:\/\/yoast.com\/wordpress\/plugins\/seo\/ -->\n<title>Marche mondiale des femmes 2020 - Association de personnes retrait\u00e9es de la FAE<\/title>\n<meta name=\"robots\" content=\"noindex, follow, max-snippet:-1, max-image-preview:large, max-video-preview:-1\" \/>\n<meta property=\"og:locale\" content=\"fr_FR\" \/>\n<meta property=\"og:type\" content=\"article\" \/>\n<meta property=\"og:title\" content=\"Marche mondiale des femmes 2020 - Association de personnes retrait\u00e9es de la FAE\" \/>\n<meta property=\"og:description\" content=\"\u00c7a va marcher sans marche! Cette marche pr\u00e9vue pour le 17 octobre vise \u00e0 sensibiliser la population sur la situation actuelle des femmes. Une conf\u00e9rence de presse est d\u00e9j\u00e0 pr\u00e9vue le 17 octobre par la Coordination qu\u00e9b\u00e9coise de la marche mondiale des femmes (CQMMF). De nombreux probl\u00e8mes, accrus par la pand\u00e9mie, restent encore \u00e0 r\u00e9gler &hellip;\" \/>\n<meta property=\"og:url\" content=\"https:\/\/www.capri-matique.com\/client\/aprfae5\/marche-mondiale-des-femmes-2020\/\" \/>\n<meta property=\"og:site_name\" content=\"Association de personnes retrait\u00e9es de la FAE\" \/>\n<meta property=\"article:published_time\" content=\"2020-10-20T18:19:52+00:00\" \/>\n<meta property=\"article:modified_time\" content=\"2020-10-20T18:20:42+00:00\" \/>\n<meta name=\"twitter:card\" content=\"summary\" \/>\n<meta name=\"twitter:label1\" content=\"\u00c9crit par\" \/>\n\t<meta name=\"twitter:data1\" content=\"Chantal Couture\" \/>\n\t<meta name=\"twitter:label2\" content=\"Dur\u00e9e de lecture estim\u00e9e\" \/>\n\t<meta name=\"twitter:data2\" content=\"1 minute\" \/>\n<script type=\"application\/ld+json\" class=\"yoast-schema-graph\">{\"@context\":\"https:\/\/schema.org\",\"@graph\":[{\"@type\":\"WebSite\",\"@id\":\"https:\/\/www.capri-matique.com\/client\/aprfae5\/#website\",\"url\":\"https:\/\/www.capri-matique.com\/client\/aprfae5\/\",\"name\":\"Association de personnes retrait\\u00e9es de la FAE\",\"description\":\"L&#039;association qui nous unit\",\"potentialAction\":[{\"@type\":\"SearchAction\",\"target\":{\"@type\":\"EntryPoint\",\"urlTemplate\":\"https:\/\/www.capri-matique.com\/client\/aprfae5\/?s={search_term_string}\"},\"query-input\":\"required name=search_term_string\"}],\"inLanguage\":\"fr-FR\"},{\"@type\":\"WebPage\",\"@id\":\"https:\/\/www.capri-matique.com\/client\/aprfae5\/marche-mondiale-des-femmes-2020\/#webpage\",\"url\":\"https:\/\/www.capri-matique.com\/client\/aprfae5\/marche-mondiale-des-femmes-2020\/\",\"name\":\"Marche mondiale des femmes 2020 - Association de personnes retrait\\u00e9es de la FAE\",\"isPartOf\":{\"@id\":\"https:\/\/www.capri-matique.com\/client\/aprfae5\/#website\"},\"datePublished\":\"2020-10-20T18:19:52+00:00\",\"dateModified\":\"2020-10-20T18:20:42+00:00\",\"author\":{\"@id\":\"https:\/\/www.capri-matique.com\/client\/aprfae5\/#\/schema\/person\/d49ddfd2ee6ceb42ef2fbcdda1753954\"},\"breadcrumb\":{\"@id\":\"https:\/\/www.capri-matique.com\/client\/aprfae5\/marche-mondiale-des-femmes-2020\/#breadcrumb\"},\"inLanguage\":\"fr-FR\",\"potentialAction\":[{\"@type\":\"ReadAction\",\"target\":[\"https:\/\/www.capri-matique.com\/client\/aprfae5\/marche-mondiale-des-femmes-2020\/\"]}]},{\"@type\":\"BreadcrumbList\",\"@id\":\"https:\/\/www.capri-matique.com\/client\/aprfae5\/marche-mondiale-des-femmes-2020\/#breadcrumb\",\"itemListElement\":[{\"@type\":\"ListItem\",\"position\":1,\"name\":\"Accueil\",\"item\":\"https:\/\/www.capri-matique.com\/client\/aprfae5\/\"},{\"@type\":\"ListItem\",\"position\":2,\"name\":\"Marche mondiale des femmes 2020\"}]},{\"@type\":\"Person\",\"@id\":\"https:\/\/www.capri-matique.com\/client\/aprfae5\/#\/schema\/person\/d49ddfd2ee6ceb42ef2fbcdda1753954\",\"name\":\"Chantal Couture\",\"url\":\"https:\/\/www.capri-matique.com\/client\/aprfae5\/author\/chantal-couture\/\"}]}<\/script>\n<!-- \/ Yoast SEO plugin. -->","yoast_head_json":{"title":"Marche mondiale des femmes 2020 - Association de personnes retrait\u00e9es de la FAE","robots":{"index":"noindex","follow":"follow","max-snippet":"max-snippet:-1","max-image-preview":"max-image-preview:large","max-video-preview":"max-video-preview:-1"},"og_locale":"fr_FR","og_type":"article","og_title":"Marche mondiale des femmes 2020 - Association de personnes retrait\u00e9es de la FAE","og_description":"\u00c7a va marcher sans marche! Cette marche pr\u00e9vue pour le 17 octobre vise \u00e0 sensibiliser la population sur la situation actuelle des femmes. Une conf\u00e9rence de presse est d\u00e9j\u00e0 pr\u00e9vue le 17 octobre par la Coordination qu\u00e9b\u00e9coise de la marche mondiale des femmes (CQMMF). De nombreux probl\u00e8mes, accrus par la pand\u00e9mie, restent encore \u00e0 r\u00e9gler &hellip;","og_url":"https:\/\/www.capri-matique.com\/client\/aprfae5\/marche-mondiale-des-femmes-2020\/","og_site_name":"Association de personnes retrait\u00e9es de la FAE","article_published_time":"2020-10-20T18:19:52+00:00","article_modified_time":"2020-10-20T18:20:42+00:00","twitter_card":"summary","twitter_misc":{"\u00c9crit par":"Chantal Couture","Dur\u00e9e de lecture estim\u00e9e":"1 minute"},"schema":{"@context":"https:\/\/schema.org","@graph":[{"@type":"WebSite","@id":"https:\/\/www.capri-matique.com\/client\/aprfae5\/#website","url":"https:\/\/www.capri-matique.com\/client\/aprfae5\/","name":"Association de personnes retrait\u00e9es de la FAE","description":"L&#039;association qui nous unit","potentialAction":[{"@type":"SearchAction","target":{"@type":"EntryPoint","urlTemplate":"https:\/\/www.capri-matique.com\/client\/aprfae5\/?s={search_term_string}"},"query-input":"required name=search_term_string"}],"inLanguage":"fr-FR"},{"@type":"WebPage","@id":"https:\/\/www.capri-matique.com\/client\/aprfae5\/marche-mondiale-des-femmes-2020\/#webpage","url":"https:\/\/www.capri-matique.com\/client\/aprfae5\/marche-mondiale-des-femmes-2020\/","name":"Marche mondiale des femmes 2020 - Association de personnes retrait\u00e9es de la FAE","isPartOf":{"@id":"https:\/\/www.capri-matique.com\/client\/aprfae5\/#website"},"datePublished":"2020-10-20T18:19:52+00:00","dateModified":"2020-10-20T18:20:42+00:00","author":{"@id":"https:\/\/www.capri-matique.com\/client\/aprfae5\/#\/schema\/person\/d49ddfd2ee6ceb42ef2fbcdda1753954"},"breadcrumb":{"@id":"https:\/\/www.capri-matique.com\/client\/aprfae5\/marche-mondiale-des-femmes-2020\/#breadcrumb"},"inLanguage":"fr-FR","potentialAction":[{"@type":"ReadAction","target":["https:\/\/www.capri-matique.com\/client\/aprfae5\/marche-mondiale-des-femmes-2020\/"]}]},{"@type":"BreadcrumbList","@id":"https:\/\/www.capri-matique.com\/client\/aprfae5\/marche-mondiale-des-femmes-2020\/#breadcrumb","itemListElement":[{"@type":"ListItem","position":1,"name":"Accueil","item":"https:\/\/www.capri-matique.com\/client\/aprfae5\/"},{"@type":"ListItem","position":2,"name":"Marche mondiale des femmes 2020"}]},{"@type":"Person","@id":"https:\/\/www.capri-matique.com\/client\/aprfae5\/#\/schema\/person\/d49ddfd2ee6ceb42ef2fbcdda1753954","name":"Chantal Couture","url":"https:\/\/www.capri-matique.com\/client\/aprfae5\/author\/chantal-couture\/"}]}},"_links":{"self":[{"href":"https:\/\/www.capri-matique.com\/client\/aprfae5\/wp-json\/wp\/v2\/posts\/6623","targetHints":{"allow":["GET"]}}],"collection":[{"href":"https:\/\/www.capri-matique.com\/client\/aprfae5\/wp-json\/wp\/v2\/posts"}],"about":[{"href":"https:\/\/www.capri-matique.com\/client\/aprfae5\/wp-json\/wp\/v2\/types\/post"}],"author":[{"embeddable":true,"href":"https:\/\/www.capri-matique.com\/client\/aprfae5\/wp-json\/wp\/v2\/users\/2"}],"replies":[{"embeddable":true,"href":"https:\/\/www.capri-matique.com\/client\/aprfae5\/wp-json\/wp\/v2\/comments?post=6623"}],"version-history":[{"count":2,"href":"https:\/\/www.capri-matique.com\/client\/aprfae5\/wp-json\/wp\/v2\/posts\/6623\/revisions"}],"predecessor-version":[{"id":6625,"href":"https:\/\/www.capri-matique.com\/client\/aprfae5\/wp-json\/wp\/v2\/posts\/6623\/revisions\/6625"}],"wp:attachment":[{"href":"https:\/\/www.capri-matique.com\/client\/aprfae5\/wp-json\/wp\/v2\/media?parent=6623"}],"wp:term":[{"taxonomy":"category","embeddable":true,"href":"https:\/\/www.capri-matique.com\/client\/aprfae5\/wp-json\/wp\/v2\/categories?post=6623"},{"taxonomy":"post_tag","embeddable":true,"href":"https:\/\/www.capri-matique.com\/client\/aprfae5\/wp-json\/wp\/v2\/tags?post=6623"}],"curies":[{"name":"wp","href":"https:\/\/api.w.org\/{rel}","templated":true}]}}