{"id":6616,"date":"2020-10-14T11:35:37","date_gmt":"2020-10-14T15:35:37","guid":{"rendered":"https:\/\/capri-matique.com\/client\/aprfae5\/?p=6616"},"modified":"2020-10-14T11:37:07","modified_gmt":"2020-10-14T15:37:07","slug":"laprfae-appuie-la-11eme-semaine-pour-lecole-publique","status":"publish","type":"post","link":"https:\/\/www.capri-matique.com\/client\/aprfae5\/laprfae-appuie-la-11eme-semaine-pour-lecole-publique\/","title":{"rendered":"L&#8217;APRFAE appuie la 11\u00e8me semaine pour l&#8217;\u00e9cole publique !"},"content":{"rendered":"<p><strong>L\u2019\u00e9cole publique, essentielle pour instruire, socialiser et qualifier les \u00e9l\u00e8ves jeunes et adultes<\/strong><\/p>\n<p style=\"text-align: justify;\"><strong>Montr\u00e9al, le 4\u00a0octobre 2020<\/strong> \u2013 Alors que les effets de la pand\u00e9mie de COVID-19 continuent de se faire sentir dans les \u00e9coles publiques, ces derni\u00e8res assument, dans des conditions difficiles, leur triple mission fondamentale d\u2019instruire, de socialiser et de qualifier les \u00e9l\u00e8ves jeunes et adultes. C\u2019est autour de ce constat que la F\u00e9d\u00e9ration autonome de l\u2019enseignement (FAE) a tenu \u00e0 organiser la 11<sup>e<\/sup>\u00a0<em>Semaine pour l\u2019\u00e9cole publique <\/em>(SPEP), malgr\u00e9 le contexte sanitaire particulier avec lequel les Qu\u00e9b\u00e9coises et Qu\u00e9b\u00e9cois doivent composer. Ainsi, du 4 au 11\u00a0octobre 2020, les citoyennes et citoyens pourront suivre toutes les activit\u00e9s de la SPEP, gr\u00e2ce aux m\u00e9dias sociaux\u2026 distanciation physique oblige!<\/p>\n<p><a href=\"https:\/\/www.lafae.qc.ca\/actualites\/lancement-de-la-11e-semaine-pour-lecole-publique\/\" target=\"_blank\" rel=\"noopener noreferrer\">Lire le communiqu\u00e9 de la FAE &#8230;<\/a><\/p>\n","protected":false},"excerpt":{"rendered":"<p>L\u2019\u00e9cole publique, essentielle pour instruire, socialiser et qualifier les \u00e9l\u00e8ves jeunes et adultes Montr\u00e9al, le 4\u00a0octobre 2020 \u2013 Alors que les effets de la pand\u00e9mie de COVID-19 continuent de se faire sentir dans les \u00e9coles publiques, ces derni\u00e8res assument, dans des conditions difficiles, leur triple mission fondamentale d\u2019instruire, de socialiser et de qualifier les \u00e9l\u00e8ves &hellip;<\/p>\n","protected":false},"author":2,"featured_media":0,"comment_status":"closed","ping_status":"open","sticky":false,"template":"","format":"standard","meta":{"footnotes":""},"categories":[1],"tags":[],"class_list":["post-6616","post","type-post","status-publish","format-standard","hentry","category-uncategorized"],"yoast_head":"<!-- This site is optimized with the Yoast SEO plugin v17.3 - https:\/\/yoast.com\/wordpress\/plugins\/seo\/ -->\n<title>L&#039;APRFAE appuie la 11\u00e8me semaine pour l&#039;\u00e9cole publique ! - Association de personnes retrait\u00e9es de la FAE<\/title>\n<meta name=\"robots\" content=\"noindex, follow, max-snippet:-1, max-image-preview:large, max-video-preview:-1\" \/>\n<meta property=\"og:locale\" content=\"fr_FR\" \/>\n<meta property=\"og:type\" content=\"article\" \/>\n<meta property=\"og:title\" content=\"L&#039;APRFAE appuie la 11\u00e8me semaine pour l&#039;\u00e9cole publique ! - Association de personnes retrait\u00e9es de la FAE\" \/>\n<meta property=\"og:description\" content=\"L\u2019\u00e9cole publique, essentielle pour instruire, socialiser et qualifier les \u00e9l\u00e8ves jeunes et adultes Montr\u00e9al, le 4\u00a0octobre 2020 \u2013 Alors que les effets de la pand\u00e9mie de COVID-19 continuent de se faire sentir dans les \u00e9coles publiques, ces derni\u00e8res assument, dans des conditions difficiles, leur triple mission fondamentale d\u2019instruire, de socialiser et de qualifier les \u00e9l\u00e8ves &hellip;\" \/>\n<meta property=\"og:url\" content=\"https:\/\/www.capri-matique.com\/client\/aprfae5\/laprfae-appuie-la-11eme-semaine-pour-lecole-publique\/\" \/>\n<meta property=\"og:site_name\" content=\"Association de personnes retrait\u00e9es de la FAE\" \/>\n<meta property=\"article:published_time\" content=\"2020-10-14T15:35:37+00:00\" \/>\n<meta property=\"article:modified_time\" content=\"2020-10-14T15:37:07+00:00\" \/>\n<meta name=\"twitter:card\" content=\"summary\" \/>\n<meta name=\"twitter:label1\" content=\"\u00c9crit par\" \/>\n\t<meta name=\"twitter:data1\" content=\"Chantal Couture\" \/>\n\t<meta name=\"twitter:label2\" content=\"Dur\u00e9e de lecture estim\u00e9e\" \/>\n\t<meta name=\"twitter:data2\" content=\"1 minute\" \/>\n<script type=\"application\/ld+json\" class=\"yoast-schema-graph\">{\"@context\":\"https:\/\/schema.org\",\"@graph\":[{\"@type\":\"WebSite\",\"@id\":\"https:\/\/www.capri-matique.com\/client\/aprfae5\/#website\",\"url\":\"https:\/\/www.capri-matique.com\/client\/aprfae5\/\",\"name\":\"Association de personnes retrait\\u00e9es de la FAE\",\"description\":\"L&#039;association qui nous unit\",\"potentialAction\":[{\"@type\":\"SearchAction\",\"target\":{\"@type\":\"EntryPoint\",\"urlTemplate\":\"https:\/\/www.capri-matique.com\/client\/aprfae5\/?s={search_term_string}\"},\"query-input\":\"required name=search_term_string\"}],\"inLanguage\":\"fr-FR\"},{\"@type\":\"WebPage\",\"@id\":\"https:\/\/www.capri-matique.com\/client\/aprfae5\/laprfae-appuie-la-11eme-semaine-pour-lecole-publique\/#webpage\",\"url\":\"https:\/\/www.capri-matique.com\/client\/aprfae5\/laprfae-appuie-la-11eme-semaine-pour-lecole-publique\/\",\"name\":\"L'APRFAE appuie la 11\\u00e8me semaine pour l'\\u00e9cole publique ! - Association de personnes retrait\\u00e9es de la FAE\",\"isPartOf\":{\"@id\":\"https:\/\/www.capri-matique.com\/client\/aprfae5\/#website\"},\"datePublished\":\"2020-10-14T15:35:37+00:00\",\"dateModified\":\"2020-10-14T15:37:07+00:00\",\"author\":{\"@id\":\"https:\/\/www.capri-matique.com\/client\/aprfae5\/#\/schema\/person\/d49ddfd2ee6ceb42ef2fbcdda1753954\"},\"breadcrumb\":{\"@id\":\"https:\/\/www.capri-matique.com\/client\/aprfae5\/laprfae-appuie-la-11eme-semaine-pour-lecole-publique\/#breadcrumb\"},\"inLanguage\":\"fr-FR\",\"potentialAction\":[{\"@type\":\"ReadAction\",\"target\":[\"https:\/\/www.capri-matique.com\/client\/aprfae5\/laprfae-appuie-la-11eme-semaine-pour-lecole-publique\/\"]}]},{\"@type\":\"BreadcrumbList\",\"@id\":\"https:\/\/www.capri-matique.com\/client\/aprfae5\/laprfae-appuie-la-11eme-semaine-pour-lecole-publique\/#breadcrumb\",\"itemListElement\":[{\"@type\":\"ListItem\",\"position\":1,\"name\":\"Accueil\",\"item\":\"https:\/\/www.capri-matique.com\/client\/aprfae5\/\"},{\"@type\":\"ListItem\",\"position\":2,\"name\":\"L&#8217;APRFAE appuie la 11\\u00e8me semaine pour l&#8217;\\u00e9cole publique !\"}]},{\"@type\":\"Person\",\"@id\":\"https:\/\/www.capri-matique.com\/client\/aprfae5\/#\/schema\/person\/d49ddfd2ee6ceb42ef2fbcdda1753954\",\"name\":\"Chantal Couture\",\"url\":\"https:\/\/www.capri-matique.com\/client\/aprfae5\/author\/chantal-couture\/\"}]}<\/script>\n<!-- \/ Yoast SEO plugin. -->","yoast_head_json":{"title":"L'APRFAE appuie la 11\u00e8me semaine pour l'\u00e9cole publique ! - Association de personnes retrait\u00e9es de la FAE","robots":{"index":"noindex","follow":"follow","max-snippet":"max-snippet:-1","max-image-preview":"max-image-preview:large","max-video-preview":"max-video-preview:-1"},"og_locale":"fr_FR","og_type":"article","og_title":"L'APRFAE appuie la 11\u00e8me semaine pour l'\u00e9cole publique ! - Association de personnes retrait\u00e9es de la FAE","og_description":"L\u2019\u00e9cole publique, essentielle pour instruire, socialiser et qualifier les \u00e9l\u00e8ves jeunes et adultes Montr\u00e9al, le 4\u00a0octobre 2020 \u2013 Alors que les effets de la pand\u00e9mie de COVID-19 continuent de se faire sentir dans les \u00e9coles publiques, ces derni\u00e8res assument, dans des conditions difficiles, leur triple mission fondamentale d\u2019instruire, de socialiser et de qualifier les \u00e9l\u00e8ves &hellip;","og_url":"https:\/\/www.capri-matique.com\/client\/aprfae5\/laprfae-appuie-la-11eme-semaine-pour-lecole-publique\/","og_site_name":"Association de personnes retrait\u00e9es de la FAE","article_published_time":"2020-10-14T15:35:37+00:00","article_modified_time":"2020-10-14T15:37:07+00:00","twitter_card":"summary","twitter_misc":{"\u00c9crit par":"Chantal Couture","Dur\u00e9e de lecture estim\u00e9e":"1 minute"},"schema":{"@context":"https:\/\/schema.org","@graph":[{"@type":"WebSite","@id":"https:\/\/www.capri-matique.com\/client\/aprfae5\/#website","url":"https:\/\/www.capri-matique.com\/client\/aprfae5\/","name":"Association de personnes retrait\u00e9es de la FAE","description":"L&#039;association qui nous unit","potentialAction":[{"@type":"SearchAction","target":{"@type":"EntryPoint","urlTemplate":"https:\/\/www.capri-matique.com\/client\/aprfae5\/?s={search_term_string}"},"query-input":"required name=search_term_string"}],"inLanguage":"fr-FR"},{"@type":"WebPage","@id":"https:\/\/www.capri-matique.com\/client\/aprfae5\/laprfae-appuie-la-11eme-semaine-pour-lecole-publique\/#webpage","url":"https:\/\/www.capri-matique.com\/client\/aprfae5\/laprfae-appuie-la-11eme-semaine-pour-lecole-publique\/","name":"L'APRFAE appuie la 11\u00e8me semaine pour l'\u00e9cole publique ! - Association de personnes retrait\u00e9es de la FAE","isPartOf":{"@id":"https:\/\/www.capri-matique.com\/client\/aprfae5\/#website"},"datePublished":"2020-10-14T15:35:37+00:00","dateModified":"2020-10-14T15:37:07+00:00","author":{"@id":"https:\/\/www.capri-matique.com\/client\/aprfae5\/#\/schema\/person\/d49ddfd2ee6ceb42ef2fbcdda1753954"},"breadcrumb":{"@id":"https:\/\/www.capri-matique.com\/client\/aprfae5\/laprfae-appuie-la-11eme-semaine-pour-lecole-publique\/#breadcrumb"},"inLanguage":"fr-FR","potentialAction":[{"@type":"ReadAction","target":["https:\/\/www.capri-matique.com\/client\/aprfae5\/laprfae-appuie-la-11eme-semaine-pour-lecole-publique\/"]}]},{"@type":"BreadcrumbList","@id":"https:\/\/www.capri-matique.com\/client\/aprfae5\/laprfae-appuie-la-11eme-semaine-pour-lecole-publique\/#breadcrumb","itemListElement":[{"@type":"ListItem","position":1,"name":"Accueil","item":"https:\/\/www.capri-matique.com\/client\/aprfae5\/"},{"@type":"ListItem","position":2,"name":"L&#8217;APRFAE appuie la 11\u00e8me semaine pour l&#8217;\u00e9cole publique !"}]},{"@type":"Person","@id":"https:\/\/www.capri-matique.com\/client\/aprfae5\/#\/schema\/person\/d49ddfd2ee6ceb42ef2fbcdda1753954","name":"Chantal Couture","url":"https:\/\/www.capri-matique.com\/client\/aprfae5\/author\/chantal-couture\/"}]}},"_links":{"self":[{"href":"https:\/\/www.capri-matique.com\/client\/aprfae5\/wp-json\/wp\/v2\/posts\/6616","targetHints":{"allow":["GET"]}}],"collection":[{"href":"https:\/\/www.capri-matique.com\/client\/aprfae5\/wp-json\/wp\/v2\/posts"}],"about":[{"href":"https:\/\/www.capri-matique.com\/client\/aprfae5\/wp-json\/wp\/v2\/types\/post"}],"author":[{"embeddable":true,"href":"https:\/\/www.capri-matique.com\/client\/aprfae5\/wp-json\/wp\/v2\/users\/2"}],"replies":[{"embeddable":true,"href":"https:\/\/www.capri-matique.com\/client\/aprfae5\/wp-json\/wp\/v2\/comments?post=6616"}],"version-history":[{"count":2,"href":"https:\/\/www.capri-matique.com\/client\/aprfae5\/wp-json\/wp\/v2\/posts\/6616\/revisions"}],"predecessor-version":[{"id":6618,"href":"https:\/\/www.capri-matique.com\/client\/aprfae5\/wp-json\/wp\/v2\/posts\/6616\/revisions\/6618"}],"wp:attachment":[{"href":"https:\/\/www.capri-matique.com\/client\/aprfae5\/wp-json\/wp\/v2\/media?parent=6616"}],"wp:term":[{"taxonomy":"category","embeddable":true,"href":"https:\/\/www.capri-matique.com\/client\/aprfae5\/wp-json\/wp\/v2\/categories?post=6616"},{"taxonomy":"post_tag","embeddable":true,"href":"https:\/\/www.capri-matique.com\/client\/aprfae5\/wp-json\/wp\/v2\/tags?post=6616"}],"curies":[{"name":"wp","href":"https:\/\/api.w.org\/{rel}","templated":true}]}}