{"id":6589,"date":"2020-10-06T15:14:50","date_gmt":"2020-10-06T19:14:50","guid":{"rendered":"https:\/\/capri-matique.com\/client\/aprfae5\/?p=6589"},"modified":"2020-10-06T15:14:50","modified_gmt":"2020-10-06T19:14:50","slug":"journee-internationale-des-personnes-agees","status":"publish","type":"post","link":"https:\/\/www.capri-matique.com\/client\/aprfae5\/journee-internationale-des-personnes-agees\/","title":{"rendered":"Journ\u00e9e internationale des personnes \u00e2g\u00e9es"},"content":{"rendered":"<p style=\"text-align: justify;\">Le saviez-vous? 2020 a \u00e9t\u00e9 reconnue par l\u2019ONU comme l\u2019ann\u00e9e des sages-femmes et du personnel infirmier. C\u2019est pourquoi l\u2019\u00e9dition 2020 de la Journ\u00e9e internationale des personnes \u00e2g\u00e9es, qui a lieu chaque 1er octobre, mettra en lumi\u00e8re l\u2019importante contribution du personnel de sant\u00e9 au bien-\u00eatre des personnes \u00e2g\u00e9es. Nous en profitons pour saluer le travail extraordinaire du personnel soignant depuis le d\u00e9but de la pand\u00e9mie, et celui, tout aussi essentiel, des pr\u00e9pos\u00e9s aux b\u00e9n\u00e9ficiaires. C\u2019est aussi l\u2019occasion de reconna\u00eetre le r\u00f4le pr\u00e9pond\u00e9rant des femmes au sein des syst\u00e8mes de sant\u00e9. Bien que leur apport soit souvent sous-estim\u00e9 ou insuffisamment r\u00e9mun\u00e9r\u00e9, les femmes ont, de tous temps, \u00e9t\u00e9 nombreuses \u00e0 soutenir les plus vuln\u00e9rables.<\/p>\n<p style=\"text-align: justify;\">En ce 1<sup>er<\/sup> octobre, prenons un petit moment pour penser aux personnes \u00e2g\u00e9es que nous aimons, et pour remercier ceux et celles qui s&#8217;occupent d&#8217;elles.<\/p>\n","protected":false},"excerpt":{"rendered":"<p>Le saviez-vous? 2020 a \u00e9t\u00e9 reconnue par l\u2019ONU comme l\u2019ann\u00e9e des sages-femmes et du personnel infirmier. C\u2019est pourquoi l\u2019\u00e9dition 2020 de la Journ\u00e9e internationale des personnes \u00e2g\u00e9es, qui a lieu chaque 1er octobre, mettra en lumi\u00e8re l\u2019importante contribution du personnel de sant\u00e9 au bien-\u00eatre des personnes \u00e2g\u00e9es. Nous en profitons pour saluer le travail extraordinaire &hellip;<\/p>\n","protected":false},"author":2,"featured_media":0,"comment_status":"closed","ping_status":"open","sticky":false,"template":"","format":"standard","meta":{"footnotes":""},"categories":[1],"tags":[],"class_list":["post-6589","post","type-post","status-publish","format-standard","hentry","category-uncategorized"],"yoast_head":"<!-- This site is optimized with the Yoast SEO plugin v17.3 - https:\/\/yoast.com\/wordpress\/plugins\/seo\/ -->\n<title>Journ\u00e9e internationale des personnes \u00e2g\u00e9es - Association de personnes retrait\u00e9es de la FAE<\/title>\n<meta name=\"robots\" content=\"noindex, follow, max-snippet:-1, max-image-preview:large, max-video-preview:-1\" \/>\n<meta property=\"og:locale\" content=\"fr_FR\" \/>\n<meta property=\"og:type\" content=\"article\" \/>\n<meta property=\"og:title\" content=\"Journ\u00e9e internationale des personnes \u00e2g\u00e9es - Association de personnes retrait\u00e9es de la FAE\" \/>\n<meta property=\"og:description\" content=\"Le saviez-vous? 2020 a \u00e9t\u00e9 reconnue par l\u2019ONU comme l\u2019ann\u00e9e des sages-femmes et du personnel infirmier. C\u2019est pourquoi l\u2019\u00e9dition 2020 de la Journ\u00e9e internationale des personnes \u00e2g\u00e9es, qui a lieu chaque 1er octobre, mettra en lumi\u00e8re l\u2019importante contribution du personnel de sant\u00e9 au bien-\u00eatre des personnes \u00e2g\u00e9es. Nous en profitons pour saluer le travail extraordinaire &hellip;\" \/>\n<meta property=\"og:url\" content=\"https:\/\/www.capri-matique.com\/client\/aprfae5\/journee-internationale-des-personnes-agees\/\" \/>\n<meta property=\"og:site_name\" content=\"Association de personnes retrait\u00e9es de la FAE\" \/>\n<meta property=\"article:published_time\" content=\"2020-10-06T19:14:50+00:00\" \/>\n<meta name=\"twitter:card\" content=\"summary\" \/>\n<meta name=\"twitter:label1\" content=\"\u00c9crit par\" \/>\n\t<meta name=\"twitter:data1\" content=\"Chantal Couture\" \/>\n\t<meta name=\"twitter:label2\" content=\"Dur\u00e9e de lecture estim\u00e9e\" \/>\n\t<meta name=\"twitter:data2\" content=\"1 minute\" \/>\n<script type=\"application\/ld+json\" class=\"yoast-schema-graph\">{\"@context\":\"https:\/\/schema.org\",\"@graph\":[{\"@type\":\"WebSite\",\"@id\":\"https:\/\/www.capri-matique.com\/client\/aprfae5\/#website\",\"url\":\"https:\/\/www.capri-matique.com\/client\/aprfae5\/\",\"name\":\"Association de personnes retrait\\u00e9es de la FAE\",\"description\":\"L&#039;association qui nous unit\",\"potentialAction\":[{\"@type\":\"SearchAction\",\"target\":{\"@type\":\"EntryPoint\",\"urlTemplate\":\"https:\/\/www.capri-matique.com\/client\/aprfae5\/?s={search_term_string}\"},\"query-input\":\"required name=search_term_string\"}],\"inLanguage\":\"fr-FR\"},{\"@type\":\"WebPage\",\"@id\":\"https:\/\/www.capri-matique.com\/client\/aprfae5\/journee-internationale-des-personnes-agees\/#webpage\",\"url\":\"https:\/\/www.capri-matique.com\/client\/aprfae5\/journee-internationale-des-personnes-agees\/\",\"name\":\"Journ\\u00e9e internationale des personnes \\u00e2g\\u00e9es - Association de personnes retrait\\u00e9es de la FAE\",\"isPartOf\":{\"@id\":\"https:\/\/www.capri-matique.com\/client\/aprfae5\/#website\"},\"datePublished\":\"2020-10-06T19:14:50+00:00\",\"dateModified\":\"2020-10-06T19:14:50+00:00\",\"author\":{\"@id\":\"https:\/\/www.capri-matique.com\/client\/aprfae5\/#\/schema\/person\/d49ddfd2ee6ceb42ef2fbcdda1753954\"},\"breadcrumb\":{\"@id\":\"https:\/\/www.capri-matique.com\/client\/aprfae5\/journee-internationale-des-personnes-agees\/#breadcrumb\"},\"inLanguage\":\"fr-FR\",\"potentialAction\":[{\"@type\":\"ReadAction\",\"target\":[\"https:\/\/www.capri-matique.com\/client\/aprfae5\/journee-internationale-des-personnes-agees\/\"]}]},{\"@type\":\"BreadcrumbList\",\"@id\":\"https:\/\/www.capri-matique.com\/client\/aprfae5\/journee-internationale-des-personnes-agees\/#breadcrumb\",\"itemListElement\":[{\"@type\":\"ListItem\",\"position\":1,\"name\":\"Accueil\",\"item\":\"https:\/\/www.capri-matique.com\/client\/aprfae5\/\"},{\"@type\":\"ListItem\",\"position\":2,\"name\":\"Journ\\u00e9e internationale des personnes \\u00e2g\\u00e9es\"}]},{\"@type\":\"Person\",\"@id\":\"https:\/\/www.capri-matique.com\/client\/aprfae5\/#\/schema\/person\/d49ddfd2ee6ceb42ef2fbcdda1753954\",\"name\":\"Chantal Couture\",\"url\":\"https:\/\/www.capri-matique.com\/client\/aprfae5\/author\/chantal-couture\/\"}]}<\/script>\n<!-- \/ Yoast SEO plugin. -->","yoast_head_json":{"title":"Journ\u00e9e internationale des personnes \u00e2g\u00e9es - Association de personnes retrait\u00e9es de la FAE","robots":{"index":"noindex","follow":"follow","max-snippet":"max-snippet:-1","max-image-preview":"max-image-preview:large","max-video-preview":"max-video-preview:-1"},"og_locale":"fr_FR","og_type":"article","og_title":"Journ\u00e9e internationale des personnes \u00e2g\u00e9es - Association de personnes retrait\u00e9es de la FAE","og_description":"Le saviez-vous? 2020 a \u00e9t\u00e9 reconnue par l\u2019ONU comme l\u2019ann\u00e9e des sages-femmes et du personnel infirmier. C\u2019est pourquoi l\u2019\u00e9dition 2020 de la Journ\u00e9e internationale des personnes \u00e2g\u00e9es, qui a lieu chaque 1er octobre, mettra en lumi\u00e8re l\u2019importante contribution du personnel de sant\u00e9 au bien-\u00eatre des personnes \u00e2g\u00e9es. Nous en profitons pour saluer le travail extraordinaire &hellip;","og_url":"https:\/\/www.capri-matique.com\/client\/aprfae5\/journee-internationale-des-personnes-agees\/","og_site_name":"Association de personnes retrait\u00e9es de la FAE","article_published_time":"2020-10-06T19:14:50+00:00","twitter_card":"summary","twitter_misc":{"\u00c9crit par":"Chantal Couture","Dur\u00e9e de lecture estim\u00e9e":"1 minute"},"schema":{"@context":"https:\/\/schema.org","@graph":[{"@type":"WebSite","@id":"https:\/\/www.capri-matique.com\/client\/aprfae5\/#website","url":"https:\/\/www.capri-matique.com\/client\/aprfae5\/","name":"Association de personnes retrait\u00e9es de la FAE","description":"L&#039;association qui nous unit","potentialAction":[{"@type":"SearchAction","target":{"@type":"EntryPoint","urlTemplate":"https:\/\/www.capri-matique.com\/client\/aprfae5\/?s={search_term_string}"},"query-input":"required name=search_term_string"}],"inLanguage":"fr-FR"},{"@type":"WebPage","@id":"https:\/\/www.capri-matique.com\/client\/aprfae5\/journee-internationale-des-personnes-agees\/#webpage","url":"https:\/\/www.capri-matique.com\/client\/aprfae5\/journee-internationale-des-personnes-agees\/","name":"Journ\u00e9e internationale des personnes \u00e2g\u00e9es - Association de personnes retrait\u00e9es de la FAE","isPartOf":{"@id":"https:\/\/www.capri-matique.com\/client\/aprfae5\/#website"},"datePublished":"2020-10-06T19:14:50+00:00","dateModified":"2020-10-06T19:14:50+00:00","author":{"@id":"https:\/\/www.capri-matique.com\/client\/aprfae5\/#\/schema\/person\/d49ddfd2ee6ceb42ef2fbcdda1753954"},"breadcrumb":{"@id":"https:\/\/www.capri-matique.com\/client\/aprfae5\/journee-internationale-des-personnes-agees\/#breadcrumb"},"inLanguage":"fr-FR","potentialAction":[{"@type":"ReadAction","target":["https:\/\/www.capri-matique.com\/client\/aprfae5\/journee-internationale-des-personnes-agees\/"]}]},{"@type":"BreadcrumbList","@id":"https:\/\/www.capri-matique.com\/client\/aprfae5\/journee-internationale-des-personnes-agees\/#breadcrumb","itemListElement":[{"@type":"ListItem","position":1,"name":"Accueil","item":"https:\/\/www.capri-matique.com\/client\/aprfae5\/"},{"@type":"ListItem","position":2,"name":"Journ\u00e9e internationale des personnes \u00e2g\u00e9es"}]},{"@type":"Person","@id":"https:\/\/www.capri-matique.com\/client\/aprfae5\/#\/schema\/person\/d49ddfd2ee6ceb42ef2fbcdda1753954","name":"Chantal Couture","url":"https:\/\/www.capri-matique.com\/client\/aprfae5\/author\/chantal-couture\/"}]}},"_links":{"self":[{"href":"https:\/\/www.capri-matique.com\/client\/aprfae5\/wp-json\/wp\/v2\/posts\/6589","targetHints":{"allow":["GET"]}}],"collection":[{"href":"https:\/\/www.capri-matique.com\/client\/aprfae5\/wp-json\/wp\/v2\/posts"}],"about":[{"href":"https:\/\/www.capri-matique.com\/client\/aprfae5\/wp-json\/wp\/v2\/types\/post"}],"author":[{"embeddable":true,"href":"https:\/\/www.capri-matique.com\/client\/aprfae5\/wp-json\/wp\/v2\/users\/2"}],"replies":[{"embeddable":true,"href":"https:\/\/www.capri-matique.com\/client\/aprfae5\/wp-json\/wp\/v2\/comments?post=6589"}],"version-history":[{"count":1,"href":"https:\/\/www.capri-matique.com\/client\/aprfae5\/wp-json\/wp\/v2\/posts\/6589\/revisions"}],"predecessor-version":[{"id":6590,"href":"https:\/\/www.capri-matique.com\/client\/aprfae5\/wp-json\/wp\/v2\/posts\/6589\/revisions\/6590"}],"wp:attachment":[{"href":"https:\/\/www.capri-matique.com\/client\/aprfae5\/wp-json\/wp\/v2\/media?parent=6589"}],"wp:term":[{"taxonomy":"category","embeddable":true,"href":"https:\/\/www.capri-matique.com\/client\/aprfae5\/wp-json\/wp\/v2\/categories?post=6589"},{"taxonomy":"post_tag","embeddable":true,"href":"https:\/\/www.capri-matique.com\/client\/aprfae5\/wp-json\/wp\/v2\/tags?post=6589"}],"curies":[{"name":"wp","href":"https:\/\/api.w.org\/{rel}","templated":true}]}}