{"id":6418,"date":"2020-06-26T11:58:11","date_gmt":"2020-06-26T15:58:11","guid":{"rendered":"https:\/\/capri-matique.com\/client\/aprfae5\/?p=6418"},"modified":"2020-06-26T12:00:39","modified_gmt":"2020-06-26T16:00:39","slug":"quelques-effets-a-long-terme-de-la-pandemie","status":"publish","type":"post","link":"https:\/\/www.capri-matique.com\/client\/aprfae5\/quelques-effets-a-long-terme-de-la-pandemie\/","title":{"rendered":"Quelques effets \u00e0 long terme de la pand\u00e9mie"},"content":{"rendered":"<p>Il est \u00e9vident que la pr\u00e9sente crise sanitaire aura des cons\u00e9quences \u00e0 long terme dans nos vies. Certes, la sant\u00e9 de l\u2019\u00e9conomie en pr\u00e9occupe plusieurs, mais il ne faut pas oublier que de nombreuses probl\u00e9matiques de sant\u00e9 publique sont \u00e0 pr\u00e9voir au cours des ann\u00e9es suivant la pand\u00e9mie.<br \/>\nLes effets n\u00e9gatifs de la solitude, tant sur la sant\u00e9 psychologique que physique, sont d\u00e9j\u00e0 bien document\u00e9s. Ainsi, l\u2019isolement social qui a pr\u00e9valu pendant le confinement laissera certainement des marques chez plusieurs. On sait, par exemple, que les personnes qui souffrent de la solitude d\u00e9veloppent, plus que d\u2019autres, des probl\u00e8mes cardiovasculaires. Elles sont \u00e9galement plus susceptibles de contracter des infections \u00e0 cause de d\u00e9fenses immunitaires diminu\u00e9es. Un manque d\u2019interactions sociales peut aussi avoir des effets sur la m\u00e9moire et la qualit\u00e9 du sommeil, favorisant ainsi l\u2019apparition de sympt\u00f4mes d\u00e9pressifs. Il est difficile de pr\u00e9voir l\u2019ampleur des r\u00e9percussions caus\u00e9es par l\u2019\u00e9tat de stress v\u00e9cu durant le confinement, mais il est \u00e0 souhaiter que les d\u00e9cideurs pourront anticiper une partie du probl\u00e8me \u00e0 venir en allouant les bonnes ressources aux bons endroits.<br \/>\nLa bonne nouvelle, c\u2019est que la solitude est un sentiment subjectif. Par cons\u00e9quent, il est possible d\u2019influencer les perceptions et le v\u00e9cu de ces personnes afin d\u2019am\u00e9liorer leur qualit\u00e9 de vie.<br \/>\nPour mieux comprendre les effets de l&#8217;isolement sur les individus, lisez ce r\u00e9cent article paru dans <a href=\"https:\/\/www.ledevoir.com\/societe\/sante\/580709\/coronavirus-malades-de-solitude?utm_source=infolettre-2020-06-12&amp;utm_medium=email&amp;utm_campaign=infolettre-quotidienne\" target=\"_blank\" rel=\"noopener noreferrer\">Le Devoir<\/a>.<\/p>\n","protected":false},"excerpt":{"rendered":"<p>Il est \u00e9vident que la pr\u00e9sente crise sanitaire aura des cons\u00e9quences \u00e0 long terme dans nos vies. Certes, la sant\u00e9 de l\u2019\u00e9conomie en pr\u00e9occupe plusieurs, mais il ne faut pas oublier que de nombreuses probl\u00e9matiques de sant\u00e9 publique sont \u00e0 pr\u00e9voir au cours des ann\u00e9es suivant la pand\u00e9mie. Les effets n\u00e9gatifs de la solitude, tant &hellip;<\/p>\n","protected":false},"author":2,"featured_media":0,"comment_status":"closed","ping_status":"open","sticky":false,"template":"","format":"standard","meta":{"footnotes":""},"categories":[1],"tags":[],"class_list":["post-6418","post","type-post","status-publish","format-standard","hentry","category-uncategorized"],"yoast_head":"<!-- This site is optimized with the Yoast SEO plugin v17.3 - https:\/\/yoast.com\/wordpress\/plugins\/seo\/ -->\n<title>Quelques effets \u00e0 long terme de la pand\u00e9mie - Association de personnes retrait\u00e9es de la FAE<\/title>\n<meta name=\"robots\" content=\"noindex, follow, max-snippet:-1, max-image-preview:large, max-video-preview:-1\" \/>\n<meta property=\"og:locale\" content=\"fr_FR\" \/>\n<meta property=\"og:type\" content=\"article\" \/>\n<meta property=\"og:title\" content=\"Quelques effets \u00e0 long terme de la pand\u00e9mie - Association de personnes retrait\u00e9es de la FAE\" \/>\n<meta property=\"og:description\" content=\"Il est \u00e9vident que la pr\u00e9sente crise sanitaire aura des cons\u00e9quences \u00e0 long terme dans nos vies. Certes, la sant\u00e9 de l\u2019\u00e9conomie en pr\u00e9occupe plusieurs, mais il ne faut pas oublier que de nombreuses probl\u00e9matiques de sant\u00e9 publique sont \u00e0 pr\u00e9voir au cours des ann\u00e9es suivant la pand\u00e9mie. Les effets n\u00e9gatifs de la solitude, tant &hellip;\" \/>\n<meta property=\"og:url\" content=\"https:\/\/www.capri-matique.com\/client\/aprfae5\/quelques-effets-a-long-terme-de-la-pandemie\/\" \/>\n<meta property=\"og:site_name\" content=\"Association de personnes retrait\u00e9es de la FAE\" \/>\n<meta property=\"article:published_time\" content=\"2020-06-26T15:58:11+00:00\" \/>\n<meta property=\"article:modified_time\" content=\"2020-06-26T16:00:39+00:00\" \/>\n<meta name=\"twitter:card\" content=\"summary\" \/>\n<meta name=\"twitter:label1\" content=\"\u00c9crit par\" \/>\n\t<meta name=\"twitter:data1\" content=\"Chantal Couture\" \/>\n\t<meta name=\"twitter:label2\" content=\"Dur\u00e9e de lecture estim\u00e9e\" \/>\n\t<meta name=\"twitter:data2\" content=\"1 minute\" \/>\n<script type=\"application\/ld+json\" class=\"yoast-schema-graph\">{\"@context\":\"https:\/\/schema.org\",\"@graph\":[{\"@type\":\"WebSite\",\"@id\":\"https:\/\/www.capri-matique.com\/client\/aprfae5\/#website\",\"url\":\"https:\/\/www.capri-matique.com\/client\/aprfae5\/\",\"name\":\"Association de personnes retrait\\u00e9es de la FAE\",\"description\":\"L&#039;association qui nous unit\",\"potentialAction\":[{\"@type\":\"SearchAction\",\"target\":{\"@type\":\"EntryPoint\",\"urlTemplate\":\"https:\/\/www.capri-matique.com\/client\/aprfae5\/?s={search_term_string}\"},\"query-input\":\"required name=search_term_string\"}],\"inLanguage\":\"fr-FR\"},{\"@type\":\"WebPage\",\"@id\":\"https:\/\/www.capri-matique.com\/client\/aprfae5\/quelques-effets-a-long-terme-de-la-pandemie\/#webpage\",\"url\":\"https:\/\/www.capri-matique.com\/client\/aprfae5\/quelques-effets-a-long-terme-de-la-pandemie\/\",\"name\":\"Quelques effets \\u00e0 long terme de la pand\\u00e9mie - Association de personnes retrait\\u00e9es de la FAE\",\"isPartOf\":{\"@id\":\"https:\/\/www.capri-matique.com\/client\/aprfae5\/#website\"},\"datePublished\":\"2020-06-26T15:58:11+00:00\",\"dateModified\":\"2020-06-26T16:00:39+00:00\",\"author\":{\"@id\":\"https:\/\/www.capri-matique.com\/client\/aprfae5\/#\/schema\/person\/d49ddfd2ee6ceb42ef2fbcdda1753954\"},\"breadcrumb\":{\"@id\":\"https:\/\/www.capri-matique.com\/client\/aprfae5\/quelques-effets-a-long-terme-de-la-pandemie\/#breadcrumb\"},\"inLanguage\":\"fr-FR\",\"potentialAction\":[{\"@type\":\"ReadAction\",\"target\":[\"https:\/\/www.capri-matique.com\/client\/aprfae5\/quelques-effets-a-long-terme-de-la-pandemie\/\"]}]},{\"@type\":\"BreadcrumbList\",\"@id\":\"https:\/\/www.capri-matique.com\/client\/aprfae5\/quelques-effets-a-long-terme-de-la-pandemie\/#breadcrumb\",\"itemListElement\":[{\"@type\":\"ListItem\",\"position\":1,\"name\":\"Accueil\",\"item\":\"https:\/\/www.capri-matique.com\/client\/aprfae5\/\"},{\"@type\":\"ListItem\",\"position\":2,\"name\":\"Quelques effets \\u00e0 long terme de la pand\\u00e9mie\"}]},{\"@type\":\"Person\",\"@id\":\"https:\/\/www.capri-matique.com\/client\/aprfae5\/#\/schema\/person\/d49ddfd2ee6ceb42ef2fbcdda1753954\",\"name\":\"Chantal Couture\",\"url\":\"https:\/\/www.capri-matique.com\/client\/aprfae5\/author\/chantal-couture\/\"}]}<\/script>\n<!-- \/ Yoast SEO plugin. -->","yoast_head_json":{"title":"Quelques effets \u00e0 long terme de la pand\u00e9mie - Association de personnes retrait\u00e9es de la FAE","robots":{"index":"noindex","follow":"follow","max-snippet":"max-snippet:-1","max-image-preview":"max-image-preview:large","max-video-preview":"max-video-preview:-1"},"og_locale":"fr_FR","og_type":"article","og_title":"Quelques effets \u00e0 long terme de la pand\u00e9mie - Association de personnes retrait\u00e9es de la FAE","og_description":"Il est \u00e9vident que la pr\u00e9sente crise sanitaire aura des cons\u00e9quences \u00e0 long terme dans nos vies. Certes, la sant\u00e9 de l\u2019\u00e9conomie en pr\u00e9occupe plusieurs, mais il ne faut pas oublier que de nombreuses probl\u00e9matiques de sant\u00e9 publique sont \u00e0 pr\u00e9voir au cours des ann\u00e9es suivant la pand\u00e9mie. Les effets n\u00e9gatifs de la solitude, tant &hellip;","og_url":"https:\/\/www.capri-matique.com\/client\/aprfae5\/quelques-effets-a-long-terme-de-la-pandemie\/","og_site_name":"Association de personnes retrait\u00e9es de la FAE","article_published_time":"2020-06-26T15:58:11+00:00","article_modified_time":"2020-06-26T16:00:39+00:00","twitter_card":"summary","twitter_misc":{"\u00c9crit par":"Chantal Couture","Dur\u00e9e de lecture estim\u00e9e":"1 minute"},"schema":{"@context":"https:\/\/schema.org","@graph":[{"@type":"WebSite","@id":"https:\/\/www.capri-matique.com\/client\/aprfae5\/#website","url":"https:\/\/www.capri-matique.com\/client\/aprfae5\/","name":"Association de personnes retrait\u00e9es de la FAE","description":"L&#039;association qui nous unit","potentialAction":[{"@type":"SearchAction","target":{"@type":"EntryPoint","urlTemplate":"https:\/\/www.capri-matique.com\/client\/aprfae5\/?s={search_term_string}"},"query-input":"required name=search_term_string"}],"inLanguage":"fr-FR"},{"@type":"WebPage","@id":"https:\/\/www.capri-matique.com\/client\/aprfae5\/quelques-effets-a-long-terme-de-la-pandemie\/#webpage","url":"https:\/\/www.capri-matique.com\/client\/aprfae5\/quelques-effets-a-long-terme-de-la-pandemie\/","name":"Quelques effets \u00e0 long terme de la pand\u00e9mie - Association de personnes retrait\u00e9es de la FAE","isPartOf":{"@id":"https:\/\/www.capri-matique.com\/client\/aprfae5\/#website"},"datePublished":"2020-06-26T15:58:11+00:00","dateModified":"2020-06-26T16:00:39+00:00","author":{"@id":"https:\/\/www.capri-matique.com\/client\/aprfae5\/#\/schema\/person\/d49ddfd2ee6ceb42ef2fbcdda1753954"},"breadcrumb":{"@id":"https:\/\/www.capri-matique.com\/client\/aprfae5\/quelques-effets-a-long-terme-de-la-pandemie\/#breadcrumb"},"inLanguage":"fr-FR","potentialAction":[{"@type":"ReadAction","target":["https:\/\/www.capri-matique.com\/client\/aprfae5\/quelques-effets-a-long-terme-de-la-pandemie\/"]}]},{"@type":"BreadcrumbList","@id":"https:\/\/www.capri-matique.com\/client\/aprfae5\/quelques-effets-a-long-terme-de-la-pandemie\/#breadcrumb","itemListElement":[{"@type":"ListItem","position":1,"name":"Accueil","item":"https:\/\/www.capri-matique.com\/client\/aprfae5\/"},{"@type":"ListItem","position":2,"name":"Quelques effets \u00e0 long terme de la pand\u00e9mie"}]},{"@type":"Person","@id":"https:\/\/www.capri-matique.com\/client\/aprfae5\/#\/schema\/person\/d49ddfd2ee6ceb42ef2fbcdda1753954","name":"Chantal Couture","url":"https:\/\/www.capri-matique.com\/client\/aprfae5\/author\/chantal-couture\/"}]}},"_links":{"self":[{"href":"https:\/\/www.capri-matique.com\/client\/aprfae5\/wp-json\/wp\/v2\/posts\/6418","targetHints":{"allow":["GET"]}}],"collection":[{"href":"https:\/\/www.capri-matique.com\/client\/aprfae5\/wp-json\/wp\/v2\/posts"}],"about":[{"href":"https:\/\/www.capri-matique.com\/client\/aprfae5\/wp-json\/wp\/v2\/types\/post"}],"author":[{"embeddable":true,"href":"https:\/\/www.capri-matique.com\/client\/aprfae5\/wp-json\/wp\/v2\/users\/2"}],"replies":[{"embeddable":true,"href":"https:\/\/www.capri-matique.com\/client\/aprfae5\/wp-json\/wp\/v2\/comments?post=6418"}],"version-history":[{"count":3,"href":"https:\/\/www.capri-matique.com\/client\/aprfae5\/wp-json\/wp\/v2\/posts\/6418\/revisions"}],"predecessor-version":[{"id":6968,"href":"https:\/\/www.capri-matique.com\/client\/aprfae5\/wp-json\/wp\/v2\/posts\/6418\/revisions\/6968"}],"wp:attachment":[{"href":"https:\/\/www.capri-matique.com\/client\/aprfae5\/wp-json\/wp\/v2\/media?parent=6418"}],"wp:term":[{"taxonomy":"category","embeddable":true,"href":"https:\/\/www.capri-matique.com\/client\/aprfae5\/wp-json\/wp\/v2\/categories?post=6418"},{"taxonomy":"post_tag","embeddable":true,"href":"https:\/\/www.capri-matique.com\/client\/aprfae5\/wp-json\/wp\/v2\/tags?post=6418"}],"curies":[{"name":"wp","href":"https:\/\/api.w.org\/{rel}","templated":true}]}}