{"id":6405,"date":"2020-06-12T16:21:39","date_gmt":"2020-06-12T20:21:39","guid":{"rendered":"https:\/\/capri-matique.com\/client\/aprfae5\/?p=6405"},"modified":"2020-06-12T16:23:51","modified_gmt":"2020-06-12T20:23:51","slug":"journee-mondiale-de-lenvironnement","status":"publish","type":"post","link":"https:\/\/www.capri-matique.com\/client\/aprfae5\/journee-mondiale-de-lenvironnement\/","title":{"rendered":"Journ\u00e9e mondiale de l&#8217;environnement"},"content":{"rendered":"<p>Le 5 juin a \u00e9t\u00e9 d\u00e9sign\u00e9 Journ\u00e9e mondiale de l&#8217;environnement par l&#8217;organisation des nations unies. Cette ann\u00e9e, cet \u00e9v\u00e9nement rev\u00eat une signification particuli\u00e8re car la pand\u00e9mie offre une occasion de mettre en lumi\u00e8re les liens qui existent entre la sant\u00e9 de la plan\u00e8te et la sant\u00e9 de l&#8217;\u00eatre humain.<br \/>\nIl est \u00e9vident que le t\u00e9l\u00e9travail, devenu g\u00e9n\u00e9ralis\u00e9 de mani\u00e8re subite, a contribu\u00e9 \u00e0 am\u00e9liorer la qualit\u00e9 de l&#8217;air. Mais il faut maintenant prendre conscience que nos comportements ont une influence directe sur notre sant\u00e9. On estime qu&#8217;environ 60 % de toutes les maladies infectieuses chez les humains sont des <a href=\"https:\/\/www.unenvironment.org\/fr\/actualites-et-recits\/recit\/six-faits-qui-soulignent-le-lien-entre-nature-et-coronavirus\" target=\"_blank\" rel=\"noopener noreferrer\">zoonoses<\/a>, c&#8217;est-\u00e0-dire qu&#8217;elles nous parviennent par l&#8217;interm\u00e9diaire des animaux. Ainsi, plus un \u00e9cosyst\u00e8me est riche en biodiversit\u00e9, plus il est difficile pour un agent pathog\u00e8ne de se propager ou de dominer. Par cons\u00e9quent, une biodiversit\u00e9 affaiblie multiplie les possibilit\u00e9s, pour ces agents, de passer des animaux aux \u00eatres humains.<br \/>\nLa menace d&#8217;un augmentation des \u00e9pid\u00e9mies de zoonoses dans le monde est un sujet de pr\u00e9occupation depuis 2016. <a href=\"https:\/\/www.unenvironment.org\/fr\/actualites-et-recits\/recit\/les-coronavirus-sont-ils-inherents-notre-mode-de-vie-actuel\" target=\"_blank\" rel=\"noopener noreferrer\">75 % de toutes les maladies infectieuses \u00e9mergentes chez l&#8217;\u00eatre humain sont des zoonoses<\/a> et sont \u00e9troitement li\u00e9es \u00e0 la sant\u00e9 des \u00e9cosyst\u00e8mes. Saurons-nous maintenir nos nouvelles habitudes pour le bien-\u00eatre de la plan\u00e8te? C&#8217;est \u00e0 esp\u00e9rer&#8230;<\/p>\n","protected":false},"excerpt":{"rendered":"<p>Le 5 juin a \u00e9t\u00e9 d\u00e9sign\u00e9 Journ\u00e9e mondiale de l&#8217;environnement par l&#8217;organisation des nations unies. Cette ann\u00e9e, cet \u00e9v\u00e9nement rev\u00eat une signification particuli\u00e8re car la pand\u00e9mie offre une occasion de mettre en lumi\u00e8re les liens qui existent entre la sant\u00e9 de la plan\u00e8te et la sant\u00e9 de l&#8217;\u00eatre humain. Il est \u00e9vident que le t\u00e9l\u00e9travail, &hellip;<\/p>\n","protected":false},"author":2,"featured_media":0,"comment_status":"closed","ping_status":"open","sticky":false,"template":"","format":"standard","meta":{"footnotes":""},"categories":[1],"tags":[],"class_list":["post-6405","post","type-post","status-publish","format-standard","hentry","category-uncategorized"],"yoast_head":"<!-- This site is optimized with the Yoast SEO plugin v17.3 - https:\/\/yoast.com\/wordpress\/plugins\/seo\/ -->\n<title>Journ\u00e9e mondiale de l&#039;environnement - Association de personnes retrait\u00e9es de la FAE<\/title>\n<meta name=\"robots\" content=\"noindex, follow, max-snippet:-1, max-image-preview:large, max-video-preview:-1\" \/>\n<meta property=\"og:locale\" content=\"fr_FR\" \/>\n<meta property=\"og:type\" content=\"article\" \/>\n<meta property=\"og:title\" content=\"Journ\u00e9e mondiale de l&#039;environnement - Association de personnes retrait\u00e9es de la FAE\" \/>\n<meta property=\"og:description\" content=\"Le 5 juin a \u00e9t\u00e9 d\u00e9sign\u00e9 Journ\u00e9e mondiale de l&#8217;environnement par l&#8217;organisation des nations unies. Cette ann\u00e9e, cet \u00e9v\u00e9nement rev\u00eat une signification particuli\u00e8re car la pand\u00e9mie offre une occasion de mettre en lumi\u00e8re les liens qui existent entre la sant\u00e9 de la plan\u00e8te et la sant\u00e9 de l&#8217;\u00eatre humain. Il est \u00e9vident que le t\u00e9l\u00e9travail, &hellip;\" \/>\n<meta property=\"og:url\" content=\"https:\/\/www.capri-matique.com\/client\/aprfae5\/journee-mondiale-de-lenvironnement\/\" \/>\n<meta property=\"og:site_name\" content=\"Association de personnes retrait\u00e9es de la FAE\" \/>\n<meta property=\"article:published_time\" content=\"2020-06-12T20:21:39+00:00\" \/>\n<meta property=\"article:modified_time\" content=\"2020-06-12T20:23:51+00:00\" \/>\n<meta name=\"twitter:card\" content=\"summary\" \/>\n<meta name=\"twitter:label1\" content=\"\u00c9crit par\" \/>\n\t<meta name=\"twitter:data1\" content=\"Chantal Couture\" \/>\n\t<meta name=\"twitter:label2\" content=\"Dur\u00e9e de lecture estim\u00e9e\" \/>\n\t<meta name=\"twitter:data2\" content=\"1 minute\" \/>\n<script type=\"application\/ld+json\" class=\"yoast-schema-graph\">{\"@context\":\"https:\/\/schema.org\",\"@graph\":[{\"@type\":\"WebSite\",\"@id\":\"https:\/\/www.capri-matique.com\/client\/aprfae5\/#website\",\"url\":\"https:\/\/www.capri-matique.com\/client\/aprfae5\/\",\"name\":\"Association de personnes retrait\\u00e9es de la FAE\",\"description\":\"L&#039;association qui nous unit\",\"potentialAction\":[{\"@type\":\"SearchAction\",\"target\":{\"@type\":\"EntryPoint\",\"urlTemplate\":\"https:\/\/www.capri-matique.com\/client\/aprfae5\/?s={search_term_string}\"},\"query-input\":\"required name=search_term_string\"}],\"inLanguage\":\"fr-FR\"},{\"@type\":\"WebPage\",\"@id\":\"https:\/\/www.capri-matique.com\/client\/aprfae5\/journee-mondiale-de-lenvironnement\/#webpage\",\"url\":\"https:\/\/www.capri-matique.com\/client\/aprfae5\/journee-mondiale-de-lenvironnement\/\",\"name\":\"Journ\\u00e9e mondiale de l'environnement - Association de personnes retrait\\u00e9es de la FAE\",\"isPartOf\":{\"@id\":\"https:\/\/www.capri-matique.com\/client\/aprfae5\/#website\"},\"datePublished\":\"2020-06-12T20:21:39+00:00\",\"dateModified\":\"2020-06-12T20:23:51+00:00\",\"author\":{\"@id\":\"https:\/\/www.capri-matique.com\/client\/aprfae5\/#\/schema\/person\/d49ddfd2ee6ceb42ef2fbcdda1753954\"},\"breadcrumb\":{\"@id\":\"https:\/\/www.capri-matique.com\/client\/aprfae5\/journee-mondiale-de-lenvironnement\/#breadcrumb\"},\"inLanguage\":\"fr-FR\",\"potentialAction\":[{\"@type\":\"ReadAction\",\"target\":[\"https:\/\/www.capri-matique.com\/client\/aprfae5\/journee-mondiale-de-lenvironnement\/\"]}]},{\"@type\":\"BreadcrumbList\",\"@id\":\"https:\/\/www.capri-matique.com\/client\/aprfae5\/journee-mondiale-de-lenvironnement\/#breadcrumb\",\"itemListElement\":[{\"@type\":\"ListItem\",\"position\":1,\"name\":\"Accueil\",\"item\":\"https:\/\/www.capri-matique.com\/client\/aprfae5\/\"},{\"@type\":\"ListItem\",\"position\":2,\"name\":\"Journ\\u00e9e mondiale de l&#8217;environnement\"}]},{\"@type\":\"Person\",\"@id\":\"https:\/\/www.capri-matique.com\/client\/aprfae5\/#\/schema\/person\/d49ddfd2ee6ceb42ef2fbcdda1753954\",\"name\":\"Chantal Couture\",\"url\":\"https:\/\/www.capri-matique.com\/client\/aprfae5\/author\/chantal-couture\/\"}]}<\/script>\n<!-- \/ Yoast SEO plugin. -->","yoast_head_json":{"title":"Journ\u00e9e mondiale de l'environnement - Association de personnes retrait\u00e9es de la FAE","robots":{"index":"noindex","follow":"follow","max-snippet":"max-snippet:-1","max-image-preview":"max-image-preview:large","max-video-preview":"max-video-preview:-1"},"og_locale":"fr_FR","og_type":"article","og_title":"Journ\u00e9e mondiale de l'environnement - Association de personnes retrait\u00e9es de la FAE","og_description":"Le 5 juin a \u00e9t\u00e9 d\u00e9sign\u00e9 Journ\u00e9e mondiale de l&#8217;environnement par l&#8217;organisation des nations unies. Cette ann\u00e9e, cet \u00e9v\u00e9nement rev\u00eat une signification particuli\u00e8re car la pand\u00e9mie offre une occasion de mettre en lumi\u00e8re les liens qui existent entre la sant\u00e9 de la plan\u00e8te et la sant\u00e9 de l&#8217;\u00eatre humain. Il est \u00e9vident que le t\u00e9l\u00e9travail, &hellip;","og_url":"https:\/\/www.capri-matique.com\/client\/aprfae5\/journee-mondiale-de-lenvironnement\/","og_site_name":"Association de personnes retrait\u00e9es de la FAE","article_published_time":"2020-06-12T20:21:39+00:00","article_modified_time":"2020-06-12T20:23:51+00:00","twitter_card":"summary","twitter_misc":{"\u00c9crit par":"Chantal Couture","Dur\u00e9e de lecture estim\u00e9e":"1 minute"},"schema":{"@context":"https:\/\/schema.org","@graph":[{"@type":"WebSite","@id":"https:\/\/www.capri-matique.com\/client\/aprfae5\/#website","url":"https:\/\/www.capri-matique.com\/client\/aprfae5\/","name":"Association de personnes retrait\u00e9es de la FAE","description":"L&#039;association qui nous unit","potentialAction":[{"@type":"SearchAction","target":{"@type":"EntryPoint","urlTemplate":"https:\/\/www.capri-matique.com\/client\/aprfae5\/?s={search_term_string}"},"query-input":"required name=search_term_string"}],"inLanguage":"fr-FR"},{"@type":"WebPage","@id":"https:\/\/www.capri-matique.com\/client\/aprfae5\/journee-mondiale-de-lenvironnement\/#webpage","url":"https:\/\/www.capri-matique.com\/client\/aprfae5\/journee-mondiale-de-lenvironnement\/","name":"Journ\u00e9e mondiale de l'environnement - Association de personnes retrait\u00e9es de la FAE","isPartOf":{"@id":"https:\/\/www.capri-matique.com\/client\/aprfae5\/#website"},"datePublished":"2020-06-12T20:21:39+00:00","dateModified":"2020-06-12T20:23:51+00:00","author":{"@id":"https:\/\/www.capri-matique.com\/client\/aprfae5\/#\/schema\/person\/d49ddfd2ee6ceb42ef2fbcdda1753954"},"breadcrumb":{"@id":"https:\/\/www.capri-matique.com\/client\/aprfae5\/journee-mondiale-de-lenvironnement\/#breadcrumb"},"inLanguage":"fr-FR","potentialAction":[{"@type":"ReadAction","target":["https:\/\/www.capri-matique.com\/client\/aprfae5\/journee-mondiale-de-lenvironnement\/"]}]},{"@type":"BreadcrumbList","@id":"https:\/\/www.capri-matique.com\/client\/aprfae5\/journee-mondiale-de-lenvironnement\/#breadcrumb","itemListElement":[{"@type":"ListItem","position":1,"name":"Accueil","item":"https:\/\/www.capri-matique.com\/client\/aprfae5\/"},{"@type":"ListItem","position":2,"name":"Journ\u00e9e mondiale de l&#8217;environnement"}]},{"@type":"Person","@id":"https:\/\/www.capri-matique.com\/client\/aprfae5\/#\/schema\/person\/d49ddfd2ee6ceb42ef2fbcdda1753954","name":"Chantal Couture","url":"https:\/\/www.capri-matique.com\/client\/aprfae5\/author\/chantal-couture\/"}]}},"_links":{"self":[{"href":"https:\/\/www.capri-matique.com\/client\/aprfae5\/wp-json\/wp\/v2\/posts\/6405","targetHints":{"allow":["GET"]}}],"collection":[{"href":"https:\/\/www.capri-matique.com\/client\/aprfae5\/wp-json\/wp\/v2\/posts"}],"about":[{"href":"https:\/\/www.capri-matique.com\/client\/aprfae5\/wp-json\/wp\/v2\/types\/post"}],"author":[{"embeddable":true,"href":"https:\/\/www.capri-matique.com\/client\/aprfae5\/wp-json\/wp\/v2\/users\/2"}],"replies":[{"embeddable":true,"href":"https:\/\/www.capri-matique.com\/client\/aprfae5\/wp-json\/wp\/v2\/comments?post=6405"}],"version-history":[{"count":3,"href":"https:\/\/www.capri-matique.com\/client\/aprfae5\/wp-json\/wp\/v2\/posts\/6405\/revisions"}],"predecessor-version":[{"id":6408,"href":"https:\/\/www.capri-matique.com\/client\/aprfae5\/wp-json\/wp\/v2\/posts\/6405\/revisions\/6408"}],"wp:attachment":[{"href":"https:\/\/www.capri-matique.com\/client\/aprfae5\/wp-json\/wp\/v2\/media?parent=6405"}],"wp:term":[{"taxonomy":"category","embeddable":true,"href":"https:\/\/www.capri-matique.com\/client\/aprfae5\/wp-json\/wp\/v2\/categories?post=6405"},{"taxonomy":"post_tag","embeddable":true,"href":"https:\/\/www.capri-matique.com\/client\/aprfae5\/wp-json\/wp\/v2\/tags?post=6405"}],"curies":[{"name":"wp","href":"https:\/\/api.w.org\/{rel}","templated":true}]}}