{"id":6351,"date":"2020-05-20T12:22:10","date_gmt":"2020-05-20T16:22:10","guid":{"rendered":"https:\/\/capri-matique.com\/client\/aprfae5\/?p=6351"},"modified":"2020-05-20T12:27:12","modified_gmt":"2020-05-20T16:27:12","slug":"revoir-notre-rapport-au-vieillissement","status":"publish","type":"post","link":"https:\/\/www.capri-matique.com\/client\/aprfae5\/revoir-notre-rapport-au-vieillissement\/","title":{"rendered":"Revoir notre rapport au vieillissement"},"content":{"rendered":"<p style=\"text-align: justify;\">La crise de la Covid-19 a un effet d\u2019acc\u00e9l\u00e9rateur sur la prise de conscience n\u00e9cessaire, au sujet de nos personnes a\u00een\u00e9es. Ce n\u2019est pas consciemment que, en tentant de prot\u00e9ger les personnes \u00e2g\u00e9es, nous les infantilisons. Est-ce un ph\u00e9nom\u00e8ne nouveau ? Malheureusement non. Ce qui est nouveau, c\u2019est que des situations qui existaient bien avant la crise sont d\u00e9voil\u00e9es au grand jour. Et que pour une rare fois, nous sommes appel\u00e9s \u00e0 r\u00e9fl\u00e9chir sur notre rapport au vieillissement, et \u00e0 l\u2019anxi\u00e9t\u00e9 qu\u2019il g\u00e9n\u00e8re.<\/p>\n<p style=\"text-align: justify;\">S\u2019il est un concept dont nous entendons parler ces derniers temps, c\u2019est celui de l\u2019\u00e2gisme. Plut\u00f4t m\u00e9connu du grand public, l\u2019\u00e2gisme commence \u00e0 \u00eatre mieux compris. Martine Lagac\u00e9, l\u2019une des grandes sp\u00e9cialistes de l\u2019\u00e2gisme, au Qu\u00e9bec, a fait plusieurs apparitions dans les m\u00e9dias depuis le d\u00e9but de la crise. Elle d\u00e9plore notamment les r\u00e9percussions de l\u2019\u00e2gisme sur l\u2019estime de soi des a\u00een\u00e9s. La compr\u00e9hension des ph\u00e9nom\u00e8nes li\u00e9s \u00e0 l\u2019\u00e2gisme passe \u00e9galement par les notions de communication interg\u00e9n\u00e9rationnelle, d&#8217;identit\u00e9 et de relations intergroupes.<\/p>\n<p style=\"text-align: justify;\">L\u2019\u00e2gisme, c\u2019est d\u2019abord l\u2019exclusion de certaines personnes sur la base de leur \u00e2ge. C\u2019est aussi de consid\u00e9rer toutes les personnes \u00e2g\u00e9es selon des crit\u00e8res uniformes. Par exemple, un comportement qu\u2019on a beaucoup observ\u00e9 au cours des derni\u00e8res semaines, c\u2019est d\u2019agir comme si toutes les personnes a\u00een\u00e9es \u00e9taient \u00e0 risque, m\u00eame si plusieurs de ces personnes sont en excellente sant\u00e9.<\/p>\n<p style=\"text-align: justify;\">Notre attitude face au vieillissement est r\u00e9v\u00e9latrice d\u2019un profond malaise. Ainsi, face \u00e0 l\u2019angoisse de vieillir, il semblerait que nous adoptions une forme de distanciation psychologique. Notre soci\u00e9t\u00e9 est ainsi segment\u00e9e\u00a0: il y a des centres de personnes \u00e2g\u00e9es, des r\u00e9sidences, des centres de soins de longue dur\u00e9e d\u2019un c\u00f4t\u00e9, et de l\u2019autre c\u00f4t\u00e9, on a des garderies, des \u00e9coles. On retrouve peu de lieux pour favoriser le dialogue entre les g\u00e9n\u00e9rations. De tout ceci d\u00e9coulent plusieurs questions et des d\u00e9bats de soci\u00e9t\u00e9 sont \u00e0 venir.<\/p>\n<p style=\"text-align: justify;\">Pour en savoir plus \u00e0 propos de l\u2019\u00e2gisme, vous pouvez consulter <a href=\"https:\/\/ici.radio-canada.ca\/nouvelle\/1702902\/coronavirus-aines-vieillissement-agisme-chsld-martine-lagace\">cette page<\/a> sur Radio-Canada. Plusieurs ouvrages de Martine Lagac\u00e9 sont aussi disponibles aux <a href=\"https:\/\/www.pulaval.com\/\">Presses de l\u2019Universit\u00e9 Laval<\/a>.<\/p>\n","protected":false},"excerpt":{"rendered":"<p>La crise de la Covid-19 a un effet d\u2019acc\u00e9l\u00e9rateur sur la prise de conscience n\u00e9cessaire, au sujet de nos personnes a\u00een\u00e9es. Ce n\u2019est pas consciemment que, en tentant de prot\u00e9ger les personnes \u00e2g\u00e9es, nous les infantilisons. Est-ce un ph\u00e9nom\u00e8ne nouveau ? Malheureusement non. Ce qui est nouveau, c\u2019est que des situations qui existaient bien avant &hellip;<\/p>\n","protected":false},"author":2,"featured_media":0,"comment_status":"closed","ping_status":"open","sticky":false,"template":"","format":"standard","meta":{"footnotes":""},"categories":[1],"tags":[],"class_list":["post-6351","post","type-post","status-publish","format-standard","hentry","category-uncategorized"],"yoast_head":"<!-- This site is optimized with the Yoast SEO plugin v17.3 - https:\/\/yoast.com\/wordpress\/plugins\/seo\/ -->\n<title>Revoir notre rapport au vieillissement - Association de personnes retrait\u00e9es de la FAE<\/title>\n<meta name=\"robots\" content=\"noindex, follow, max-snippet:-1, max-image-preview:large, max-video-preview:-1\" \/>\n<meta property=\"og:locale\" content=\"fr_FR\" \/>\n<meta property=\"og:type\" content=\"article\" \/>\n<meta property=\"og:title\" content=\"Revoir notre rapport au vieillissement - Association de personnes retrait\u00e9es de la FAE\" \/>\n<meta property=\"og:description\" content=\"La crise de la Covid-19 a un effet d\u2019acc\u00e9l\u00e9rateur sur la prise de conscience n\u00e9cessaire, au sujet de nos personnes a\u00een\u00e9es. Ce n\u2019est pas consciemment que, en tentant de prot\u00e9ger les personnes \u00e2g\u00e9es, nous les infantilisons. Est-ce un ph\u00e9nom\u00e8ne nouveau ? Malheureusement non. Ce qui est nouveau, c\u2019est que des situations qui existaient bien avant &hellip;\" \/>\n<meta property=\"og:url\" content=\"https:\/\/www.capri-matique.com\/client\/aprfae5\/revoir-notre-rapport-au-vieillissement\/\" \/>\n<meta property=\"og:site_name\" content=\"Association de personnes retrait\u00e9es de la FAE\" \/>\n<meta property=\"article:published_time\" content=\"2020-05-20T16:22:10+00:00\" \/>\n<meta property=\"article:modified_time\" content=\"2020-05-20T16:27:12+00:00\" \/>\n<meta name=\"twitter:card\" content=\"summary\" \/>\n<meta name=\"twitter:label1\" content=\"\u00c9crit par\" \/>\n\t<meta name=\"twitter:data1\" content=\"Chantal Couture\" \/>\n\t<meta name=\"twitter:label2\" content=\"Dur\u00e9e de lecture estim\u00e9e\" \/>\n\t<meta name=\"twitter:data2\" content=\"2 minutes\" \/>\n<script type=\"application\/ld+json\" class=\"yoast-schema-graph\">{\"@context\":\"https:\/\/schema.org\",\"@graph\":[{\"@type\":\"WebSite\",\"@id\":\"https:\/\/www.capri-matique.com\/client\/aprfae5\/#website\",\"url\":\"https:\/\/www.capri-matique.com\/client\/aprfae5\/\",\"name\":\"Association de personnes retrait\\u00e9es de la FAE\",\"description\":\"L&#039;association qui nous unit\",\"potentialAction\":[{\"@type\":\"SearchAction\",\"target\":{\"@type\":\"EntryPoint\",\"urlTemplate\":\"https:\/\/www.capri-matique.com\/client\/aprfae5\/?s={search_term_string}\"},\"query-input\":\"required name=search_term_string\"}],\"inLanguage\":\"fr-FR\"},{\"@type\":\"WebPage\",\"@id\":\"https:\/\/www.capri-matique.com\/client\/aprfae5\/revoir-notre-rapport-au-vieillissement\/#webpage\",\"url\":\"https:\/\/www.capri-matique.com\/client\/aprfae5\/revoir-notre-rapport-au-vieillissement\/\",\"name\":\"Revoir notre rapport au vieillissement - Association de personnes retrait\\u00e9es de la FAE\",\"isPartOf\":{\"@id\":\"https:\/\/www.capri-matique.com\/client\/aprfae5\/#website\"},\"datePublished\":\"2020-05-20T16:22:10+00:00\",\"dateModified\":\"2020-05-20T16:27:12+00:00\",\"author\":{\"@id\":\"https:\/\/www.capri-matique.com\/client\/aprfae5\/#\/schema\/person\/d49ddfd2ee6ceb42ef2fbcdda1753954\"},\"breadcrumb\":{\"@id\":\"https:\/\/www.capri-matique.com\/client\/aprfae5\/revoir-notre-rapport-au-vieillissement\/#breadcrumb\"},\"inLanguage\":\"fr-FR\",\"potentialAction\":[{\"@type\":\"ReadAction\",\"target\":[\"https:\/\/www.capri-matique.com\/client\/aprfae5\/revoir-notre-rapport-au-vieillissement\/\"]}]},{\"@type\":\"BreadcrumbList\",\"@id\":\"https:\/\/www.capri-matique.com\/client\/aprfae5\/revoir-notre-rapport-au-vieillissement\/#breadcrumb\",\"itemListElement\":[{\"@type\":\"ListItem\",\"position\":1,\"name\":\"Accueil\",\"item\":\"https:\/\/www.capri-matique.com\/client\/aprfae5\/\"},{\"@type\":\"ListItem\",\"position\":2,\"name\":\"Revoir notre rapport au vieillissement\"}]},{\"@type\":\"Person\",\"@id\":\"https:\/\/www.capri-matique.com\/client\/aprfae5\/#\/schema\/person\/d49ddfd2ee6ceb42ef2fbcdda1753954\",\"name\":\"Chantal Couture\",\"url\":\"https:\/\/www.capri-matique.com\/client\/aprfae5\/author\/chantal-couture\/\"}]}<\/script>\n<!-- \/ Yoast SEO plugin. -->","yoast_head_json":{"title":"Revoir notre rapport au vieillissement - Association de personnes retrait\u00e9es de la FAE","robots":{"index":"noindex","follow":"follow","max-snippet":"max-snippet:-1","max-image-preview":"max-image-preview:large","max-video-preview":"max-video-preview:-1"},"og_locale":"fr_FR","og_type":"article","og_title":"Revoir notre rapport au vieillissement - Association de personnes retrait\u00e9es de la FAE","og_description":"La crise de la Covid-19 a un effet d\u2019acc\u00e9l\u00e9rateur sur la prise de conscience n\u00e9cessaire, au sujet de nos personnes a\u00een\u00e9es. Ce n\u2019est pas consciemment que, en tentant de prot\u00e9ger les personnes \u00e2g\u00e9es, nous les infantilisons. Est-ce un ph\u00e9nom\u00e8ne nouveau ? Malheureusement non. Ce qui est nouveau, c\u2019est que des situations qui existaient bien avant &hellip;","og_url":"https:\/\/www.capri-matique.com\/client\/aprfae5\/revoir-notre-rapport-au-vieillissement\/","og_site_name":"Association de personnes retrait\u00e9es de la FAE","article_published_time":"2020-05-20T16:22:10+00:00","article_modified_time":"2020-05-20T16:27:12+00:00","twitter_card":"summary","twitter_misc":{"\u00c9crit par":"Chantal Couture","Dur\u00e9e de lecture estim\u00e9e":"2 minutes"},"schema":{"@context":"https:\/\/schema.org","@graph":[{"@type":"WebSite","@id":"https:\/\/www.capri-matique.com\/client\/aprfae5\/#website","url":"https:\/\/www.capri-matique.com\/client\/aprfae5\/","name":"Association de personnes retrait\u00e9es de la FAE","description":"L&#039;association qui nous unit","potentialAction":[{"@type":"SearchAction","target":{"@type":"EntryPoint","urlTemplate":"https:\/\/www.capri-matique.com\/client\/aprfae5\/?s={search_term_string}"},"query-input":"required name=search_term_string"}],"inLanguage":"fr-FR"},{"@type":"WebPage","@id":"https:\/\/www.capri-matique.com\/client\/aprfae5\/revoir-notre-rapport-au-vieillissement\/#webpage","url":"https:\/\/www.capri-matique.com\/client\/aprfae5\/revoir-notre-rapport-au-vieillissement\/","name":"Revoir notre rapport au vieillissement - Association de personnes retrait\u00e9es de la FAE","isPartOf":{"@id":"https:\/\/www.capri-matique.com\/client\/aprfae5\/#website"},"datePublished":"2020-05-20T16:22:10+00:00","dateModified":"2020-05-20T16:27:12+00:00","author":{"@id":"https:\/\/www.capri-matique.com\/client\/aprfae5\/#\/schema\/person\/d49ddfd2ee6ceb42ef2fbcdda1753954"},"breadcrumb":{"@id":"https:\/\/www.capri-matique.com\/client\/aprfae5\/revoir-notre-rapport-au-vieillissement\/#breadcrumb"},"inLanguage":"fr-FR","potentialAction":[{"@type":"ReadAction","target":["https:\/\/www.capri-matique.com\/client\/aprfae5\/revoir-notre-rapport-au-vieillissement\/"]}]},{"@type":"BreadcrumbList","@id":"https:\/\/www.capri-matique.com\/client\/aprfae5\/revoir-notre-rapport-au-vieillissement\/#breadcrumb","itemListElement":[{"@type":"ListItem","position":1,"name":"Accueil","item":"https:\/\/www.capri-matique.com\/client\/aprfae5\/"},{"@type":"ListItem","position":2,"name":"Revoir notre rapport au vieillissement"}]},{"@type":"Person","@id":"https:\/\/www.capri-matique.com\/client\/aprfae5\/#\/schema\/person\/d49ddfd2ee6ceb42ef2fbcdda1753954","name":"Chantal Couture","url":"https:\/\/www.capri-matique.com\/client\/aprfae5\/author\/chantal-couture\/"}]}},"_links":{"self":[{"href":"https:\/\/www.capri-matique.com\/client\/aprfae5\/wp-json\/wp\/v2\/posts\/6351","targetHints":{"allow":["GET"]}}],"collection":[{"href":"https:\/\/www.capri-matique.com\/client\/aprfae5\/wp-json\/wp\/v2\/posts"}],"about":[{"href":"https:\/\/www.capri-matique.com\/client\/aprfae5\/wp-json\/wp\/v2\/types\/post"}],"author":[{"embeddable":true,"href":"https:\/\/www.capri-matique.com\/client\/aprfae5\/wp-json\/wp\/v2\/users\/2"}],"replies":[{"embeddable":true,"href":"https:\/\/www.capri-matique.com\/client\/aprfae5\/wp-json\/wp\/v2\/comments?post=6351"}],"version-history":[{"count":3,"href":"https:\/\/www.capri-matique.com\/client\/aprfae5\/wp-json\/wp\/v2\/posts\/6351\/revisions"}],"predecessor-version":[{"id":6354,"href":"https:\/\/www.capri-matique.com\/client\/aprfae5\/wp-json\/wp\/v2\/posts\/6351\/revisions\/6354"}],"wp:attachment":[{"href":"https:\/\/www.capri-matique.com\/client\/aprfae5\/wp-json\/wp\/v2\/media?parent=6351"}],"wp:term":[{"taxonomy":"category","embeddable":true,"href":"https:\/\/www.capri-matique.com\/client\/aprfae5\/wp-json\/wp\/v2\/categories?post=6351"},{"taxonomy":"post_tag","embeddable":true,"href":"https:\/\/www.capri-matique.com\/client\/aprfae5\/wp-json\/wp\/v2\/tags?post=6351"}],"curies":[{"name":"wp","href":"https:\/\/api.w.org\/{rel}","templated":true}]}}