{"id":6310,"date":"2020-05-04T15:36:54","date_gmt":"2020-05-04T19:36:54","guid":{"rendered":"https:\/\/capri-matique.com\/client\/aprfae5\/?p=6310"},"modified":"2020-05-04T15:42:09","modified_gmt":"2020-05-04T19:42:09","slug":"les-droits-a-la-sante","status":"publish","type":"post","link":"https:\/\/www.capri-matique.com\/client\/aprfae5\/les-droits-a-la-sante\/","title":{"rendered":"Les droits \u00e0 la sant\u00e9"},"content":{"rendered":"<p style=\"text-align: justify;\">Dans un communiqu\u00e9 publi\u00e9 le 6 avril dernier, la Ligue des droits et libert\u00e9s faisait \u00e9tat des diff\u00e9rents facteurs que les gouvernements doivent prendre en consid\u00e9ration dans l\u2019\u00e9laboration de leurs politiques de sant\u00e9 publique. Pr\u00e8s d\u2019un mois plus tard, cette analyse demeure tout-\u00e0-fait pertinente et le d\u00e9roulement des \u00e9v\u00e9nements nous permet d\u2019ailleurs de mieux appr\u00e9cier les enjeux entourant cette crise sanitaire.<\/p>\n<p style=\"text-align: justify;\">Le droit \u00e0 la sant\u00e9 inclue non-seulement le droit au bien-\u00eatre physique mais aussi aux bien-\u00eatre psychologique et social. Le r\u00f4le de la sant\u00e9 publique inclut quant \u00e0 lui la protection de la sant\u00e9 mais surtout la promotion et la pr\u00e9vention. Or, on constate depuis le d\u00e9but de la crise que le sous-investissement chronique dans ces secteurs nous rattrape cruellement. L\u2019\u00e9rosion de la mission des CLSC au profit du d\u00e9veloppement des cliniques priv\u00e9es fait en sorte que les d\u00e9terminants sociaux de la sant\u00e9 comme, par exemple, le revenu, le genre, la racisation, l\u2019environnement, sont de moins en moins pris en compte. De plus, les aspects psychosociaux de la sant\u00e9 sont plut\u00f4t n\u00e9glig\u00e9s par le syst\u00e8me et les effets du stress, de l\u2019anxi\u00e9t\u00e9 et de l\u2019isolement ont actuellement des effets non-n\u00e9gligeables sur le bien-\u00eatre g\u00e9n\u00e9ral de la population. Encore ici, les personnes qui ont acc\u00e8s \u00e0 une assurance priv\u00e9e pourront avoir recours \u00e0 des ressources sp\u00e9cialis\u00e9es plus facilement que celles qui doivent compter uniquement sur le r\u00e9seau publique.<\/p>\n<p style=\"text-align: justify;\">Les effets du confinement sont r\u00e9v\u00e9lateurs de certaines in\u00e9galit\u00e9s sociales et on voit maintenant \u00e0 quel point le droit \u00e0 la sant\u00e9 interf\u00e8re avec d\u2019autres droits humains. Pour rectifier le tir, les mesures d\u2019aide actuelles ne devront pas \u00eatre suivies d\u2019une nouvelle p\u00e9riode d\u2019aust\u00e9rit\u00e9 budg\u00e9taire qui accro\u00eetrait ces in\u00e9galit\u00e9s et porterait, une fois de plus, atteinte aux droits \u00e0 la sant\u00e9.<\/p>\n<p style=\"text-align: justify;\">Pour lire le communiqu\u00e9 de la LDL, <a href=\"https:\/\/liguedesdroits.ca\/droit-sante-crise\/\" target=\"_blank\" rel=\"noopener noreferrer\">c\u2019est ici!<\/a><\/p>\n","protected":false},"excerpt":{"rendered":"<p>Dans un communiqu\u00e9 publi\u00e9 le 6 avril dernier, la Ligue des droits et libert\u00e9s faisait \u00e9tat des diff\u00e9rents facteurs que les gouvernements doivent prendre en consid\u00e9ration dans l\u2019\u00e9laboration de leurs politiques de sant\u00e9 publique. Pr\u00e8s d\u2019un mois plus tard, cette analyse demeure tout-\u00e0-fait pertinente et le d\u00e9roulement des \u00e9v\u00e9nements nous permet d\u2019ailleurs de mieux appr\u00e9cier &hellip;<\/p>\n","protected":false},"author":2,"featured_media":0,"comment_status":"closed","ping_status":"open","sticky":false,"template":"","format":"standard","meta":{"footnotes":""},"categories":[1],"tags":[],"class_list":["post-6310","post","type-post","status-publish","format-standard","hentry","category-uncategorized"],"yoast_head":"<!-- This site is optimized with the Yoast SEO plugin v17.3 - https:\/\/yoast.com\/wordpress\/plugins\/seo\/ -->\n<title>Les droits \u00e0 la sant\u00e9 - Association de personnes retrait\u00e9es de la FAE<\/title>\n<meta name=\"robots\" content=\"noindex, follow, max-snippet:-1, max-image-preview:large, max-video-preview:-1\" \/>\n<meta property=\"og:locale\" content=\"fr_FR\" \/>\n<meta property=\"og:type\" content=\"article\" \/>\n<meta property=\"og:title\" content=\"Les droits \u00e0 la sant\u00e9 - Association de personnes retrait\u00e9es de la FAE\" \/>\n<meta property=\"og:description\" content=\"Dans un communiqu\u00e9 publi\u00e9 le 6 avril dernier, la Ligue des droits et libert\u00e9s faisait \u00e9tat des diff\u00e9rents facteurs que les gouvernements doivent prendre en consid\u00e9ration dans l\u2019\u00e9laboration de leurs politiques de sant\u00e9 publique. Pr\u00e8s d\u2019un mois plus tard, cette analyse demeure tout-\u00e0-fait pertinente et le d\u00e9roulement des \u00e9v\u00e9nements nous permet d\u2019ailleurs de mieux appr\u00e9cier &hellip;\" \/>\n<meta property=\"og:url\" content=\"https:\/\/www.capri-matique.com\/client\/aprfae5\/les-droits-a-la-sante\/\" \/>\n<meta property=\"og:site_name\" content=\"Association de personnes retrait\u00e9es de la FAE\" \/>\n<meta property=\"article:published_time\" content=\"2020-05-04T19:36:54+00:00\" \/>\n<meta property=\"article:modified_time\" content=\"2020-05-04T19:42:09+00:00\" \/>\n<meta name=\"twitter:card\" content=\"summary\" \/>\n<meta name=\"twitter:label1\" content=\"\u00c9crit par\" \/>\n\t<meta name=\"twitter:data1\" content=\"Chantal Couture\" \/>\n\t<meta name=\"twitter:label2\" content=\"Dur\u00e9e de lecture estim\u00e9e\" \/>\n\t<meta name=\"twitter:data2\" content=\"2 minutes\" \/>\n<script type=\"application\/ld+json\" class=\"yoast-schema-graph\">{\"@context\":\"https:\/\/schema.org\",\"@graph\":[{\"@type\":\"WebSite\",\"@id\":\"https:\/\/www.capri-matique.com\/client\/aprfae5\/#website\",\"url\":\"https:\/\/www.capri-matique.com\/client\/aprfae5\/\",\"name\":\"Association de personnes retrait\\u00e9es de la FAE\",\"description\":\"L&#039;association qui nous unit\",\"potentialAction\":[{\"@type\":\"SearchAction\",\"target\":{\"@type\":\"EntryPoint\",\"urlTemplate\":\"https:\/\/www.capri-matique.com\/client\/aprfae5\/?s={search_term_string}\"},\"query-input\":\"required name=search_term_string\"}],\"inLanguage\":\"fr-FR\"},{\"@type\":\"WebPage\",\"@id\":\"https:\/\/www.capri-matique.com\/client\/aprfae5\/les-droits-a-la-sante\/#webpage\",\"url\":\"https:\/\/www.capri-matique.com\/client\/aprfae5\/les-droits-a-la-sante\/\",\"name\":\"Les droits \\u00e0 la sant\\u00e9 - Association de personnes retrait\\u00e9es de la FAE\",\"isPartOf\":{\"@id\":\"https:\/\/www.capri-matique.com\/client\/aprfae5\/#website\"},\"datePublished\":\"2020-05-04T19:36:54+00:00\",\"dateModified\":\"2020-05-04T19:42:09+00:00\",\"author\":{\"@id\":\"https:\/\/www.capri-matique.com\/client\/aprfae5\/#\/schema\/person\/d49ddfd2ee6ceb42ef2fbcdda1753954\"},\"breadcrumb\":{\"@id\":\"https:\/\/www.capri-matique.com\/client\/aprfae5\/les-droits-a-la-sante\/#breadcrumb\"},\"inLanguage\":\"fr-FR\",\"potentialAction\":[{\"@type\":\"ReadAction\",\"target\":[\"https:\/\/www.capri-matique.com\/client\/aprfae5\/les-droits-a-la-sante\/\"]}]},{\"@type\":\"BreadcrumbList\",\"@id\":\"https:\/\/www.capri-matique.com\/client\/aprfae5\/les-droits-a-la-sante\/#breadcrumb\",\"itemListElement\":[{\"@type\":\"ListItem\",\"position\":1,\"name\":\"Accueil\",\"item\":\"https:\/\/www.capri-matique.com\/client\/aprfae5\/\"},{\"@type\":\"ListItem\",\"position\":2,\"name\":\"Les droits \\u00e0 la sant\\u00e9\"}]},{\"@type\":\"Person\",\"@id\":\"https:\/\/www.capri-matique.com\/client\/aprfae5\/#\/schema\/person\/d49ddfd2ee6ceb42ef2fbcdda1753954\",\"name\":\"Chantal Couture\",\"url\":\"https:\/\/www.capri-matique.com\/client\/aprfae5\/author\/chantal-couture\/\"}]}<\/script>\n<!-- \/ Yoast SEO plugin. -->","yoast_head_json":{"title":"Les droits \u00e0 la sant\u00e9 - Association de personnes retrait\u00e9es de la FAE","robots":{"index":"noindex","follow":"follow","max-snippet":"max-snippet:-1","max-image-preview":"max-image-preview:large","max-video-preview":"max-video-preview:-1"},"og_locale":"fr_FR","og_type":"article","og_title":"Les droits \u00e0 la sant\u00e9 - Association de personnes retrait\u00e9es de la FAE","og_description":"Dans un communiqu\u00e9 publi\u00e9 le 6 avril dernier, la Ligue des droits et libert\u00e9s faisait \u00e9tat des diff\u00e9rents facteurs que les gouvernements doivent prendre en consid\u00e9ration dans l\u2019\u00e9laboration de leurs politiques de sant\u00e9 publique. Pr\u00e8s d\u2019un mois plus tard, cette analyse demeure tout-\u00e0-fait pertinente et le d\u00e9roulement des \u00e9v\u00e9nements nous permet d\u2019ailleurs de mieux appr\u00e9cier &hellip;","og_url":"https:\/\/www.capri-matique.com\/client\/aprfae5\/les-droits-a-la-sante\/","og_site_name":"Association de personnes retrait\u00e9es de la FAE","article_published_time":"2020-05-04T19:36:54+00:00","article_modified_time":"2020-05-04T19:42:09+00:00","twitter_card":"summary","twitter_misc":{"\u00c9crit par":"Chantal Couture","Dur\u00e9e de lecture estim\u00e9e":"2 minutes"},"schema":{"@context":"https:\/\/schema.org","@graph":[{"@type":"WebSite","@id":"https:\/\/www.capri-matique.com\/client\/aprfae5\/#website","url":"https:\/\/www.capri-matique.com\/client\/aprfae5\/","name":"Association de personnes retrait\u00e9es de la FAE","description":"L&#039;association qui nous unit","potentialAction":[{"@type":"SearchAction","target":{"@type":"EntryPoint","urlTemplate":"https:\/\/www.capri-matique.com\/client\/aprfae5\/?s={search_term_string}"},"query-input":"required name=search_term_string"}],"inLanguage":"fr-FR"},{"@type":"WebPage","@id":"https:\/\/www.capri-matique.com\/client\/aprfae5\/les-droits-a-la-sante\/#webpage","url":"https:\/\/www.capri-matique.com\/client\/aprfae5\/les-droits-a-la-sante\/","name":"Les droits \u00e0 la sant\u00e9 - Association de personnes retrait\u00e9es de la FAE","isPartOf":{"@id":"https:\/\/www.capri-matique.com\/client\/aprfae5\/#website"},"datePublished":"2020-05-04T19:36:54+00:00","dateModified":"2020-05-04T19:42:09+00:00","author":{"@id":"https:\/\/www.capri-matique.com\/client\/aprfae5\/#\/schema\/person\/d49ddfd2ee6ceb42ef2fbcdda1753954"},"breadcrumb":{"@id":"https:\/\/www.capri-matique.com\/client\/aprfae5\/les-droits-a-la-sante\/#breadcrumb"},"inLanguage":"fr-FR","potentialAction":[{"@type":"ReadAction","target":["https:\/\/www.capri-matique.com\/client\/aprfae5\/les-droits-a-la-sante\/"]}]},{"@type":"BreadcrumbList","@id":"https:\/\/www.capri-matique.com\/client\/aprfae5\/les-droits-a-la-sante\/#breadcrumb","itemListElement":[{"@type":"ListItem","position":1,"name":"Accueil","item":"https:\/\/www.capri-matique.com\/client\/aprfae5\/"},{"@type":"ListItem","position":2,"name":"Les droits \u00e0 la sant\u00e9"}]},{"@type":"Person","@id":"https:\/\/www.capri-matique.com\/client\/aprfae5\/#\/schema\/person\/d49ddfd2ee6ceb42ef2fbcdda1753954","name":"Chantal Couture","url":"https:\/\/www.capri-matique.com\/client\/aprfae5\/author\/chantal-couture\/"}]}},"_links":{"self":[{"href":"https:\/\/www.capri-matique.com\/client\/aprfae5\/wp-json\/wp\/v2\/posts\/6310","targetHints":{"allow":["GET"]}}],"collection":[{"href":"https:\/\/www.capri-matique.com\/client\/aprfae5\/wp-json\/wp\/v2\/posts"}],"about":[{"href":"https:\/\/www.capri-matique.com\/client\/aprfae5\/wp-json\/wp\/v2\/types\/post"}],"author":[{"embeddable":true,"href":"https:\/\/www.capri-matique.com\/client\/aprfae5\/wp-json\/wp\/v2\/users\/2"}],"replies":[{"embeddable":true,"href":"https:\/\/www.capri-matique.com\/client\/aprfae5\/wp-json\/wp\/v2\/comments?post=6310"}],"version-history":[{"count":4,"href":"https:\/\/www.capri-matique.com\/client\/aprfae5\/wp-json\/wp\/v2\/posts\/6310\/revisions"}],"predecessor-version":[{"id":6315,"href":"https:\/\/www.capri-matique.com\/client\/aprfae5\/wp-json\/wp\/v2\/posts\/6310\/revisions\/6315"}],"wp:attachment":[{"href":"https:\/\/www.capri-matique.com\/client\/aprfae5\/wp-json\/wp\/v2\/media?parent=6310"}],"wp:term":[{"taxonomy":"category","embeddable":true,"href":"https:\/\/www.capri-matique.com\/client\/aprfae5\/wp-json\/wp\/v2\/categories?post=6310"},{"taxonomy":"post_tag","embeddable":true,"href":"https:\/\/www.capri-matique.com\/client\/aprfae5\/wp-json\/wp\/v2\/tags?post=6310"}],"curies":[{"name":"wp","href":"https:\/\/api.w.org\/{rel}","templated":true}]}}