{"id":6290,"date":"2020-05-04T12:05:54","date_gmt":"2020-05-04T16:05:54","guid":{"rendered":"https:\/\/capri-matique.com\/client\/aprfae5\/?p=6290"},"modified":"2020-05-04T12:08:14","modified_gmt":"2020-05-04T16:08:14","slug":"journee-internationale-des-travailleuses-et-des-travailleurs","status":"publish","type":"post","link":"https:\/\/www.capri-matique.com\/client\/aprfae5\/journee-internationale-des-travailleuses-et-des-travailleurs\/","title":{"rendered":"Journ\u00e9e internationale des travailleuses et des travailleurs"},"content":{"rendered":"<p style=\"text-align: justify;\">Les c\u00e9l\u00e9brations entourant le 1er mai seront cette ann\u00e9e atypiques. C&#8217;est le moins qu&#8217;on puisse dire, alors que les deux tiers de la plan\u00e8te c\u00e9l\u00e9breront hors de leur lieu de travail, confinement oblige. Une f\u00eate du t\u00e9l\u00e9travail, bien am\u00e8re pour les personnes qui ont momentan\u00e9ment perdu leur emploi.<\/p>\n<p style=\"text-align: justify;\">Quelques constats commencent \u00e0 se d\u00e9gager de cette crise. Notamment, les pays qui s&#8217;en sortent le mieux du point de vue \u00e9conomique sont ceux qui pouvaient d\u00e9j\u00e0 compter sur un filet social et des programmes de redistribution de la richesse d\u00e9velopp\u00e9s. Jamais la solidarit\u00e9 n\u2019aura \u00e9t\u00e9 aussi importante. On comprend aujourd\u2019hui, plus que jamais, tout le sens de ce mot ainsi que la n\u00e9cessit\u00e9 de prot\u00e9ger ces programmes.<\/p>\n<p style=\"text-align: justify;\">Nous profitons de cette journ\u00e9e pour saluer les travailleurs au front depuis le d\u00e9but de la crise : le personnel soignant ainsi que tous les travailleurs essentiels qui se d\u00e9vouent pour que bient\u00f4t, tout revienne \u00e0 la normale!<\/p>\n","protected":false},"excerpt":{"rendered":"<p>Les c\u00e9l\u00e9brations entourant le 1er mai seront cette ann\u00e9e atypiques. C&#8217;est le moins qu&#8217;on puisse dire, alors que les deux tiers de la plan\u00e8te c\u00e9l\u00e9breront hors de leur lieu de travail, confinement oblige. Une f\u00eate du t\u00e9l\u00e9travail, bien am\u00e8re pour les personnes qui ont momentan\u00e9ment perdu leur emploi. Quelques constats commencent \u00e0 se d\u00e9gager de &hellip;<\/p>\n","protected":false},"author":2,"featured_media":0,"comment_status":"closed","ping_status":"open","sticky":false,"template":"","format":"standard","meta":{"footnotes":""},"categories":[1],"tags":[],"class_list":["post-6290","post","type-post","status-publish","format-standard","hentry","category-uncategorized"],"yoast_head":"<!-- This site is optimized with the Yoast SEO plugin v17.3 - https:\/\/yoast.com\/wordpress\/plugins\/seo\/ -->\n<title>Journ\u00e9e internationale des travailleuses et des travailleurs - Association de personnes retrait\u00e9es de la FAE<\/title>\n<meta name=\"robots\" content=\"noindex, follow, max-snippet:-1, max-image-preview:large, max-video-preview:-1\" \/>\n<meta property=\"og:locale\" content=\"fr_FR\" \/>\n<meta property=\"og:type\" content=\"article\" \/>\n<meta property=\"og:title\" content=\"Journ\u00e9e internationale des travailleuses et des travailleurs - Association de personnes retrait\u00e9es de la FAE\" \/>\n<meta property=\"og:description\" content=\"Les c\u00e9l\u00e9brations entourant le 1er mai seront cette ann\u00e9e atypiques. C&#8217;est le moins qu&#8217;on puisse dire, alors que les deux tiers de la plan\u00e8te c\u00e9l\u00e9breront hors de leur lieu de travail, confinement oblige. Une f\u00eate du t\u00e9l\u00e9travail, bien am\u00e8re pour les personnes qui ont momentan\u00e9ment perdu leur emploi. Quelques constats commencent \u00e0 se d\u00e9gager de &hellip;\" \/>\n<meta property=\"og:url\" content=\"https:\/\/www.capri-matique.com\/client\/aprfae5\/journee-internationale-des-travailleuses-et-des-travailleurs\/\" \/>\n<meta property=\"og:site_name\" content=\"Association de personnes retrait\u00e9es de la FAE\" \/>\n<meta property=\"article:published_time\" content=\"2020-05-04T16:05:54+00:00\" \/>\n<meta property=\"article:modified_time\" content=\"2020-05-04T16:08:14+00:00\" \/>\n<meta name=\"twitter:card\" content=\"summary\" \/>\n<meta name=\"twitter:label1\" content=\"\u00c9crit par\" \/>\n\t<meta name=\"twitter:data1\" content=\"Chantal Couture\" \/>\n\t<meta name=\"twitter:label2\" content=\"Dur\u00e9e de lecture estim\u00e9e\" \/>\n\t<meta name=\"twitter:data2\" content=\"1 minute\" \/>\n<script type=\"application\/ld+json\" class=\"yoast-schema-graph\">{\"@context\":\"https:\/\/schema.org\",\"@graph\":[{\"@type\":\"WebSite\",\"@id\":\"https:\/\/www.capri-matique.com\/client\/aprfae5\/#website\",\"url\":\"https:\/\/www.capri-matique.com\/client\/aprfae5\/\",\"name\":\"Association de personnes retrait\\u00e9es de la FAE\",\"description\":\"L&#039;association qui nous unit\",\"potentialAction\":[{\"@type\":\"SearchAction\",\"target\":{\"@type\":\"EntryPoint\",\"urlTemplate\":\"https:\/\/www.capri-matique.com\/client\/aprfae5\/?s={search_term_string}\"},\"query-input\":\"required name=search_term_string\"}],\"inLanguage\":\"fr-FR\"},{\"@type\":\"WebPage\",\"@id\":\"https:\/\/www.capri-matique.com\/client\/aprfae5\/journee-internationale-des-travailleuses-et-des-travailleurs\/#webpage\",\"url\":\"https:\/\/www.capri-matique.com\/client\/aprfae5\/journee-internationale-des-travailleuses-et-des-travailleurs\/\",\"name\":\"Journ\\u00e9e internationale des travailleuses et des travailleurs - Association de personnes retrait\\u00e9es de la FAE\",\"isPartOf\":{\"@id\":\"https:\/\/www.capri-matique.com\/client\/aprfae5\/#website\"},\"datePublished\":\"2020-05-04T16:05:54+00:00\",\"dateModified\":\"2020-05-04T16:08:14+00:00\",\"author\":{\"@id\":\"https:\/\/www.capri-matique.com\/client\/aprfae5\/#\/schema\/person\/d49ddfd2ee6ceb42ef2fbcdda1753954\"},\"breadcrumb\":{\"@id\":\"https:\/\/www.capri-matique.com\/client\/aprfae5\/journee-internationale-des-travailleuses-et-des-travailleurs\/#breadcrumb\"},\"inLanguage\":\"fr-FR\",\"potentialAction\":[{\"@type\":\"ReadAction\",\"target\":[\"https:\/\/www.capri-matique.com\/client\/aprfae5\/journee-internationale-des-travailleuses-et-des-travailleurs\/\"]}]},{\"@type\":\"BreadcrumbList\",\"@id\":\"https:\/\/www.capri-matique.com\/client\/aprfae5\/journee-internationale-des-travailleuses-et-des-travailleurs\/#breadcrumb\",\"itemListElement\":[{\"@type\":\"ListItem\",\"position\":1,\"name\":\"Accueil\",\"item\":\"https:\/\/www.capri-matique.com\/client\/aprfae5\/\"},{\"@type\":\"ListItem\",\"position\":2,\"name\":\"Journ\\u00e9e internationale des travailleuses et des travailleurs\"}]},{\"@type\":\"Person\",\"@id\":\"https:\/\/www.capri-matique.com\/client\/aprfae5\/#\/schema\/person\/d49ddfd2ee6ceb42ef2fbcdda1753954\",\"name\":\"Chantal Couture\",\"url\":\"https:\/\/www.capri-matique.com\/client\/aprfae5\/author\/chantal-couture\/\"}]}<\/script>\n<!-- \/ Yoast SEO plugin. -->","yoast_head_json":{"title":"Journ\u00e9e internationale des travailleuses et des travailleurs - Association de personnes retrait\u00e9es de la FAE","robots":{"index":"noindex","follow":"follow","max-snippet":"max-snippet:-1","max-image-preview":"max-image-preview:large","max-video-preview":"max-video-preview:-1"},"og_locale":"fr_FR","og_type":"article","og_title":"Journ\u00e9e internationale des travailleuses et des travailleurs - Association de personnes retrait\u00e9es de la FAE","og_description":"Les c\u00e9l\u00e9brations entourant le 1er mai seront cette ann\u00e9e atypiques. C&#8217;est le moins qu&#8217;on puisse dire, alors que les deux tiers de la plan\u00e8te c\u00e9l\u00e9breront hors de leur lieu de travail, confinement oblige. Une f\u00eate du t\u00e9l\u00e9travail, bien am\u00e8re pour les personnes qui ont momentan\u00e9ment perdu leur emploi. Quelques constats commencent \u00e0 se d\u00e9gager de &hellip;","og_url":"https:\/\/www.capri-matique.com\/client\/aprfae5\/journee-internationale-des-travailleuses-et-des-travailleurs\/","og_site_name":"Association de personnes retrait\u00e9es de la FAE","article_published_time":"2020-05-04T16:05:54+00:00","article_modified_time":"2020-05-04T16:08:14+00:00","twitter_card":"summary","twitter_misc":{"\u00c9crit par":"Chantal Couture","Dur\u00e9e de lecture estim\u00e9e":"1 minute"},"schema":{"@context":"https:\/\/schema.org","@graph":[{"@type":"WebSite","@id":"https:\/\/www.capri-matique.com\/client\/aprfae5\/#website","url":"https:\/\/www.capri-matique.com\/client\/aprfae5\/","name":"Association de personnes retrait\u00e9es de la FAE","description":"L&#039;association qui nous unit","potentialAction":[{"@type":"SearchAction","target":{"@type":"EntryPoint","urlTemplate":"https:\/\/www.capri-matique.com\/client\/aprfae5\/?s={search_term_string}"},"query-input":"required name=search_term_string"}],"inLanguage":"fr-FR"},{"@type":"WebPage","@id":"https:\/\/www.capri-matique.com\/client\/aprfae5\/journee-internationale-des-travailleuses-et-des-travailleurs\/#webpage","url":"https:\/\/www.capri-matique.com\/client\/aprfae5\/journee-internationale-des-travailleuses-et-des-travailleurs\/","name":"Journ\u00e9e internationale des travailleuses et des travailleurs - Association de personnes retrait\u00e9es de la FAE","isPartOf":{"@id":"https:\/\/www.capri-matique.com\/client\/aprfae5\/#website"},"datePublished":"2020-05-04T16:05:54+00:00","dateModified":"2020-05-04T16:08:14+00:00","author":{"@id":"https:\/\/www.capri-matique.com\/client\/aprfae5\/#\/schema\/person\/d49ddfd2ee6ceb42ef2fbcdda1753954"},"breadcrumb":{"@id":"https:\/\/www.capri-matique.com\/client\/aprfae5\/journee-internationale-des-travailleuses-et-des-travailleurs\/#breadcrumb"},"inLanguage":"fr-FR","potentialAction":[{"@type":"ReadAction","target":["https:\/\/www.capri-matique.com\/client\/aprfae5\/journee-internationale-des-travailleuses-et-des-travailleurs\/"]}]},{"@type":"BreadcrumbList","@id":"https:\/\/www.capri-matique.com\/client\/aprfae5\/journee-internationale-des-travailleuses-et-des-travailleurs\/#breadcrumb","itemListElement":[{"@type":"ListItem","position":1,"name":"Accueil","item":"https:\/\/www.capri-matique.com\/client\/aprfae5\/"},{"@type":"ListItem","position":2,"name":"Journ\u00e9e internationale des travailleuses et des travailleurs"}]},{"@type":"Person","@id":"https:\/\/www.capri-matique.com\/client\/aprfae5\/#\/schema\/person\/d49ddfd2ee6ceb42ef2fbcdda1753954","name":"Chantal Couture","url":"https:\/\/www.capri-matique.com\/client\/aprfae5\/author\/chantal-couture\/"}]}},"_links":{"self":[{"href":"https:\/\/www.capri-matique.com\/client\/aprfae5\/wp-json\/wp\/v2\/posts\/6290","targetHints":{"allow":["GET"]}}],"collection":[{"href":"https:\/\/www.capri-matique.com\/client\/aprfae5\/wp-json\/wp\/v2\/posts"}],"about":[{"href":"https:\/\/www.capri-matique.com\/client\/aprfae5\/wp-json\/wp\/v2\/types\/post"}],"author":[{"embeddable":true,"href":"https:\/\/www.capri-matique.com\/client\/aprfae5\/wp-json\/wp\/v2\/users\/2"}],"replies":[{"embeddable":true,"href":"https:\/\/www.capri-matique.com\/client\/aprfae5\/wp-json\/wp\/v2\/comments?post=6290"}],"version-history":[{"count":2,"href":"https:\/\/www.capri-matique.com\/client\/aprfae5\/wp-json\/wp\/v2\/posts\/6290\/revisions"}],"predecessor-version":[{"id":6292,"href":"https:\/\/www.capri-matique.com\/client\/aprfae5\/wp-json\/wp\/v2\/posts\/6290\/revisions\/6292"}],"wp:attachment":[{"href":"https:\/\/www.capri-matique.com\/client\/aprfae5\/wp-json\/wp\/v2\/media?parent=6290"}],"wp:term":[{"taxonomy":"category","embeddable":true,"href":"https:\/\/www.capri-matique.com\/client\/aprfae5\/wp-json\/wp\/v2\/categories?post=6290"},{"taxonomy":"post_tag","embeddable":true,"href":"https:\/\/www.capri-matique.com\/client\/aprfae5\/wp-json\/wp\/v2\/tags?post=6290"}],"curies":[{"name":"wp","href":"https:\/\/api.w.org\/{rel}","templated":true}]}}