{"id":6188,"date":"2020-04-18T11:25:54","date_gmt":"2020-04-18T15:25:54","guid":{"rendered":"https:\/\/capri-matique.com\/client\/aprfae5\/?p=6188"},"modified":"2020-04-18T11:28:14","modified_gmt":"2020-04-18T15:28:14","slug":"la-capitale-assurances-generales-offre-une-remise-a-ses-clients","status":"publish","type":"post","link":"https:\/\/www.capri-matique.com\/client\/aprfae5\/la-capitale-assurances-generales-offre-une-remise-a-ses-clients\/","title":{"rendered":"La Capitale offre une remise \u00e0 tous ses clients en assurance automobile"},"content":{"rendered":"<p>Depuis le 7 avril dernier, La Capitale &#8211; Assurance et services financiers offre \u00e0 tous ses clients en assurance automobile une remise sur leurs primes d\u2019assurance de v\u00e9hicule de tourisme ou commercial. Le respect des mesures de confinement en lien avec la COVID-19 a un effet sur la fr\u00e9quence des accidents automobiles et il est normal que cette situation ait un impact sur les primes des assur\u00e9s. Cette mesure s\u2019applique \u00e0 tous les clients, qu\u2019ils aient ou non r\u00e9duit le kilom\u00e9trage qu\u2019ils parcourent habituellement.<\/p>\n<p><a href=\"https:\/\/capri-matique.com\/client\/aprfae5\/wp-content\/uploads\/2020\/04\/Communiqu\u00e9-La-Capitale-COVID-19-remise-auto.pdf\" target=\"_blank\" rel=\"noopener noreferrer\">Pour lire le communiqu\u00e9\u2026<\/a><\/p>\n","protected":false},"excerpt":{"rendered":"<p>Depuis le 7 avril dernier, La Capitale &#8211; Assurance et services financiers offre \u00e0 tous ses clients en assurance automobile une remise sur leurs primes d\u2019assurance de v\u00e9hicule de tourisme ou commercial. Le respect des mesures de confinement en lien avec la COVID-19 a un effet sur la fr\u00e9quence des accidents automobiles et il est &hellip;<\/p>\n","protected":false},"author":2,"featured_media":0,"comment_status":"closed","ping_status":"open","sticky":false,"template":"","format":"standard","meta":{"footnotes":""},"categories":[1],"tags":[],"class_list":["post-6188","post","type-post","status-publish","format-standard","hentry","category-uncategorized"],"yoast_head":"<!-- This site is optimized with the Yoast SEO plugin v17.3 - https:\/\/yoast.com\/wordpress\/plugins\/seo\/ -->\n<title>La Capitale offre une remise \u00e0 tous ses clients en assurance automobile - Association de personnes retrait\u00e9es de la FAE<\/title>\n<meta name=\"robots\" content=\"noindex, follow, max-snippet:-1, max-image-preview:large, max-video-preview:-1\" \/>\n<meta property=\"og:locale\" content=\"fr_FR\" \/>\n<meta property=\"og:type\" content=\"article\" \/>\n<meta property=\"og:title\" content=\"La Capitale offre une remise \u00e0 tous ses clients en assurance automobile - Association de personnes retrait\u00e9es de la FAE\" \/>\n<meta property=\"og:description\" content=\"Depuis le 7 avril dernier, La Capitale &#8211; Assurance et services financiers offre \u00e0 tous ses clients en assurance automobile une remise sur leurs primes d\u2019assurance de v\u00e9hicule de tourisme ou commercial. Le respect des mesures de confinement en lien avec la COVID-19 a un effet sur la fr\u00e9quence des accidents automobiles et il est &hellip;\" \/>\n<meta property=\"og:url\" content=\"https:\/\/www.capri-matique.com\/client\/aprfae5\/la-capitale-assurances-generales-offre-une-remise-a-ses-clients\/\" \/>\n<meta property=\"og:site_name\" content=\"Association de personnes retrait\u00e9es de la FAE\" \/>\n<meta property=\"article:published_time\" content=\"2020-04-18T15:25:54+00:00\" \/>\n<meta property=\"article:modified_time\" content=\"2020-04-18T15:28:14+00:00\" \/>\n<meta name=\"twitter:card\" content=\"summary\" \/>\n<meta name=\"twitter:label1\" content=\"\u00c9crit par\" \/>\n\t<meta name=\"twitter:data1\" content=\"Chantal Couture\" \/>\n<script type=\"application\/ld+json\" class=\"yoast-schema-graph\">{\"@context\":\"https:\/\/schema.org\",\"@graph\":[{\"@type\":\"WebSite\",\"@id\":\"https:\/\/www.capri-matique.com\/client\/aprfae5\/#website\",\"url\":\"https:\/\/www.capri-matique.com\/client\/aprfae5\/\",\"name\":\"Association de personnes retrait\\u00e9es de la FAE\",\"description\":\"L&#039;association qui nous unit\",\"potentialAction\":[{\"@type\":\"SearchAction\",\"target\":{\"@type\":\"EntryPoint\",\"urlTemplate\":\"https:\/\/www.capri-matique.com\/client\/aprfae5\/?s={search_term_string}\"},\"query-input\":\"required name=search_term_string\"}],\"inLanguage\":\"fr-FR\"},{\"@type\":\"WebPage\",\"@id\":\"https:\/\/www.capri-matique.com\/client\/aprfae5\/la-capitale-assurances-generales-offre-une-remise-a-ses-clients\/#webpage\",\"url\":\"https:\/\/www.capri-matique.com\/client\/aprfae5\/la-capitale-assurances-generales-offre-une-remise-a-ses-clients\/\",\"name\":\"La Capitale offre une remise \\u00e0 tous ses clients en assurance automobile - Association de personnes retrait\\u00e9es de la FAE\",\"isPartOf\":{\"@id\":\"https:\/\/www.capri-matique.com\/client\/aprfae5\/#website\"},\"datePublished\":\"2020-04-18T15:25:54+00:00\",\"dateModified\":\"2020-04-18T15:28:14+00:00\",\"author\":{\"@id\":\"https:\/\/www.capri-matique.com\/client\/aprfae5\/#\/schema\/person\/d49ddfd2ee6ceb42ef2fbcdda1753954\"},\"breadcrumb\":{\"@id\":\"https:\/\/www.capri-matique.com\/client\/aprfae5\/la-capitale-assurances-generales-offre-une-remise-a-ses-clients\/#breadcrumb\"},\"inLanguage\":\"fr-FR\",\"potentialAction\":[{\"@type\":\"ReadAction\",\"target\":[\"https:\/\/www.capri-matique.com\/client\/aprfae5\/la-capitale-assurances-generales-offre-une-remise-a-ses-clients\/\"]}]},{\"@type\":\"BreadcrumbList\",\"@id\":\"https:\/\/www.capri-matique.com\/client\/aprfae5\/la-capitale-assurances-generales-offre-une-remise-a-ses-clients\/#breadcrumb\",\"itemListElement\":[{\"@type\":\"ListItem\",\"position\":1,\"name\":\"Accueil\",\"item\":\"https:\/\/www.capri-matique.com\/client\/aprfae5\/\"},{\"@type\":\"ListItem\",\"position\":2,\"name\":\"La Capitale offre une remise \\u00e0 tous ses clients en assurance automobile\"}]},{\"@type\":\"Person\",\"@id\":\"https:\/\/www.capri-matique.com\/client\/aprfae5\/#\/schema\/person\/d49ddfd2ee6ceb42ef2fbcdda1753954\",\"name\":\"Chantal Couture\",\"url\":\"https:\/\/www.capri-matique.com\/client\/aprfae5\/author\/chantal-couture\/\"}]}<\/script>\n<!-- \/ Yoast SEO plugin. -->","yoast_head_json":{"title":"La Capitale offre une remise \u00e0 tous ses clients en assurance automobile - Association de personnes retrait\u00e9es de la FAE","robots":{"index":"noindex","follow":"follow","max-snippet":"max-snippet:-1","max-image-preview":"max-image-preview:large","max-video-preview":"max-video-preview:-1"},"og_locale":"fr_FR","og_type":"article","og_title":"La Capitale offre une remise \u00e0 tous ses clients en assurance automobile - Association de personnes retrait\u00e9es de la FAE","og_description":"Depuis le 7 avril dernier, La Capitale &#8211; Assurance et services financiers offre \u00e0 tous ses clients en assurance automobile une remise sur leurs primes d\u2019assurance de v\u00e9hicule de tourisme ou commercial. Le respect des mesures de confinement en lien avec la COVID-19 a un effet sur la fr\u00e9quence des accidents automobiles et il est &hellip;","og_url":"https:\/\/www.capri-matique.com\/client\/aprfae5\/la-capitale-assurances-generales-offre-une-remise-a-ses-clients\/","og_site_name":"Association de personnes retrait\u00e9es de la FAE","article_published_time":"2020-04-18T15:25:54+00:00","article_modified_time":"2020-04-18T15:28:14+00:00","twitter_card":"summary","twitter_misc":{"\u00c9crit par":"Chantal Couture"},"schema":{"@context":"https:\/\/schema.org","@graph":[{"@type":"WebSite","@id":"https:\/\/www.capri-matique.com\/client\/aprfae5\/#website","url":"https:\/\/www.capri-matique.com\/client\/aprfae5\/","name":"Association de personnes retrait\u00e9es de la FAE","description":"L&#039;association qui nous unit","potentialAction":[{"@type":"SearchAction","target":{"@type":"EntryPoint","urlTemplate":"https:\/\/www.capri-matique.com\/client\/aprfae5\/?s={search_term_string}"},"query-input":"required name=search_term_string"}],"inLanguage":"fr-FR"},{"@type":"WebPage","@id":"https:\/\/www.capri-matique.com\/client\/aprfae5\/la-capitale-assurances-generales-offre-une-remise-a-ses-clients\/#webpage","url":"https:\/\/www.capri-matique.com\/client\/aprfae5\/la-capitale-assurances-generales-offre-une-remise-a-ses-clients\/","name":"La Capitale offre une remise \u00e0 tous ses clients en assurance automobile - Association de personnes retrait\u00e9es de la FAE","isPartOf":{"@id":"https:\/\/www.capri-matique.com\/client\/aprfae5\/#website"},"datePublished":"2020-04-18T15:25:54+00:00","dateModified":"2020-04-18T15:28:14+00:00","author":{"@id":"https:\/\/www.capri-matique.com\/client\/aprfae5\/#\/schema\/person\/d49ddfd2ee6ceb42ef2fbcdda1753954"},"breadcrumb":{"@id":"https:\/\/www.capri-matique.com\/client\/aprfae5\/la-capitale-assurances-generales-offre-une-remise-a-ses-clients\/#breadcrumb"},"inLanguage":"fr-FR","potentialAction":[{"@type":"ReadAction","target":["https:\/\/www.capri-matique.com\/client\/aprfae5\/la-capitale-assurances-generales-offre-une-remise-a-ses-clients\/"]}]},{"@type":"BreadcrumbList","@id":"https:\/\/www.capri-matique.com\/client\/aprfae5\/la-capitale-assurances-generales-offre-une-remise-a-ses-clients\/#breadcrumb","itemListElement":[{"@type":"ListItem","position":1,"name":"Accueil","item":"https:\/\/www.capri-matique.com\/client\/aprfae5\/"},{"@type":"ListItem","position":2,"name":"La Capitale offre une remise \u00e0 tous ses clients en assurance automobile"}]},{"@type":"Person","@id":"https:\/\/www.capri-matique.com\/client\/aprfae5\/#\/schema\/person\/d49ddfd2ee6ceb42ef2fbcdda1753954","name":"Chantal Couture","url":"https:\/\/www.capri-matique.com\/client\/aprfae5\/author\/chantal-couture\/"}]}},"_links":{"self":[{"href":"https:\/\/www.capri-matique.com\/client\/aprfae5\/wp-json\/wp\/v2\/posts\/6188","targetHints":{"allow":["GET"]}}],"collection":[{"href":"https:\/\/www.capri-matique.com\/client\/aprfae5\/wp-json\/wp\/v2\/posts"}],"about":[{"href":"https:\/\/www.capri-matique.com\/client\/aprfae5\/wp-json\/wp\/v2\/types\/post"}],"author":[{"embeddable":true,"href":"https:\/\/www.capri-matique.com\/client\/aprfae5\/wp-json\/wp\/v2\/users\/2"}],"replies":[{"embeddable":true,"href":"https:\/\/www.capri-matique.com\/client\/aprfae5\/wp-json\/wp\/v2\/comments?post=6188"}],"version-history":[{"count":2,"href":"https:\/\/www.capri-matique.com\/client\/aprfae5\/wp-json\/wp\/v2\/posts\/6188\/revisions"}],"predecessor-version":[{"id":6190,"href":"https:\/\/www.capri-matique.com\/client\/aprfae5\/wp-json\/wp\/v2\/posts\/6188\/revisions\/6190"}],"wp:attachment":[{"href":"https:\/\/www.capri-matique.com\/client\/aprfae5\/wp-json\/wp\/v2\/media?parent=6188"}],"wp:term":[{"taxonomy":"category","embeddable":true,"href":"https:\/\/www.capri-matique.com\/client\/aprfae5\/wp-json\/wp\/v2\/categories?post=6188"},{"taxonomy":"post_tag","embeddable":true,"href":"https:\/\/www.capri-matique.com\/client\/aprfae5\/wp-json\/wp\/v2\/tags?post=6188"}],"curies":[{"name":"wp","href":"https:\/\/api.w.org\/{rel}","templated":true}]}}