{"id":5877,"date":"2020-04-01T08:41:32","date_gmt":"2020-04-01T12:41:32","guid":{"rendered":"https:\/\/capri-matique.com\/client\/aprfae5\/?p=5877"},"modified":"2020-04-01T09:28:57","modified_gmt":"2020-04-01T13:28:57","slug":"laprfae-vous-rappelle-limportance-de-respecter-les-consignes-de-sante-publique","status":"publish","type":"post","link":"https:\/\/www.capri-matique.com\/client\/aprfae5\/laprfae-vous-rappelle-limportance-de-respecter-les-consignes-de-sante-publique\/","title":{"rendered":"Respectez les consignes de sant\u00e9 publique !"},"content":{"rendered":"<p>Il est primordial de modifier nos comportements pour pratiquer la distanciation sociale pour tous, et la quarantaine pour celles et ceux qui pr\u00e9sentent des sympt\u00f4mes de la COVID-19 ou qui reviennent de voyage. Chaque geste compte!<\/p>\n<p>Pour des r\u00e9ponses \u00e0 vos questions au sujet de la pand\u00e9mie, consultez le site internet du <a href=\"https:\/\/www.quebec.ca\/sante\/problemes-de-sante\/a-z\/coronavirus-2019\/reponses-questions-coronavirus-covid19\/\" target=\"_blank\" rel=\"noopener noreferrer\">Minist\u00e8re de la Sant\u00e9 et des Services sociaux.\u00a0<\/a> En cas de doute quant \u00e0 votre \u00e9tat de sant\u00e9, appelez le 418\u00a0644-4545\u00a0pour la r\u00e9gion de Qu\u00e9bec, le\u00a0514\u00a0644-4545\u00a0pour la r\u00e9gion de Montr\u00e9al, le\u00a0450\u00a0644-4545\u00a0pour la r\u00e9gion de la Mont\u00e9r\u00e9gie, le\u00a0819\u00a0644-4545 pour la r\u00e9gion de l\u2019Outaouais ou\u00a0le 1 877 644-4545\u00a0(sans frais) ailleurs au Qu\u00e9bec.<\/p>\n<table>\n<tbody>\n<tr>\n<td width=\"575\">Nos bureaux sont pr\u00e9sentement ferm\u00e9s. Cependant, nous assurons les services aux membres &#8211; presque &#8211; comme \u00e0 l&#8217;habitude. Vous pouvez nous contacter pr\u00e9f\u00e9rablement par <a href=\"https:\/\/capri-matique.com\/client\/aprfae5\/pour-nous-joindre\/\" target=\"_blank\" rel=\"noopener noreferrer\">courriel<\/a>, une r\u00e9ponse vous sera achemin\u00e9e dans les meilleurs d\u00e9lais. Toutes nos activit\u00e9s culturelles sont annul\u00e9es jusqu&#8217;\u00e0 nouvel ordre.<\/td>\n<\/tr>\n<\/tbody>\n<\/table>\n","protected":false},"excerpt":{"rendered":"<p>Il est primordial de modifier nos comportements pour pratiquer la distanciation sociale pour tous, et la quarantaine pour celles et ceux qui pr\u00e9sentent des sympt\u00f4mes de la COVID-19 ou qui reviennent de voyage. Chaque geste compte! Pour des r\u00e9ponses \u00e0 vos questions au sujet de la pand\u00e9mie, consultez le site internet du Minist\u00e8re de la &hellip;<\/p>\n","protected":false},"author":2,"featured_media":0,"comment_status":"closed","ping_status":"open","sticky":false,"template":"","format":"standard","meta":{"footnotes":""},"categories":[1],"tags":[],"class_list":["post-5877","post","type-post","status-publish","format-standard","hentry","category-uncategorized"],"yoast_head":"<!-- This site is optimized with the Yoast SEO plugin v17.3 - https:\/\/yoast.com\/wordpress\/plugins\/seo\/ -->\n<title>Respectez les consignes de sant\u00e9 publique ! - Association de personnes retrait\u00e9es de la FAE<\/title>\n<meta name=\"robots\" content=\"noindex, follow, max-snippet:-1, max-image-preview:large, max-video-preview:-1\" \/>\n<meta property=\"og:locale\" content=\"fr_FR\" \/>\n<meta property=\"og:type\" content=\"article\" \/>\n<meta property=\"og:title\" content=\"Respectez les consignes de sant\u00e9 publique ! - Association de personnes retrait\u00e9es de la FAE\" \/>\n<meta property=\"og:description\" content=\"Il est primordial de modifier nos comportements pour pratiquer la distanciation sociale pour tous, et la quarantaine pour celles et ceux qui pr\u00e9sentent des sympt\u00f4mes de la COVID-19 ou qui reviennent de voyage. Chaque geste compte! Pour des r\u00e9ponses \u00e0 vos questions au sujet de la pand\u00e9mie, consultez le site internet du Minist\u00e8re de la &hellip;\" \/>\n<meta property=\"og:url\" content=\"https:\/\/www.capri-matique.com\/client\/aprfae5\/laprfae-vous-rappelle-limportance-de-respecter-les-consignes-de-sante-publique\/\" \/>\n<meta property=\"og:site_name\" content=\"Association de personnes retrait\u00e9es de la FAE\" \/>\n<meta property=\"article:published_time\" content=\"2020-04-01T12:41:32+00:00\" \/>\n<meta property=\"article:modified_time\" content=\"2020-04-01T13:28:57+00:00\" \/>\n<meta name=\"twitter:card\" content=\"summary\" \/>\n<meta name=\"twitter:label1\" content=\"\u00c9crit par\" \/>\n\t<meta name=\"twitter:data1\" content=\"Chantal Couture\" \/>\n\t<meta name=\"twitter:label2\" content=\"Dur\u00e9e de lecture estim\u00e9e\" \/>\n\t<meta name=\"twitter:data2\" content=\"1 minute\" \/>\n<script type=\"application\/ld+json\" class=\"yoast-schema-graph\">{\"@context\":\"https:\/\/schema.org\",\"@graph\":[{\"@type\":\"WebSite\",\"@id\":\"https:\/\/www.capri-matique.com\/client\/aprfae5\/#website\",\"url\":\"https:\/\/www.capri-matique.com\/client\/aprfae5\/\",\"name\":\"Association de personnes retrait\\u00e9es de la FAE\",\"description\":\"L&#039;association qui nous unit\",\"potentialAction\":[{\"@type\":\"SearchAction\",\"target\":{\"@type\":\"EntryPoint\",\"urlTemplate\":\"https:\/\/www.capri-matique.com\/client\/aprfae5\/?s={search_term_string}\"},\"query-input\":\"required name=search_term_string\"}],\"inLanguage\":\"fr-FR\"},{\"@type\":\"WebPage\",\"@id\":\"https:\/\/www.capri-matique.com\/client\/aprfae5\/laprfae-vous-rappelle-limportance-de-respecter-les-consignes-de-sante-publique\/#webpage\",\"url\":\"https:\/\/www.capri-matique.com\/client\/aprfae5\/laprfae-vous-rappelle-limportance-de-respecter-les-consignes-de-sante-publique\/\",\"name\":\"Respectez les consignes de sant\\u00e9 publique ! - Association de personnes retrait\\u00e9es de la FAE\",\"isPartOf\":{\"@id\":\"https:\/\/www.capri-matique.com\/client\/aprfae5\/#website\"},\"datePublished\":\"2020-04-01T12:41:32+00:00\",\"dateModified\":\"2020-04-01T13:28:57+00:00\",\"author\":{\"@id\":\"https:\/\/www.capri-matique.com\/client\/aprfae5\/#\/schema\/person\/d49ddfd2ee6ceb42ef2fbcdda1753954\"},\"breadcrumb\":{\"@id\":\"https:\/\/www.capri-matique.com\/client\/aprfae5\/laprfae-vous-rappelle-limportance-de-respecter-les-consignes-de-sante-publique\/#breadcrumb\"},\"inLanguage\":\"fr-FR\",\"potentialAction\":[{\"@type\":\"ReadAction\",\"target\":[\"https:\/\/www.capri-matique.com\/client\/aprfae5\/laprfae-vous-rappelle-limportance-de-respecter-les-consignes-de-sante-publique\/\"]}]},{\"@type\":\"BreadcrumbList\",\"@id\":\"https:\/\/www.capri-matique.com\/client\/aprfae5\/laprfae-vous-rappelle-limportance-de-respecter-les-consignes-de-sante-publique\/#breadcrumb\",\"itemListElement\":[{\"@type\":\"ListItem\",\"position\":1,\"name\":\"Accueil\",\"item\":\"https:\/\/www.capri-matique.com\/client\/aprfae5\/\"},{\"@type\":\"ListItem\",\"position\":2,\"name\":\"Respectez les consignes de sant\\u00e9 publique !\"}]},{\"@type\":\"Person\",\"@id\":\"https:\/\/www.capri-matique.com\/client\/aprfae5\/#\/schema\/person\/d49ddfd2ee6ceb42ef2fbcdda1753954\",\"name\":\"Chantal Couture\",\"url\":\"https:\/\/www.capri-matique.com\/client\/aprfae5\/author\/chantal-couture\/\"}]}<\/script>\n<!-- \/ Yoast SEO plugin. -->","yoast_head_json":{"title":"Respectez les consignes de sant\u00e9 publique ! - Association de personnes retrait\u00e9es de la FAE","robots":{"index":"noindex","follow":"follow","max-snippet":"max-snippet:-1","max-image-preview":"max-image-preview:large","max-video-preview":"max-video-preview:-1"},"og_locale":"fr_FR","og_type":"article","og_title":"Respectez les consignes de sant\u00e9 publique ! - Association de personnes retrait\u00e9es de la FAE","og_description":"Il est primordial de modifier nos comportements pour pratiquer la distanciation sociale pour tous, et la quarantaine pour celles et ceux qui pr\u00e9sentent des sympt\u00f4mes de la COVID-19 ou qui reviennent de voyage. Chaque geste compte! Pour des r\u00e9ponses \u00e0 vos questions au sujet de la pand\u00e9mie, consultez le site internet du Minist\u00e8re de la &hellip;","og_url":"https:\/\/www.capri-matique.com\/client\/aprfae5\/laprfae-vous-rappelle-limportance-de-respecter-les-consignes-de-sante-publique\/","og_site_name":"Association de personnes retrait\u00e9es de la FAE","article_published_time":"2020-04-01T12:41:32+00:00","article_modified_time":"2020-04-01T13:28:57+00:00","twitter_card":"summary","twitter_misc":{"\u00c9crit par":"Chantal Couture","Dur\u00e9e de lecture estim\u00e9e":"1 minute"},"schema":{"@context":"https:\/\/schema.org","@graph":[{"@type":"WebSite","@id":"https:\/\/www.capri-matique.com\/client\/aprfae5\/#website","url":"https:\/\/www.capri-matique.com\/client\/aprfae5\/","name":"Association de personnes retrait\u00e9es de la FAE","description":"L&#039;association qui nous unit","potentialAction":[{"@type":"SearchAction","target":{"@type":"EntryPoint","urlTemplate":"https:\/\/www.capri-matique.com\/client\/aprfae5\/?s={search_term_string}"},"query-input":"required name=search_term_string"}],"inLanguage":"fr-FR"},{"@type":"WebPage","@id":"https:\/\/www.capri-matique.com\/client\/aprfae5\/laprfae-vous-rappelle-limportance-de-respecter-les-consignes-de-sante-publique\/#webpage","url":"https:\/\/www.capri-matique.com\/client\/aprfae5\/laprfae-vous-rappelle-limportance-de-respecter-les-consignes-de-sante-publique\/","name":"Respectez les consignes de sant\u00e9 publique ! - Association de personnes retrait\u00e9es de la FAE","isPartOf":{"@id":"https:\/\/www.capri-matique.com\/client\/aprfae5\/#website"},"datePublished":"2020-04-01T12:41:32+00:00","dateModified":"2020-04-01T13:28:57+00:00","author":{"@id":"https:\/\/www.capri-matique.com\/client\/aprfae5\/#\/schema\/person\/d49ddfd2ee6ceb42ef2fbcdda1753954"},"breadcrumb":{"@id":"https:\/\/www.capri-matique.com\/client\/aprfae5\/laprfae-vous-rappelle-limportance-de-respecter-les-consignes-de-sante-publique\/#breadcrumb"},"inLanguage":"fr-FR","potentialAction":[{"@type":"ReadAction","target":["https:\/\/www.capri-matique.com\/client\/aprfae5\/laprfae-vous-rappelle-limportance-de-respecter-les-consignes-de-sante-publique\/"]}]},{"@type":"BreadcrumbList","@id":"https:\/\/www.capri-matique.com\/client\/aprfae5\/laprfae-vous-rappelle-limportance-de-respecter-les-consignes-de-sante-publique\/#breadcrumb","itemListElement":[{"@type":"ListItem","position":1,"name":"Accueil","item":"https:\/\/www.capri-matique.com\/client\/aprfae5\/"},{"@type":"ListItem","position":2,"name":"Respectez les consignes de sant\u00e9 publique !"}]},{"@type":"Person","@id":"https:\/\/www.capri-matique.com\/client\/aprfae5\/#\/schema\/person\/d49ddfd2ee6ceb42ef2fbcdda1753954","name":"Chantal Couture","url":"https:\/\/www.capri-matique.com\/client\/aprfae5\/author\/chantal-couture\/"}]}},"_links":{"self":[{"href":"https:\/\/www.capri-matique.com\/client\/aprfae5\/wp-json\/wp\/v2\/posts\/5877","targetHints":{"allow":["GET"]}}],"collection":[{"href":"https:\/\/www.capri-matique.com\/client\/aprfae5\/wp-json\/wp\/v2\/posts"}],"about":[{"href":"https:\/\/www.capri-matique.com\/client\/aprfae5\/wp-json\/wp\/v2\/types\/post"}],"author":[{"embeddable":true,"href":"https:\/\/www.capri-matique.com\/client\/aprfae5\/wp-json\/wp\/v2\/users\/2"}],"replies":[{"embeddable":true,"href":"https:\/\/www.capri-matique.com\/client\/aprfae5\/wp-json\/wp\/v2\/comments?post=5877"}],"version-history":[{"count":2,"href":"https:\/\/www.capri-matique.com\/client\/aprfae5\/wp-json\/wp\/v2\/posts\/5877\/revisions"}],"predecessor-version":[{"id":5888,"href":"https:\/\/www.capri-matique.com\/client\/aprfae5\/wp-json\/wp\/v2\/posts\/5877\/revisions\/5888"}],"wp:attachment":[{"href":"https:\/\/www.capri-matique.com\/client\/aprfae5\/wp-json\/wp\/v2\/media?parent=5877"}],"wp:term":[{"taxonomy":"category","embeddable":true,"href":"https:\/\/www.capri-matique.com\/client\/aprfae5\/wp-json\/wp\/v2\/categories?post=5877"},{"taxonomy":"post_tag","embeddable":true,"href":"https:\/\/www.capri-matique.com\/client\/aprfae5\/wp-json\/wp\/v2\/tags?post=5877"}],"curies":[{"name":"wp","href":"https:\/\/api.w.org\/{rel}","templated":true}]}}