{"id":5680,"date":"2020-03-13T10:33:45","date_gmt":"2020-03-13T14:33:45","guid":{"rendered":"https:\/\/capri-matique.com\/client\/aprfae5\/?p=5680"},"modified":"2020-03-13T10:34:22","modified_gmt":"2020-03-13T14:34:22","slug":"signez-la-petition","status":"publish","type":"post","link":"https:\/\/www.capri-matique.com\/client\/aprfae5\/signez-la-petition\/","title":{"rendered":"Signez la p\u00e9tition !"},"content":{"rendered":"<p style=\"text-align: justify;\">Le premier ministre veut imposer deux ou trois jours de formation sur les &#8220;20 jours de cong\u00e9&#8221; des enseignants. Face \u00e0 ce nouvel affront qui contribue \u00e0 d\u00e9valoriser la profession enseignante, les profs exigent des excuses publiques du premier ministre Fran\u00e7ois Legault. Il est, de plus, invit\u00e9 \u00e0 actualiser sa connaissance du travail des enseignantes et enseignants. Donnez un coup de pouce aux profs en signant la p\u00e9tition. Il suffit de <a href=\"https:\/\/www.lafae.qc.ca\/actualites\/signez-la-petition\/\" target=\"_blank\" rel=\"noopener noreferrer\">cliquer ici<\/a> pour remplir le formulaire. (\u00c0 la case Syndicat local, il faut choisir APRFAE dans le menu d\u00e9roulant).<\/p>\n","protected":false},"excerpt":{"rendered":"<p>Le premier ministre veut imposer deux ou trois jours de formation sur les &#8220;20 jours de cong\u00e9&#8221; des enseignants. Face \u00e0 ce nouvel affront qui contribue \u00e0 d\u00e9valoriser la profession enseignante, les profs exigent des excuses publiques du premier ministre Fran\u00e7ois Legault. Il est, de plus, invit\u00e9 \u00e0 actualiser sa connaissance du travail des enseignantes &hellip;<\/p>\n","protected":false},"author":2,"featured_media":0,"comment_status":"closed","ping_status":"open","sticky":false,"template":"","format":"standard","meta":{"footnotes":""},"categories":[1],"tags":[],"class_list":["post-5680","post","type-post","status-publish","format-standard","hentry","category-uncategorized"],"yoast_head":"<!-- This site is optimized with the Yoast SEO plugin v17.3 - https:\/\/yoast.com\/wordpress\/plugins\/seo\/ -->\n<title>Signez la p\u00e9tition ! - Association de personnes retrait\u00e9es de la FAE<\/title>\n<meta name=\"robots\" content=\"noindex, follow, max-snippet:-1, max-image-preview:large, max-video-preview:-1\" \/>\n<meta property=\"og:locale\" content=\"fr_FR\" \/>\n<meta property=\"og:type\" content=\"article\" \/>\n<meta property=\"og:title\" content=\"Signez la p\u00e9tition ! - Association de personnes retrait\u00e9es de la FAE\" \/>\n<meta property=\"og:description\" content=\"Le premier ministre veut imposer deux ou trois jours de formation sur les &#8220;20 jours de cong\u00e9&#8221; des enseignants. Face \u00e0 ce nouvel affront qui contribue \u00e0 d\u00e9valoriser la profession enseignante, les profs exigent des excuses publiques du premier ministre Fran\u00e7ois Legault. Il est, de plus, invit\u00e9 \u00e0 actualiser sa connaissance du travail des enseignantes &hellip;\" \/>\n<meta property=\"og:url\" content=\"https:\/\/www.capri-matique.com\/client\/aprfae5\/signez-la-petition\/\" \/>\n<meta property=\"og:site_name\" content=\"Association de personnes retrait\u00e9es de la FAE\" \/>\n<meta property=\"article:published_time\" content=\"2020-03-13T14:33:45+00:00\" \/>\n<meta property=\"article:modified_time\" content=\"2020-03-13T14:34:22+00:00\" \/>\n<meta name=\"twitter:card\" content=\"summary\" \/>\n<meta name=\"twitter:label1\" content=\"\u00c9crit par\" \/>\n\t<meta name=\"twitter:data1\" content=\"Chantal Couture\" \/>\n<script type=\"application\/ld+json\" class=\"yoast-schema-graph\">{\"@context\":\"https:\/\/schema.org\",\"@graph\":[{\"@type\":\"WebSite\",\"@id\":\"https:\/\/www.capri-matique.com\/client\/aprfae5\/#website\",\"url\":\"https:\/\/www.capri-matique.com\/client\/aprfae5\/\",\"name\":\"Association de personnes retrait\\u00e9es de la FAE\",\"description\":\"L&#039;association qui nous unit\",\"potentialAction\":[{\"@type\":\"SearchAction\",\"target\":{\"@type\":\"EntryPoint\",\"urlTemplate\":\"https:\/\/www.capri-matique.com\/client\/aprfae5\/?s={search_term_string}\"},\"query-input\":\"required name=search_term_string\"}],\"inLanguage\":\"fr-FR\"},{\"@type\":\"WebPage\",\"@id\":\"https:\/\/www.capri-matique.com\/client\/aprfae5\/signez-la-petition\/#webpage\",\"url\":\"https:\/\/www.capri-matique.com\/client\/aprfae5\/signez-la-petition\/\",\"name\":\"Signez la p\\u00e9tition ! - Association de personnes retrait\\u00e9es de la FAE\",\"isPartOf\":{\"@id\":\"https:\/\/www.capri-matique.com\/client\/aprfae5\/#website\"},\"datePublished\":\"2020-03-13T14:33:45+00:00\",\"dateModified\":\"2020-03-13T14:34:22+00:00\",\"author\":{\"@id\":\"https:\/\/www.capri-matique.com\/client\/aprfae5\/#\/schema\/person\/d49ddfd2ee6ceb42ef2fbcdda1753954\"},\"breadcrumb\":{\"@id\":\"https:\/\/www.capri-matique.com\/client\/aprfae5\/signez-la-petition\/#breadcrumb\"},\"inLanguage\":\"fr-FR\",\"potentialAction\":[{\"@type\":\"ReadAction\",\"target\":[\"https:\/\/www.capri-matique.com\/client\/aprfae5\/signez-la-petition\/\"]}]},{\"@type\":\"BreadcrumbList\",\"@id\":\"https:\/\/www.capri-matique.com\/client\/aprfae5\/signez-la-petition\/#breadcrumb\",\"itemListElement\":[{\"@type\":\"ListItem\",\"position\":1,\"name\":\"Accueil\",\"item\":\"https:\/\/www.capri-matique.com\/client\/aprfae5\/\"},{\"@type\":\"ListItem\",\"position\":2,\"name\":\"Signez la p\\u00e9tition !\"}]},{\"@type\":\"Person\",\"@id\":\"https:\/\/www.capri-matique.com\/client\/aprfae5\/#\/schema\/person\/d49ddfd2ee6ceb42ef2fbcdda1753954\",\"name\":\"Chantal Couture\",\"url\":\"https:\/\/www.capri-matique.com\/client\/aprfae5\/author\/chantal-couture\/\"}]}<\/script>\n<!-- \/ Yoast SEO plugin. -->","yoast_head_json":{"title":"Signez la p\u00e9tition ! - Association de personnes retrait\u00e9es de la FAE","robots":{"index":"noindex","follow":"follow","max-snippet":"max-snippet:-1","max-image-preview":"max-image-preview:large","max-video-preview":"max-video-preview:-1"},"og_locale":"fr_FR","og_type":"article","og_title":"Signez la p\u00e9tition ! - Association de personnes retrait\u00e9es de la FAE","og_description":"Le premier ministre veut imposer deux ou trois jours de formation sur les &#8220;20 jours de cong\u00e9&#8221; des enseignants. Face \u00e0 ce nouvel affront qui contribue \u00e0 d\u00e9valoriser la profession enseignante, les profs exigent des excuses publiques du premier ministre Fran\u00e7ois Legault. Il est, de plus, invit\u00e9 \u00e0 actualiser sa connaissance du travail des enseignantes &hellip;","og_url":"https:\/\/www.capri-matique.com\/client\/aprfae5\/signez-la-petition\/","og_site_name":"Association de personnes retrait\u00e9es de la FAE","article_published_time":"2020-03-13T14:33:45+00:00","article_modified_time":"2020-03-13T14:34:22+00:00","twitter_card":"summary","twitter_misc":{"\u00c9crit par":"Chantal Couture"},"schema":{"@context":"https:\/\/schema.org","@graph":[{"@type":"WebSite","@id":"https:\/\/www.capri-matique.com\/client\/aprfae5\/#website","url":"https:\/\/www.capri-matique.com\/client\/aprfae5\/","name":"Association de personnes retrait\u00e9es de la FAE","description":"L&#039;association qui nous unit","potentialAction":[{"@type":"SearchAction","target":{"@type":"EntryPoint","urlTemplate":"https:\/\/www.capri-matique.com\/client\/aprfae5\/?s={search_term_string}"},"query-input":"required name=search_term_string"}],"inLanguage":"fr-FR"},{"@type":"WebPage","@id":"https:\/\/www.capri-matique.com\/client\/aprfae5\/signez-la-petition\/#webpage","url":"https:\/\/www.capri-matique.com\/client\/aprfae5\/signez-la-petition\/","name":"Signez la p\u00e9tition ! - Association de personnes retrait\u00e9es de la FAE","isPartOf":{"@id":"https:\/\/www.capri-matique.com\/client\/aprfae5\/#website"},"datePublished":"2020-03-13T14:33:45+00:00","dateModified":"2020-03-13T14:34:22+00:00","author":{"@id":"https:\/\/www.capri-matique.com\/client\/aprfae5\/#\/schema\/person\/d49ddfd2ee6ceb42ef2fbcdda1753954"},"breadcrumb":{"@id":"https:\/\/www.capri-matique.com\/client\/aprfae5\/signez-la-petition\/#breadcrumb"},"inLanguage":"fr-FR","potentialAction":[{"@type":"ReadAction","target":["https:\/\/www.capri-matique.com\/client\/aprfae5\/signez-la-petition\/"]}]},{"@type":"BreadcrumbList","@id":"https:\/\/www.capri-matique.com\/client\/aprfae5\/signez-la-petition\/#breadcrumb","itemListElement":[{"@type":"ListItem","position":1,"name":"Accueil","item":"https:\/\/www.capri-matique.com\/client\/aprfae5\/"},{"@type":"ListItem","position":2,"name":"Signez la p\u00e9tition !"}]},{"@type":"Person","@id":"https:\/\/www.capri-matique.com\/client\/aprfae5\/#\/schema\/person\/d49ddfd2ee6ceb42ef2fbcdda1753954","name":"Chantal Couture","url":"https:\/\/www.capri-matique.com\/client\/aprfae5\/author\/chantal-couture\/"}]}},"_links":{"self":[{"href":"https:\/\/www.capri-matique.com\/client\/aprfae5\/wp-json\/wp\/v2\/posts\/5680","targetHints":{"allow":["GET"]}}],"collection":[{"href":"https:\/\/www.capri-matique.com\/client\/aprfae5\/wp-json\/wp\/v2\/posts"}],"about":[{"href":"https:\/\/www.capri-matique.com\/client\/aprfae5\/wp-json\/wp\/v2\/types\/post"}],"author":[{"embeddable":true,"href":"https:\/\/www.capri-matique.com\/client\/aprfae5\/wp-json\/wp\/v2\/users\/2"}],"replies":[{"embeddable":true,"href":"https:\/\/www.capri-matique.com\/client\/aprfae5\/wp-json\/wp\/v2\/comments?post=5680"}],"version-history":[{"count":1,"href":"https:\/\/www.capri-matique.com\/client\/aprfae5\/wp-json\/wp\/v2\/posts\/5680\/revisions"}],"predecessor-version":[{"id":5681,"href":"https:\/\/www.capri-matique.com\/client\/aprfae5\/wp-json\/wp\/v2\/posts\/5680\/revisions\/5681"}],"wp:attachment":[{"href":"https:\/\/www.capri-matique.com\/client\/aprfae5\/wp-json\/wp\/v2\/media?parent=5680"}],"wp:term":[{"taxonomy":"category","embeddable":true,"href":"https:\/\/www.capri-matique.com\/client\/aprfae5\/wp-json\/wp\/v2\/categories?post=5680"},{"taxonomy":"post_tag","embeddable":true,"href":"https:\/\/www.capri-matique.com\/client\/aprfae5\/wp-json\/wp\/v2\/tags?post=5680"}],"curies":[{"name":"wp","href":"https:\/\/api.w.org\/{rel}","templated":true}]}}