{"id":5642,"date":"2020-03-10T11:52:48","date_gmt":"2020-03-10T15:52:48","guid":{"rendered":"https:\/\/capri-matique.com\/client\/aprfae5\/?p=5642"},"modified":"2020-03-10T11:52:48","modified_gmt":"2020-03-10T15:52:48","slug":"journee-internationale-des-droits-des-femmes","status":"publish","type":"post","link":"https:\/\/www.capri-matique.com\/client\/aprfae5\/journee-internationale-des-droits-des-femmes\/","title":{"rendered":"Journ\u00e9e internationale des droits des femmes"},"content":{"rendered":"<p><b>Le 8 mars<\/b> sera l\u2019occasion d\u2019affirmer l\u2019importance des luttes pour les droits des femmes, de saluer les combats men\u00e9s en faveur de leur reconnaissance sociale et politique et de poursuivre les batailles pour que leurs droits cessent d\u2019\u00eatre bafou\u00e9s partout sur la plan\u00e8te. C\u2019est un rappel que les droits des femmes ne sont pas respect\u00e9s et que l\u2019\u00e9galit\u00e9 de fait n\u2019est pas atteinte.<\/p>\n<p><strong>Le visuel et le th\u00e8me<\/strong><br \/>\nCette ann\u00e9e, c\u2019est avec le slogan \u00ab F\u00e9ministes de toutes nos forces \u00bb que les groupes f\u00e9ministes, communautaires et syndicaux souligneront cette journ\u00e9e. \u00ab Les mains et le geste de la victoire sont utilis\u00e9s comme acte symbolique qui connecte nos luttes. Ce visuel se rapporte \u00e0 la notion de partage, \u00e0 une lib\u00e9ration qui peut s\u2019accomplir seulement de fa\u00e7on plurielle et collectivement. \u00bb<\/p>\n<p>Pour en savoir plus, consultez le site internet de la FAE ou <a href=\"https:\/\/capri-matique.com\/client\/aprfae5\/wp-content\/uploads\/2020\/03\/AF-Quiz-8-mars-2020-WEB-FR-V2.pdf\" target=\"_blank\" rel=\"noopener noreferrer\">t\u00e9l\u00e9chargez le Quizz sur le f\u00e9minisme<\/a>, pr\u00e9par\u00e9 pour cette occasion. Aussi, \u00e0 ne pas manquer: un <a href=\"https:\/\/capri-matique.com\/client\/aprfae5\/event\/entretien-et-discussion-avec-martine-delvaux\/?instance_id=274\" target=\"_blank\" rel=\"noopener noreferrer\">entretien et discussion avec Martine Delvaux<\/a> le 18 mars, <em>F\u00e9minisme contemporain<\/em>, organis\u00e9 par le Comit\u00e9 de la condition f\u00e9minine de l&#8217;APRFAE. (inscription obligatoire)<\/p>\n","protected":false},"excerpt":{"rendered":"<p>Le 8 mars sera l\u2019occasion d\u2019affirmer l\u2019importance des luttes pour les droits des femmes, de saluer les combats men\u00e9s en faveur de leur reconnaissance sociale et politique et de poursuivre les batailles pour que leurs droits cessent d\u2019\u00eatre bafou\u00e9s partout sur la plan\u00e8te. C\u2019est un rappel que les droits des femmes ne sont pas respect\u00e9s &hellip;<\/p>\n","protected":false},"author":2,"featured_media":0,"comment_status":"closed","ping_status":"open","sticky":false,"template":"","format":"standard","meta":{"footnotes":""},"categories":[1],"tags":[],"class_list":["post-5642","post","type-post","status-publish","format-standard","hentry","category-uncategorized"],"yoast_head":"<!-- This site is optimized with the Yoast SEO plugin v17.3 - https:\/\/yoast.com\/wordpress\/plugins\/seo\/ -->\n<title>Journ\u00e9e internationale des droits des femmes - Association de personnes retrait\u00e9es de la FAE<\/title>\n<meta name=\"robots\" content=\"noindex, follow, max-snippet:-1, max-image-preview:large, max-video-preview:-1\" \/>\n<meta property=\"og:locale\" content=\"fr_FR\" \/>\n<meta property=\"og:type\" content=\"article\" \/>\n<meta property=\"og:title\" content=\"Journ\u00e9e internationale des droits des femmes - Association de personnes retrait\u00e9es de la FAE\" \/>\n<meta property=\"og:description\" content=\"Le 8 mars sera l\u2019occasion d\u2019affirmer l\u2019importance des luttes pour les droits des femmes, de saluer les combats men\u00e9s en faveur de leur reconnaissance sociale et politique et de poursuivre les batailles pour que leurs droits cessent d\u2019\u00eatre bafou\u00e9s partout sur la plan\u00e8te. C\u2019est un rappel que les droits des femmes ne sont pas respect\u00e9s &hellip;\" \/>\n<meta property=\"og:url\" content=\"https:\/\/www.capri-matique.com\/client\/aprfae5\/journee-internationale-des-droits-des-femmes\/\" \/>\n<meta property=\"og:site_name\" content=\"Association de personnes retrait\u00e9es de la FAE\" \/>\n<meta property=\"article:published_time\" content=\"2020-03-10T15:52:48+00:00\" \/>\n<meta name=\"twitter:card\" content=\"summary\" \/>\n<meta name=\"twitter:label1\" content=\"\u00c9crit par\" \/>\n\t<meta name=\"twitter:data1\" content=\"Chantal Couture\" \/>\n\t<meta name=\"twitter:label2\" content=\"Dur\u00e9e de lecture estim\u00e9e\" \/>\n\t<meta name=\"twitter:data2\" content=\"1 minute\" \/>\n<script type=\"application\/ld+json\" class=\"yoast-schema-graph\">{\"@context\":\"https:\/\/schema.org\",\"@graph\":[{\"@type\":\"WebSite\",\"@id\":\"https:\/\/www.capri-matique.com\/client\/aprfae5\/#website\",\"url\":\"https:\/\/www.capri-matique.com\/client\/aprfae5\/\",\"name\":\"Association de personnes retrait\\u00e9es de la FAE\",\"description\":\"L&#039;association qui nous unit\",\"potentialAction\":[{\"@type\":\"SearchAction\",\"target\":{\"@type\":\"EntryPoint\",\"urlTemplate\":\"https:\/\/www.capri-matique.com\/client\/aprfae5\/?s={search_term_string}\"},\"query-input\":\"required name=search_term_string\"}],\"inLanguage\":\"fr-FR\"},{\"@type\":\"WebPage\",\"@id\":\"https:\/\/www.capri-matique.com\/client\/aprfae5\/journee-internationale-des-droits-des-femmes\/#webpage\",\"url\":\"https:\/\/www.capri-matique.com\/client\/aprfae5\/journee-internationale-des-droits-des-femmes\/\",\"name\":\"Journ\\u00e9e internationale des droits des femmes - Association de personnes retrait\\u00e9es de la FAE\",\"isPartOf\":{\"@id\":\"https:\/\/www.capri-matique.com\/client\/aprfae5\/#website\"},\"datePublished\":\"2020-03-10T15:52:48+00:00\",\"dateModified\":\"2020-03-10T15:52:48+00:00\",\"author\":{\"@id\":\"https:\/\/www.capri-matique.com\/client\/aprfae5\/#\/schema\/person\/d49ddfd2ee6ceb42ef2fbcdda1753954\"},\"breadcrumb\":{\"@id\":\"https:\/\/www.capri-matique.com\/client\/aprfae5\/journee-internationale-des-droits-des-femmes\/#breadcrumb\"},\"inLanguage\":\"fr-FR\",\"potentialAction\":[{\"@type\":\"ReadAction\",\"target\":[\"https:\/\/www.capri-matique.com\/client\/aprfae5\/journee-internationale-des-droits-des-femmes\/\"]}]},{\"@type\":\"BreadcrumbList\",\"@id\":\"https:\/\/www.capri-matique.com\/client\/aprfae5\/journee-internationale-des-droits-des-femmes\/#breadcrumb\",\"itemListElement\":[{\"@type\":\"ListItem\",\"position\":1,\"name\":\"Accueil\",\"item\":\"https:\/\/www.capri-matique.com\/client\/aprfae5\/\"},{\"@type\":\"ListItem\",\"position\":2,\"name\":\"Journ\\u00e9e internationale des droits des femmes\"}]},{\"@type\":\"Person\",\"@id\":\"https:\/\/www.capri-matique.com\/client\/aprfae5\/#\/schema\/person\/d49ddfd2ee6ceb42ef2fbcdda1753954\",\"name\":\"Chantal Couture\",\"url\":\"https:\/\/www.capri-matique.com\/client\/aprfae5\/author\/chantal-couture\/\"}]}<\/script>\n<!-- \/ Yoast SEO plugin. -->","yoast_head_json":{"title":"Journ\u00e9e internationale des droits des femmes - Association de personnes retrait\u00e9es de la FAE","robots":{"index":"noindex","follow":"follow","max-snippet":"max-snippet:-1","max-image-preview":"max-image-preview:large","max-video-preview":"max-video-preview:-1"},"og_locale":"fr_FR","og_type":"article","og_title":"Journ\u00e9e internationale des droits des femmes - Association de personnes retrait\u00e9es de la FAE","og_description":"Le 8 mars sera l\u2019occasion d\u2019affirmer l\u2019importance des luttes pour les droits des femmes, de saluer les combats men\u00e9s en faveur de leur reconnaissance sociale et politique et de poursuivre les batailles pour que leurs droits cessent d\u2019\u00eatre bafou\u00e9s partout sur la plan\u00e8te. C\u2019est un rappel que les droits des femmes ne sont pas respect\u00e9s &hellip;","og_url":"https:\/\/www.capri-matique.com\/client\/aprfae5\/journee-internationale-des-droits-des-femmes\/","og_site_name":"Association de personnes retrait\u00e9es de la FAE","article_published_time":"2020-03-10T15:52:48+00:00","twitter_card":"summary","twitter_misc":{"\u00c9crit par":"Chantal Couture","Dur\u00e9e de lecture estim\u00e9e":"1 minute"},"schema":{"@context":"https:\/\/schema.org","@graph":[{"@type":"WebSite","@id":"https:\/\/www.capri-matique.com\/client\/aprfae5\/#website","url":"https:\/\/www.capri-matique.com\/client\/aprfae5\/","name":"Association de personnes retrait\u00e9es de la FAE","description":"L&#039;association qui nous unit","potentialAction":[{"@type":"SearchAction","target":{"@type":"EntryPoint","urlTemplate":"https:\/\/www.capri-matique.com\/client\/aprfae5\/?s={search_term_string}"},"query-input":"required name=search_term_string"}],"inLanguage":"fr-FR"},{"@type":"WebPage","@id":"https:\/\/www.capri-matique.com\/client\/aprfae5\/journee-internationale-des-droits-des-femmes\/#webpage","url":"https:\/\/www.capri-matique.com\/client\/aprfae5\/journee-internationale-des-droits-des-femmes\/","name":"Journ\u00e9e internationale des droits des femmes - Association de personnes retrait\u00e9es de la FAE","isPartOf":{"@id":"https:\/\/www.capri-matique.com\/client\/aprfae5\/#website"},"datePublished":"2020-03-10T15:52:48+00:00","dateModified":"2020-03-10T15:52:48+00:00","author":{"@id":"https:\/\/www.capri-matique.com\/client\/aprfae5\/#\/schema\/person\/d49ddfd2ee6ceb42ef2fbcdda1753954"},"breadcrumb":{"@id":"https:\/\/www.capri-matique.com\/client\/aprfae5\/journee-internationale-des-droits-des-femmes\/#breadcrumb"},"inLanguage":"fr-FR","potentialAction":[{"@type":"ReadAction","target":["https:\/\/www.capri-matique.com\/client\/aprfae5\/journee-internationale-des-droits-des-femmes\/"]}]},{"@type":"BreadcrumbList","@id":"https:\/\/www.capri-matique.com\/client\/aprfae5\/journee-internationale-des-droits-des-femmes\/#breadcrumb","itemListElement":[{"@type":"ListItem","position":1,"name":"Accueil","item":"https:\/\/www.capri-matique.com\/client\/aprfae5\/"},{"@type":"ListItem","position":2,"name":"Journ\u00e9e internationale des droits des femmes"}]},{"@type":"Person","@id":"https:\/\/www.capri-matique.com\/client\/aprfae5\/#\/schema\/person\/d49ddfd2ee6ceb42ef2fbcdda1753954","name":"Chantal Couture","url":"https:\/\/www.capri-matique.com\/client\/aprfae5\/author\/chantal-couture\/"}]}},"_links":{"self":[{"href":"https:\/\/www.capri-matique.com\/client\/aprfae5\/wp-json\/wp\/v2\/posts\/5642","targetHints":{"allow":["GET"]}}],"collection":[{"href":"https:\/\/www.capri-matique.com\/client\/aprfae5\/wp-json\/wp\/v2\/posts"}],"about":[{"href":"https:\/\/www.capri-matique.com\/client\/aprfae5\/wp-json\/wp\/v2\/types\/post"}],"author":[{"embeddable":true,"href":"https:\/\/www.capri-matique.com\/client\/aprfae5\/wp-json\/wp\/v2\/users\/2"}],"replies":[{"embeddable":true,"href":"https:\/\/www.capri-matique.com\/client\/aprfae5\/wp-json\/wp\/v2\/comments?post=5642"}],"version-history":[{"count":1,"href":"https:\/\/www.capri-matique.com\/client\/aprfae5\/wp-json\/wp\/v2\/posts\/5642\/revisions"}],"predecessor-version":[{"id":5643,"href":"https:\/\/www.capri-matique.com\/client\/aprfae5\/wp-json\/wp\/v2\/posts\/5642\/revisions\/5643"}],"wp:attachment":[{"href":"https:\/\/www.capri-matique.com\/client\/aprfae5\/wp-json\/wp\/v2\/media?parent=5642"}],"wp:term":[{"taxonomy":"category","embeddable":true,"href":"https:\/\/www.capri-matique.com\/client\/aprfae5\/wp-json\/wp\/v2\/categories?post=5642"},{"taxonomy":"post_tag","embeddable":true,"href":"https:\/\/www.capri-matique.com\/client\/aprfae5\/wp-json\/wp\/v2\/tags?post=5642"}],"curies":[{"name":"wp","href":"https:\/\/api.w.org\/{rel}","templated":true}]}}