{"id":5604,"date":"2020-03-02T11:20:24","date_gmt":"2020-03-02T16:20:24","guid":{"rendered":"https:\/\/capri-matique.com\/client\/aprfae5\/?p=5604"},"modified":"2020-03-02T11:39:23","modified_gmt":"2020-03-02T16:39:23","slug":"premiere-exposition-virtuelle-des-artistes-de-laprfae","status":"publish","type":"post","link":"https:\/\/www.capri-matique.com\/client\/aprfae5\/premiere-exposition-virtuelle-des-artistes-de-laprfae\/","title":{"rendered":"Renouvellement de l&#8217;exposition virtuelle de l&#8217;APRFAE"},"content":{"rendered":"<p><b>Derni\u00e8re chance de visiter notre premi\u00e8re exposition virtuelle !<\/b><\/p>\n<p><b><\/b>Depuis juin 2019, la galerie en ligne des artistes de l&#8217;APRFAE a suscit\u00e9 beaucoup d&#8217;engouement et le succ\u00e8s de ce projet nous incite \u00e0 poursuivre l&#8217;exp\u00e9rience, en proposant le renouvellement de l&#8217;exposition en 2020. \u00c0 partir du 10 mars, les oeuvres seront graduellement retir\u00e9es pour faire place \u00e0 une toute nouvelle exposition. Si le lieu est virtuel, le talent de nos artistes, lui, est bien r\u00e9el. Vous serez surpris par la diversit\u00e9 et la richesse de ces univers visuels uniques, cr\u00e9\u00e9s au moyen de techniques vari\u00e9es, de l\u2019aquarelle \u00e0 l\u2019huile, en passant par l\u2019acrylique, la photo, la c\u00e9ramique et le verre thermotransform\u00e9.<a href=\"https:\/\/capri-matique.com\/client\/aprfae5\/exposition-virtuelle\/\" target=\"_blank\" rel=\"noopener noreferrer\"> Profitez de cette expo<\/a>, et revenez nous voir en avril pour la nouvelle \u00e9dition !<\/p>\n<p>Par consid\u00e9ration pour les artistes, nous vous rappelons qu&#8217;il est interdit de reproduire les oeuvres, en tout ou en partie. Vous avez un coup de c\u0153ur pour une oeuvre? N&#8217;h\u00e9sitez pas \u00e0 <a href=\"https:\/\/capri-matique.com\/client\/aprfae5\/pour-nous-joindre\/\" target=\"_blank\" rel=\"noopener noreferrer\">communiquer avec nous<\/a> et il nous fera plaisir de vous mettre en contact avec l&#8217;artiste.<\/p>\n<p>Bonne visite !<\/p>\n<p>Le Comit\u00e9 des arts visuels<\/p>\n","protected":false},"excerpt":{"rendered":"<p>Derni\u00e8re chance de visiter notre premi\u00e8re exposition virtuelle ! Depuis juin 2019, la galerie en ligne des artistes de l&#8217;APRFAE a suscit\u00e9 beaucoup d&#8217;engouement et le succ\u00e8s de ce projet nous incite \u00e0 poursuivre l&#8217;exp\u00e9rience, en proposant le renouvellement de l&#8217;exposition en 2020. \u00c0 partir du 10 mars, les oeuvres seront graduellement retir\u00e9es pour faire &hellip;<\/p>\n","protected":false},"author":2,"featured_media":0,"comment_status":"closed","ping_status":"open","sticky":false,"template":"","format":"standard","meta":{"footnotes":""},"categories":[1],"tags":[],"class_list":["post-5604","post","type-post","status-publish","format-standard","hentry","category-uncategorized"],"yoast_head":"<!-- This site is optimized with the Yoast SEO plugin v17.3 - https:\/\/yoast.com\/wordpress\/plugins\/seo\/ -->\n<title>Renouvellement de l&#039;exposition virtuelle de l&#039;APRFAE - Association de personnes retrait\u00e9es de la FAE<\/title>\n<meta name=\"robots\" content=\"noindex, follow, max-snippet:-1, max-image-preview:large, max-video-preview:-1\" \/>\n<meta property=\"og:locale\" content=\"fr_FR\" \/>\n<meta property=\"og:type\" content=\"article\" \/>\n<meta property=\"og:title\" content=\"Renouvellement de l&#039;exposition virtuelle de l&#039;APRFAE - Association de personnes retrait\u00e9es de la FAE\" \/>\n<meta property=\"og:description\" content=\"Derni\u00e8re chance de visiter notre premi\u00e8re exposition virtuelle ! Depuis juin 2019, la galerie en ligne des artistes de l&#8217;APRFAE a suscit\u00e9 beaucoup d&#8217;engouement et le succ\u00e8s de ce projet nous incite \u00e0 poursuivre l&#8217;exp\u00e9rience, en proposant le renouvellement de l&#8217;exposition en 2020. \u00c0 partir du 10 mars, les oeuvres seront graduellement retir\u00e9es pour faire &hellip;\" \/>\n<meta property=\"og:url\" content=\"https:\/\/www.capri-matique.com\/client\/aprfae5\/premiere-exposition-virtuelle-des-artistes-de-laprfae\/\" \/>\n<meta property=\"og:site_name\" content=\"Association de personnes retrait\u00e9es de la FAE\" \/>\n<meta property=\"article:published_time\" content=\"2020-03-02T16:20:24+00:00\" \/>\n<meta property=\"article:modified_time\" content=\"2020-03-02T16:39:23+00:00\" \/>\n<meta name=\"twitter:card\" content=\"summary\" \/>\n<meta name=\"twitter:label1\" content=\"\u00c9crit par\" \/>\n\t<meta name=\"twitter:data1\" content=\"Chantal Couture\" \/>\n\t<meta name=\"twitter:label2\" content=\"Dur\u00e9e de lecture estim\u00e9e\" \/>\n\t<meta name=\"twitter:data2\" content=\"1 minute\" \/>\n<script type=\"application\/ld+json\" class=\"yoast-schema-graph\">{\"@context\":\"https:\/\/schema.org\",\"@graph\":[{\"@type\":\"WebSite\",\"@id\":\"https:\/\/www.capri-matique.com\/client\/aprfae5\/#website\",\"url\":\"https:\/\/www.capri-matique.com\/client\/aprfae5\/\",\"name\":\"Association de personnes retrait\\u00e9es de la FAE\",\"description\":\"L&#039;association qui nous unit\",\"potentialAction\":[{\"@type\":\"SearchAction\",\"target\":{\"@type\":\"EntryPoint\",\"urlTemplate\":\"https:\/\/www.capri-matique.com\/client\/aprfae5\/?s={search_term_string}\"},\"query-input\":\"required name=search_term_string\"}],\"inLanguage\":\"fr-FR\"},{\"@type\":\"WebPage\",\"@id\":\"https:\/\/www.capri-matique.com\/client\/aprfae5\/premiere-exposition-virtuelle-des-artistes-de-laprfae\/#webpage\",\"url\":\"https:\/\/www.capri-matique.com\/client\/aprfae5\/premiere-exposition-virtuelle-des-artistes-de-laprfae\/\",\"name\":\"Renouvellement de l'exposition virtuelle de l'APRFAE - Association de personnes retrait\\u00e9es de la FAE\",\"isPartOf\":{\"@id\":\"https:\/\/www.capri-matique.com\/client\/aprfae5\/#website\"},\"datePublished\":\"2020-03-02T16:20:24+00:00\",\"dateModified\":\"2020-03-02T16:39:23+00:00\",\"author\":{\"@id\":\"https:\/\/www.capri-matique.com\/client\/aprfae5\/#\/schema\/person\/d49ddfd2ee6ceb42ef2fbcdda1753954\"},\"breadcrumb\":{\"@id\":\"https:\/\/www.capri-matique.com\/client\/aprfae5\/premiere-exposition-virtuelle-des-artistes-de-laprfae\/#breadcrumb\"},\"inLanguage\":\"fr-FR\",\"potentialAction\":[{\"@type\":\"ReadAction\",\"target\":[\"https:\/\/www.capri-matique.com\/client\/aprfae5\/premiere-exposition-virtuelle-des-artistes-de-laprfae\/\"]}]},{\"@type\":\"BreadcrumbList\",\"@id\":\"https:\/\/www.capri-matique.com\/client\/aprfae5\/premiere-exposition-virtuelle-des-artistes-de-laprfae\/#breadcrumb\",\"itemListElement\":[{\"@type\":\"ListItem\",\"position\":1,\"name\":\"Accueil\",\"item\":\"https:\/\/www.capri-matique.com\/client\/aprfae5\/\"},{\"@type\":\"ListItem\",\"position\":2,\"name\":\"Renouvellement de l&#8217;exposition virtuelle de l&#8217;APRFAE\"}]},{\"@type\":\"Person\",\"@id\":\"https:\/\/www.capri-matique.com\/client\/aprfae5\/#\/schema\/person\/d49ddfd2ee6ceb42ef2fbcdda1753954\",\"name\":\"Chantal Couture\",\"url\":\"https:\/\/www.capri-matique.com\/client\/aprfae5\/author\/chantal-couture\/\"}]}<\/script>\n<!-- \/ Yoast SEO plugin. -->","yoast_head_json":{"title":"Renouvellement de l'exposition virtuelle de l'APRFAE - Association de personnes retrait\u00e9es de la FAE","robots":{"index":"noindex","follow":"follow","max-snippet":"max-snippet:-1","max-image-preview":"max-image-preview:large","max-video-preview":"max-video-preview:-1"},"og_locale":"fr_FR","og_type":"article","og_title":"Renouvellement de l'exposition virtuelle de l'APRFAE - Association de personnes retrait\u00e9es de la FAE","og_description":"Derni\u00e8re chance de visiter notre premi\u00e8re exposition virtuelle ! Depuis juin 2019, la galerie en ligne des artistes de l&#8217;APRFAE a suscit\u00e9 beaucoup d&#8217;engouement et le succ\u00e8s de ce projet nous incite \u00e0 poursuivre l&#8217;exp\u00e9rience, en proposant le renouvellement de l&#8217;exposition en 2020. \u00c0 partir du 10 mars, les oeuvres seront graduellement retir\u00e9es pour faire &hellip;","og_url":"https:\/\/www.capri-matique.com\/client\/aprfae5\/premiere-exposition-virtuelle-des-artistes-de-laprfae\/","og_site_name":"Association de personnes retrait\u00e9es de la FAE","article_published_time":"2020-03-02T16:20:24+00:00","article_modified_time":"2020-03-02T16:39:23+00:00","twitter_card":"summary","twitter_misc":{"\u00c9crit par":"Chantal Couture","Dur\u00e9e de lecture estim\u00e9e":"1 minute"},"schema":{"@context":"https:\/\/schema.org","@graph":[{"@type":"WebSite","@id":"https:\/\/www.capri-matique.com\/client\/aprfae5\/#website","url":"https:\/\/www.capri-matique.com\/client\/aprfae5\/","name":"Association de personnes retrait\u00e9es de la FAE","description":"L&#039;association qui nous unit","potentialAction":[{"@type":"SearchAction","target":{"@type":"EntryPoint","urlTemplate":"https:\/\/www.capri-matique.com\/client\/aprfae5\/?s={search_term_string}"},"query-input":"required name=search_term_string"}],"inLanguage":"fr-FR"},{"@type":"WebPage","@id":"https:\/\/www.capri-matique.com\/client\/aprfae5\/premiere-exposition-virtuelle-des-artistes-de-laprfae\/#webpage","url":"https:\/\/www.capri-matique.com\/client\/aprfae5\/premiere-exposition-virtuelle-des-artistes-de-laprfae\/","name":"Renouvellement de l'exposition virtuelle de l'APRFAE - Association de personnes retrait\u00e9es de la FAE","isPartOf":{"@id":"https:\/\/www.capri-matique.com\/client\/aprfae5\/#website"},"datePublished":"2020-03-02T16:20:24+00:00","dateModified":"2020-03-02T16:39:23+00:00","author":{"@id":"https:\/\/www.capri-matique.com\/client\/aprfae5\/#\/schema\/person\/d49ddfd2ee6ceb42ef2fbcdda1753954"},"breadcrumb":{"@id":"https:\/\/www.capri-matique.com\/client\/aprfae5\/premiere-exposition-virtuelle-des-artistes-de-laprfae\/#breadcrumb"},"inLanguage":"fr-FR","potentialAction":[{"@type":"ReadAction","target":["https:\/\/www.capri-matique.com\/client\/aprfae5\/premiere-exposition-virtuelle-des-artistes-de-laprfae\/"]}]},{"@type":"BreadcrumbList","@id":"https:\/\/www.capri-matique.com\/client\/aprfae5\/premiere-exposition-virtuelle-des-artistes-de-laprfae\/#breadcrumb","itemListElement":[{"@type":"ListItem","position":1,"name":"Accueil","item":"https:\/\/www.capri-matique.com\/client\/aprfae5\/"},{"@type":"ListItem","position":2,"name":"Renouvellement de l&#8217;exposition virtuelle de l&#8217;APRFAE"}]},{"@type":"Person","@id":"https:\/\/www.capri-matique.com\/client\/aprfae5\/#\/schema\/person\/d49ddfd2ee6ceb42ef2fbcdda1753954","name":"Chantal Couture","url":"https:\/\/www.capri-matique.com\/client\/aprfae5\/author\/chantal-couture\/"}]}},"_links":{"self":[{"href":"https:\/\/www.capri-matique.com\/client\/aprfae5\/wp-json\/wp\/v2\/posts\/5604","targetHints":{"allow":["GET"]}}],"collection":[{"href":"https:\/\/www.capri-matique.com\/client\/aprfae5\/wp-json\/wp\/v2\/posts"}],"about":[{"href":"https:\/\/www.capri-matique.com\/client\/aprfae5\/wp-json\/wp\/v2\/types\/post"}],"author":[{"embeddable":true,"href":"https:\/\/www.capri-matique.com\/client\/aprfae5\/wp-json\/wp\/v2\/users\/2"}],"replies":[{"embeddable":true,"href":"https:\/\/www.capri-matique.com\/client\/aprfae5\/wp-json\/wp\/v2\/comments?post=5604"}],"version-history":[{"count":4,"href":"https:\/\/www.capri-matique.com\/client\/aprfae5\/wp-json\/wp\/v2\/posts\/5604\/revisions"}],"predecessor-version":[{"id":5610,"href":"https:\/\/www.capri-matique.com\/client\/aprfae5\/wp-json\/wp\/v2\/posts\/5604\/revisions\/5610"}],"wp:attachment":[{"href":"https:\/\/www.capri-matique.com\/client\/aprfae5\/wp-json\/wp\/v2\/media?parent=5604"}],"wp:term":[{"taxonomy":"category","embeddable":true,"href":"https:\/\/www.capri-matique.com\/client\/aprfae5\/wp-json\/wp\/v2\/categories?post=5604"},{"taxonomy":"post_tag","embeddable":true,"href":"https:\/\/www.capri-matique.com\/client\/aprfae5\/wp-json\/wp\/v2\/tags?post=5604"}],"curies":[{"name":"wp","href":"https:\/\/api.w.org\/{rel}","templated":true}]}}