{"id":5579,"date":"2020-02-20T15:48:08","date_gmt":"2020-02-20T20:48:08","guid":{"rendered":"https:\/\/capri-matique.com\/client\/aprfae5\/?p=5579"},"modified":"2020-02-20T15:50:35","modified_gmt":"2020-02-20T20:50:35","slug":"les-profs-ont-besoin-de-nous","status":"publish","type":"post","link":"https:\/\/www.capri-matique.com\/client\/aprfae5\/les-profs-ont-besoin-de-nous\/","title":{"rendered":"Les profs ont besoin de nous !"},"content":{"rendered":"<p>Les relations sont plus que tendues entre le gouvernement Legault et les enseignantes et enseignants du Qu\u00e9bec. La col\u00e8re est \u00e0 son comble suite \u00e0 l\u2019adoption sous b\u00e2illon de la loi 40. Le ministre Roberge, et son gouvernement, agissent avec arrogance et un m\u00e9pris sans pr\u00e9c\u00e9dent envers le corps enseignant.<\/p>\n<p>L\u2019APRFAE tient \u00e0 souligner le travail colossal accompli par les militantes et les militants de la F\u00e9d\u00e9ration autonome de l\u2019enseignement (FAE) afin que leur f\u00e9d\u00e9ration porte haut et fort, avec constance, la parole des enseignantes et des enseignants. Ces actions sont g\u00e9n\u00e9ralement couvertes par les m\u00e9dias et les publications Facebook sur la page de la FAE rendent compte de ce mouvement. En pr\u00e9paration \u00e0 la mobilisation pour la prochaine n\u00e9gociation nationale, il faut que le gouvernement comprenne que la population soutient les profs. Pour ce faire, nous invitons toutes les personnes ayant \u00e0 c\u0153ur la qualit\u00e9 de l\u2019\u00e9cole publique \u00e0 s\u2019abonner \u00e0 la page de la FAE. C\u2019est simple, en cliquant sur l&#8217;ic\u00f4ne ci-dessous, vous serez redirig\u00e9 vers la page de la FAE. Vous n&#8217;aurez qu&#8217;\u00e0 suivre les instructions et \u00e0 aimer la page.<b><u><\/u><\/b><\/p>\n<p>Une petite action qui vous permettra de suivre les \u00e9v\u00e9nements et donnera encore plus de souffle au mouvement cr\u00e9\u00e9 quotidiennement par la FAE. Appuyer la volont\u00e9 des enseignantes et enseignants \u00e0 se rassembler pour am\u00e9liorer et d\u00e9fendre leurs conditions de travail servira, au final, \u00e0 am\u00e9liorer les services aux \u00e9l\u00e8ves et \u00e0 la population. <a href=\"https:\/\/www.facebook.com\/lafae.qc.ca\/\" target=\"_blank\" rel=\"noopener noreferrer\"><img decoding=\"async\" class=\"wp-image-5464 alignright\" src=\"https:\/\/capri-matique.com\/client\/aprfae5\/wp-content\/uploads\/2020\/02\/Facebook-435x319-300x220.jpg\" alt=\"\" width=\"160\" height=\"117\" srcset=\"https:\/\/www.capri-matique.com\/client\/aprfae5\/wp-content\/uploads\/2020\/02\/Facebook-435x319-300x220.jpg 300w, https:\/\/www.capri-matique.com\/client\/aprfae5\/wp-content\/uploads\/2020\/02\/Facebook-435x319.jpg 435w\" sizes=\"(max-width: 160px) 100vw, 160px\" \/><\/a><\/p>\n","protected":false},"excerpt":{"rendered":"<p>Les relations sont plus que tendues entre le gouvernement Legault et les enseignantes et enseignants du Qu\u00e9bec. La col\u00e8re est \u00e0 son comble suite \u00e0 l\u2019adoption sous b\u00e2illon de la loi 40. Le ministre Roberge, et son gouvernement, agissent avec arrogance et un m\u00e9pris sans pr\u00e9c\u00e9dent envers le corps enseignant. L\u2019APRFAE tient \u00e0 souligner le &hellip;<\/p>\n","protected":false},"author":2,"featured_media":0,"comment_status":"closed","ping_status":"open","sticky":false,"template":"","format":"standard","meta":{"footnotes":""},"categories":[1],"tags":[],"class_list":["post-5579","post","type-post","status-publish","format-standard","hentry","category-uncategorized"],"yoast_head":"<!-- This site is optimized with the Yoast SEO plugin v17.3 - https:\/\/yoast.com\/wordpress\/plugins\/seo\/ -->\n<title>Les profs ont besoin de nous ! - Association de personnes retrait\u00e9es de la FAE<\/title>\n<meta name=\"robots\" content=\"noindex, follow, max-snippet:-1, max-image-preview:large, max-video-preview:-1\" \/>\n<meta property=\"og:locale\" content=\"fr_FR\" \/>\n<meta property=\"og:type\" content=\"article\" \/>\n<meta property=\"og:title\" content=\"Les profs ont besoin de nous ! - Association de personnes retrait\u00e9es de la FAE\" \/>\n<meta property=\"og:description\" content=\"Les relations sont plus que tendues entre le gouvernement Legault et les enseignantes et enseignants du Qu\u00e9bec. La col\u00e8re est \u00e0 son comble suite \u00e0 l\u2019adoption sous b\u00e2illon de la loi 40. Le ministre Roberge, et son gouvernement, agissent avec arrogance et un m\u00e9pris sans pr\u00e9c\u00e9dent envers le corps enseignant. L\u2019APRFAE tient \u00e0 souligner le &hellip;\" \/>\n<meta property=\"og:url\" content=\"https:\/\/www.capri-matique.com\/client\/aprfae5\/les-profs-ont-besoin-de-nous\/\" \/>\n<meta property=\"og:site_name\" content=\"Association de personnes retrait\u00e9es de la FAE\" \/>\n<meta property=\"article:published_time\" content=\"2020-02-20T20:48:08+00:00\" \/>\n<meta property=\"article:modified_time\" content=\"2020-02-20T20:50:35+00:00\" \/>\n<meta property=\"og:image\" content=\"https:\/\/capri-matique.com\/client\/aprfae5\/wp-content\/uploads\/2020\/02\/Facebook-435x319-300x220.jpg\" \/>\n<meta name=\"twitter:card\" content=\"summary\" \/>\n<meta name=\"twitter:label1\" content=\"\u00c9crit par\" \/>\n\t<meta name=\"twitter:data1\" content=\"Chantal Couture\" \/>\n\t<meta name=\"twitter:label2\" content=\"Dur\u00e9e de lecture estim\u00e9e\" \/>\n\t<meta name=\"twitter:data2\" content=\"1 minute\" \/>\n<script type=\"application\/ld+json\" class=\"yoast-schema-graph\">{\"@context\":\"https:\/\/schema.org\",\"@graph\":[{\"@type\":\"WebSite\",\"@id\":\"https:\/\/www.capri-matique.com\/client\/aprfae5\/#website\",\"url\":\"https:\/\/www.capri-matique.com\/client\/aprfae5\/\",\"name\":\"Association de personnes retrait\\u00e9es de la FAE\",\"description\":\"L&#039;association qui nous unit\",\"potentialAction\":[{\"@type\":\"SearchAction\",\"target\":{\"@type\":\"EntryPoint\",\"urlTemplate\":\"https:\/\/www.capri-matique.com\/client\/aprfae5\/?s={search_term_string}\"},\"query-input\":\"required name=search_term_string\"}],\"inLanguage\":\"fr-FR\"},{\"@type\":\"ImageObject\",\"@id\":\"https:\/\/www.capri-matique.com\/client\/aprfae5\/les-profs-ont-besoin-de-nous\/#primaryimage\",\"inLanguage\":\"fr-FR\",\"url\":\"https:\/\/capri-matique.com\/client\/aprfae5\/wp-content\/uploads\/2020\/02\/Facebook-435x319-300x220.jpg\",\"contentUrl\":\"https:\/\/capri-matique.com\/client\/aprfae5\/wp-content\/uploads\/2020\/02\/Facebook-435x319-300x220.jpg\"},{\"@type\":\"WebPage\",\"@id\":\"https:\/\/www.capri-matique.com\/client\/aprfae5\/les-profs-ont-besoin-de-nous\/#webpage\",\"url\":\"https:\/\/www.capri-matique.com\/client\/aprfae5\/les-profs-ont-besoin-de-nous\/\",\"name\":\"Les profs ont besoin de nous ! - Association de personnes retrait\\u00e9es de la FAE\",\"isPartOf\":{\"@id\":\"https:\/\/www.capri-matique.com\/client\/aprfae5\/#website\"},\"primaryImageOfPage\":{\"@id\":\"https:\/\/www.capri-matique.com\/client\/aprfae5\/les-profs-ont-besoin-de-nous\/#primaryimage\"},\"datePublished\":\"2020-02-20T20:48:08+00:00\",\"dateModified\":\"2020-02-20T20:50:35+00:00\",\"author\":{\"@id\":\"https:\/\/www.capri-matique.com\/client\/aprfae5\/#\/schema\/person\/d49ddfd2ee6ceb42ef2fbcdda1753954\"},\"breadcrumb\":{\"@id\":\"https:\/\/www.capri-matique.com\/client\/aprfae5\/les-profs-ont-besoin-de-nous\/#breadcrumb\"},\"inLanguage\":\"fr-FR\",\"potentialAction\":[{\"@type\":\"ReadAction\",\"target\":[\"https:\/\/www.capri-matique.com\/client\/aprfae5\/les-profs-ont-besoin-de-nous\/\"]}]},{\"@type\":\"BreadcrumbList\",\"@id\":\"https:\/\/www.capri-matique.com\/client\/aprfae5\/les-profs-ont-besoin-de-nous\/#breadcrumb\",\"itemListElement\":[{\"@type\":\"ListItem\",\"position\":1,\"name\":\"Accueil\",\"item\":\"https:\/\/www.capri-matique.com\/client\/aprfae5\/\"},{\"@type\":\"ListItem\",\"position\":2,\"name\":\"Les profs ont besoin de nous !\"}]},{\"@type\":\"Person\",\"@id\":\"https:\/\/www.capri-matique.com\/client\/aprfae5\/#\/schema\/person\/d49ddfd2ee6ceb42ef2fbcdda1753954\",\"name\":\"Chantal Couture\",\"url\":\"https:\/\/www.capri-matique.com\/client\/aprfae5\/author\/chantal-couture\/\"}]}<\/script>\n<!-- \/ Yoast SEO plugin. -->","yoast_head_json":{"title":"Les profs ont besoin de nous ! - Association de personnes retrait\u00e9es de la FAE","robots":{"index":"noindex","follow":"follow","max-snippet":"max-snippet:-1","max-image-preview":"max-image-preview:large","max-video-preview":"max-video-preview:-1"},"og_locale":"fr_FR","og_type":"article","og_title":"Les profs ont besoin de nous ! - Association de personnes retrait\u00e9es de la FAE","og_description":"Les relations sont plus que tendues entre le gouvernement Legault et les enseignantes et enseignants du Qu\u00e9bec. La col\u00e8re est \u00e0 son comble suite \u00e0 l\u2019adoption sous b\u00e2illon de la loi 40. Le ministre Roberge, et son gouvernement, agissent avec arrogance et un m\u00e9pris sans pr\u00e9c\u00e9dent envers le corps enseignant. L\u2019APRFAE tient \u00e0 souligner le &hellip;","og_url":"https:\/\/www.capri-matique.com\/client\/aprfae5\/les-profs-ont-besoin-de-nous\/","og_site_name":"Association de personnes retrait\u00e9es de la FAE","article_published_time":"2020-02-20T20:48:08+00:00","article_modified_time":"2020-02-20T20:50:35+00:00","og_image":[{"url":"https:\/\/capri-matique.com\/client\/aprfae5\/wp-content\/uploads\/2020\/02\/Facebook-435x319-300x220.jpg"}],"twitter_card":"summary","twitter_misc":{"\u00c9crit par":"Chantal Couture","Dur\u00e9e de lecture estim\u00e9e":"1 minute"},"schema":{"@context":"https:\/\/schema.org","@graph":[{"@type":"WebSite","@id":"https:\/\/www.capri-matique.com\/client\/aprfae5\/#website","url":"https:\/\/www.capri-matique.com\/client\/aprfae5\/","name":"Association de personnes retrait\u00e9es de la FAE","description":"L&#039;association qui nous unit","potentialAction":[{"@type":"SearchAction","target":{"@type":"EntryPoint","urlTemplate":"https:\/\/www.capri-matique.com\/client\/aprfae5\/?s={search_term_string}"},"query-input":"required name=search_term_string"}],"inLanguage":"fr-FR"},{"@type":"ImageObject","@id":"https:\/\/www.capri-matique.com\/client\/aprfae5\/les-profs-ont-besoin-de-nous\/#primaryimage","inLanguage":"fr-FR","url":"https:\/\/capri-matique.com\/client\/aprfae5\/wp-content\/uploads\/2020\/02\/Facebook-435x319-300x220.jpg","contentUrl":"https:\/\/capri-matique.com\/client\/aprfae5\/wp-content\/uploads\/2020\/02\/Facebook-435x319-300x220.jpg"},{"@type":"WebPage","@id":"https:\/\/www.capri-matique.com\/client\/aprfae5\/les-profs-ont-besoin-de-nous\/#webpage","url":"https:\/\/www.capri-matique.com\/client\/aprfae5\/les-profs-ont-besoin-de-nous\/","name":"Les profs ont besoin de nous ! - Association de personnes retrait\u00e9es de la FAE","isPartOf":{"@id":"https:\/\/www.capri-matique.com\/client\/aprfae5\/#website"},"primaryImageOfPage":{"@id":"https:\/\/www.capri-matique.com\/client\/aprfae5\/les-profs-ont-besoin-de-nous\/#primaryimage"},"datePublished":"2020-02-20T20:48:08+00:00","dateModified":"2020-02-20T20:50:35+00:00","author":{"@id":"https:\/\/www.capri-matique.com\/client\/aprfae5\/#\/schema\/person\/d49ddfd2ee6ceb42ef2fbcdda1753954"},"breadcrumb":{"@id":"https:\/\/www.capri-matique.com\/client\/aprfae5\/les-profs-ont-besoin-de-nous\/#breadcrumb"},"inLanguage":"fr-FR","potentialAction":[{"@type":"ReadAction","target":["https:\/\/www.capri-matique.com\/client\/aprfae5\/les-profs-ont-besoin-de-nous\/"]}]},{"@type":"BreadcrumbList","@id":"https:\/\/www.capri-matique.com\/client\/aprfae5\/les-profs-ont-besoin-de-nous\/#breadcrumb","itemListElement":[{"@type":"ListItem","position":1,"name":"Accueil","item":"https:\/\/www.capri-matique.com\/client\/aprfae5\/"},{"@type":"ListItem","position":2,"name":"Les profs ont besoin de nous !"}]},{"@type":"Person","@id":"https:\/\/www.capri-matique.com\/client\/aprfae5\/#\/schema\/person\/d49ddfd2ee6ceb42ef2fbcdda1753954","name":"Chantal Couture","url":"https:\/\/www.capri-matique.com\/client\/aprfae5\/author\/chantal-couture\/"}]}},"_links":{"self":[{"href":"https:\/\/www.capri-matique.com\/client\/aprfae5\/wp-json\/wp\/v2\/posts\/5579","targetHints":{"allow":["GET"]}}],"collection":[{"href":"https:\/\/www.capri-matique.com\/client\/aprfae5\/wp-json\/wp\/v2\/posts"}],"about":[{"href":"https:\/\/www.capri-matique.com\/client\/aprfae5\/wp-json\/wp\/v2\/types\/post"}],"author":[{"embeddable":true,"href":"https:\/\/www.capri-matique.com\/client\/aprfae5\/wp-json\/wp\/v2\/users\/2"}],"replies":[{"embeddable":true,"href":"https:\/\/www.capri-matique.com\/client\/aprfae5\/wp-json\/wp\/v2\/comments?post=5579"}],"version-history":[{"count":2,"href":"https:\/\/www.capri-matique.com\/client\/aprfae5\/wp-json\/wp\/v2\/posts\/5579\/revisions"}],"predecessor-version":[{"id":5581,"href":"https:\/\/www.capri-matique.com\/client\/aprfae5\/wp-json\/wp\/v2\/posts\/5579\/revisions\/5581"}],"wp:attachment":[{"href":"https:\/\/www.capri-matique.com\/client\/aprfae5\/wp-json\/wp\/v2\/media?parent=5579"}],"wp:term":[{"taxonomy":"category","embeddable":true,"href":"https:\/\/www.capri-matique.com\/client\/aprfae5\/wp-json\/wp\/v2\/categories?post=5579"},{"taxonomy":"post_tag","embeddable":true,"href":"https:\/\/www.capri-matique.com\/client\/aprfae5\/wp-json\/wp\/v2\/tags?post=5579"}],"curies":[{"name":"wp","href":"https:\/\/api.w.org\/{rel}","templated":true}]}}