{"id":5451,"date":"2020-02-14T14:02:14","date_gmt":"2020-02-14T19:02:14","guid":{"rendered":"https:\/\/capri-matique.com\/client\/aprfae5\/?p=5451"},"modified":"2020-04-14T16:41:54","modified_gmt":"2020-04-14T20:41:54","slug":"les-oeuvres-de-jacinthe-lagueux","status":"publish","type":"post","link":"https:\/\/www.capri-matique.com\/client\/aprfae5\/les-oeuvres-de-jacinthe-lagueux\/","title":{"rendered":"Les oeuvres de Jacinthe Lagueux"},"content":{"rendered":"<p>Titre de l&#8217;oeuvre: Bijoux<\/p>\n<p>@Jacinthe Lagueux<img fetchpriority=\"high\" decoding=\"async\" class=\"size-medium wp-image-5434 alignright\" src=\"https:\/\/capri-matique.com\/client\/aprfae5\/wp-content\/uploads\/2020\/02\/Bijoux-uniques-300x225.jpg\" alt=\"\" width=\"300\" height=\"225\" srcset=\"https:\/\/www.capri-matique.com\/client\/aprfae5\/wp-content\/uploads\/2020\/02\/Bijoux-uniques-300x225.jpg 300w, https:\/\/www.capri-matique.com\/client\/aprfae5\/wp-content\/uploads\/2020\/02\/Bijoux-uniques-1024x768.jpg 1024w\" sizes=\"(max-width: 300px) 100vw, 300px\" \/><\/p>\n<p>Medium: Verre et cuivre du Ch\u00e2teau Frontenac<\/p>\n<p>Dimensions: de 2 cm \u00e0 10 cm<\/p>\n<p>Prix: $50.00 \u00e0 $150.00<\/p>\n<p>&nbsp;<\/p>\n<hr class=\"ttfmake-hr\" style=\"border-style: solid; border-top-width: 1px;\" \/>\n<p>Titre de l&#8217;oeuvre: Espace de glaciation<\/p>\n<p>@Jacinthe Lagueux<img decoding=\"async\" class=\"size-medium wp-image-5436 alignright\" src=\"https:\/\/capri-matique.com\/client\/aprfae5\/wp-content\/uploads\/2020\/02\/Espace-de-glaciation-300x225.jpg\" alt=\"\" width=\"300\" height=\"225\" srcset=\"https:\/\/www.capri-matique.com\/client\/aprfae5\/wp-content\/uploads\/2020\/02\/Espace-de-glaciation-300x225.jpg 300w, https:\/\/www.capri-matique.com\/client\/aprfae5\/wp-content\/uploads\/2020\/02\/Espace-de-glaciation-1024x768.jpg 1024w\" sizes=\"(max-width: 300px) 100vw, 300px\" \/><\/p>\n<p>Medium: Verre thermoform\u00e9, st\u00e9atite<\/p>\n<p>Dimensions: 24 x 38 x 17 cm<\/p>\n<p>Prix: $900.00<\/p>\n<p>&nbsp;<\/p>\n<p>&nbsp;<\/p>\n<hr class=\"ttfmake-hr\" style=\"border-style: solid; border-top-width: 1px;\" \/>\n<p>Titre de l&#8217;oeuvre: Entre l&#8217;\u00e2me et le corps<\/p>\n<p>@Jacinthe Lagueux<img decoding=\"async\" class=\"size-medium wp-image-5435 alignright\" src=\"https:\/\/capri-matique.com\/client\/aprfae5\/wp-content\/uploads\/2020\/02\/entre-ame-corps-265x300.jpg\" alt=\"\" width=\"265\" height=\"300\" srcset=\"https:\/\/www.capri-matique.com\/client\/aprfae5\/wp-content\/uploads\/2020\/02\/entre-ame-corps-265x300.jpg 265w, https:\/\/www.capri-matique.com\/client\/aprfae5\/wp-content\/uploads\/2020\/02\/entre-ame-corps-904x1024.jpg 904w, https:\/\/www.capri-matique.com\/client\/aprfae5\/wp-content\/uploads\/2020\/02\/entre-ame-corps.jpg 1779w\" sizes=\"(max-width: 265px) 100vw, 265px\" \/><\/p>\n<p>Medium: Verre thermoform\u00e9, acier inoxydable<\/p>\n<p>Dimensions: 51 x 66 x 39 cm<\/p>\n<p>Prix: $3 000.00<\/p>\n<p>&nbsp;<\/p>\n","protected":false},"excerpt":{"rendered":"<p>Titre de l&#8217;oeuvre: Bijoux @Jacinthe Lagueux Medium: Verre et cuivre du Ch\u00e2teau Frontenac Dimensions: de 2 cm \u00e0 10 cm Prix: $50.00 \u00e0 $150.00 &nbsp; Titre de l&#8217;oeuvre: Espace de glaciation @Jacinthe Lagueux Medium: Verre thermoform\u00e9, st\u00e9atite Dimensions: 24 x 38 x 17 cm Prix: $900.00 &nbsp; &nbsp; Titre de l&#8217;oeuvre: Entre l&#8217;\u00e2me et le &hellip;<\/p>\n","protected":false},"author":2,"featured_media":0,"comment_status":"closed","ping_status":"open","sticky":false,"template":"","format":"standard","meta":{"footnotes":""},"categories":[11],"tags":[],"class_list":["post-5451","post","type-post","status-publish","format-standard","hentry","category-exposition"],"yoast_head":"<!-- This site is optimized with the Yoast SEO plugin v17.3 - https:\/\/yoast.com\/wordpress\/plugins\/seo\/ -->\n<title>Les oeuvres de Jacinthe Lagueux - Association de personnes retrait\u00e9es de la FAE<\/title>\n<meta name=\"robots\" content=\"noindex, follow, max-snippet:-1, max-image-preview:large, max-video-preview:-1\" \/>\n<meta property=\"og:locale\" content=\"fr_FR\" \/>\n<meta property=\"og:type\" content=\"article\" \/>\n<meta property=\"og:title\" content=\"Les oeuvres de Jacinthe Lagueux - Association de personnes retrait\u00e9es de la FAE\" \/>\n<meta property=\"og:description\" content=\"Titre de l&#8217;oeuvre: Bijoux @Jacinthe Lagueux Medium: Verre et cuivre du Ch\u00e2teau Frontenac Dimensions: de 2 cm \u00e0 10 cm Prix: $50.00 \u00e0 $150.00 &nbsp; Titre de l&#8217;oeuvre: Espace de glaciation @Jacinthe Lagueux Medium: Verre thermoform\u00e9, st\u00e9atite Dimensions: 24 x 38 x 17 cm Prix: $900.00 &nbsp; &nbsp; Titre de l&#8217;oeuvre: Entre l&#8217;\u00e2me et le &hellip;\" \/>\n<meta property=\"og:url\" content=\"https:\/\/www.capri-matique.com\/client\/aprfae5\/les-oeuvres-de-jacinthe-lagueux\/\" \/>\n<meta property=\"og:site_name\" content=\"Association de personnes retrait\u00e9es de la FAE\" \/>\n<meta property=\"article:published_time\" content=\"2020-02-14T19:02:14+00:00\" \/>\n<meta property=\"article:modified_time\" content=\"2020-04-14T20:41:54+00:00\" \/>\n<meta property=\"og:image\" content=\"https:\/\/capri-matique.com\/client\/aprfae5\/wp-content\/uploads\/2020\/02\/Bijoux-uniques-300x225.jpg\" \/>\n<meta name=\"twitter:card\" content=\"summary\" \/>\n<meta name=\"twitter:label1\" content=\"\u00c9crit par\" \/>\n\t<meta name=\"twitter:data1\" content=\"Chantal Couture\" \/>\n<script type=\"application\/ld+json\" class=\"yoast-schema-graph\">{\"@context\":\"https:\/\/schema.org\",\"@graph\":[{\"@type\":\"WebSite\",\"@id\":\"https:\/\/www.capri-matique.com\/client\/aprfae5\/#website\",\"url\":\"https:\/\/www.capri-matique.com\/client\/aprfae5\/\",\"name\":\"Association de personnes retrait\\u00e9es de la FAE\",\"description\":\"L&#039;association qui nous unit\",\"potentialAction\":[{\"@type\":\"SearchAction\",\"target\":{\"@type\":\"EntryPoint\",\"urlTemplate\":\"https:\/\/www.capri-matique.com\/client\/aprfae5\/?s={search_term_string}\"},\"query-input\":\"required name=search_term_string\"}],\"inLanguage\":\"fr-FR\"},{\"@type\":\"ImageObject\",\"@id\":\"https:\/\/www.capri-matique.com\/client\/aprfae5\/les-oeuvres-de-jacinthe-lagueux\/#primaryimage\",\"inLanguage\":\"fr-FR\",\"url\":\"https:\/\/capri-matique.com\/client\/aprfae5\/wp-content\/uploads\/2020\/02\/Bijoux-uniques-300x225.jpg\",\"contentUrl\":\"https:\/\/capri-matique.com\/client\/aprfae5\/wp-content\/uploads\/2020\/02\/Bijoux-uniques-300x225.jpg\"},{\"@type\":\"WebPage\",\"@id\":\"https:\/\/www.capri-matique.com\/client\/aprfae5\/les-oeuvres-de-jacinthe-lagueux\/#webpage\",\"url\":\"https:\/\/www.capri-matique.com\/client\/aprfae5\/les-oeuvres-de-jacinthe-lagueux\/\",\"name\":\"Les oeuvres de Jacinthe Lagueux - Association de personnes retrait\\u00e9es de la FAE\",\"isPartOf\":{\"@id\":\"https:\/\/www.capri-matique.com\/client\/aprfae5\/#website\"},\"primaryImageOfPage\":{\"@id\":\"https:\/\/www.capri-matique.com\/client\/aprfae5\/les-oeuvres-de-jacinthe-lagueux\/#primaryimage\"},\"datePublished\":\"2020-02-14T19:02:14+00:00\",\"dateModified\":\"2020-04-14T20:41:54+00:00\",\"author\":{\"@id\":\"https:\/\/www.capri-matique.com\/client\/aprfae5\/#\/schema\/person\/d49ddfd2ee6ceb42ef2fbcdda1753954\"},\"breadcrumb\":{\"@id\":\"https:\/\/www.capri-matique.com\/client\/aprfae5\/les-oeuvres-de-jacinthe-lagueux\/#breadcrumb\"},\"inLanguage\":\"fr-FR\",\"potentialAction\":[{\"@type\":\"ReadAction\",\"target\":[\"https:\/\/www.capri-matique.com\/client\/aprfae5\/les-oeuvres-de-jacinthe-lagueux\/\"]}]},{\"@type\":\"BreadcrumbList\",\"@id\":\"https:\/\/www.capri-matique.com\/client\/aprfae5\/les-oeuvres-de-jacinthe-lagueux\/#breadcrumb\",\"itemListElement\":[{\"@type\":\"ListItem\",\"position\":1,\"name\":\"Accueil\",\"item\":\"https:\/\/www.capri-matique.com\/client\/aprfae5\/\"},{\"@type\":\"ListItem\",\"position\":2,\"name\":\"Les oeuvres de Jacinthe Lagueux\"}]},{\"@type\":\"Person\",\"@id\":\"https:\/\/www.capri-matique.com\/client\/aprfae5\/#\/schema\/person\/d49ddfd2ee6ceb42ef2fbcdda1753954\",\"name\":\"Chantal Couture\",\"url\":\"https:\/\/www.capri-matique.com\/client\/aprfae5\/author\/chantal-couture\/\"}]}<\/script>\n<!-- \/ Yoast SEO plugin. -->","yoast_head_json":{"title":"Les oeuvres de Jacinthe Lagueux - Association de personnes retrait\u00e9es de la FAE","robots":{"index":"noindex","follow":"follow","max-snippet":"max-snippet:-1","max-image-preview":"max-image-preview:large","max-video-preview":"max-video-preview:-1"},"og_locale":"fr_FR","og_type":"article","og_title":"Les oeuvres de Jacinthe Lagueux - Association de personnes retrait\u00e9es de la FAE","og_description":"Titre de l&#8217;oeuvre: Bijoux @Jacinthe Lagueux Medium: Verre et cuivre du Ch\u00e2teau Frontenac Dimensions: de 2 cm \u00e0 10 cm Prix: $50.00 \u00e0 $150.00 &nbsp; Titre de l&#8217;oeuvre: Espace de glaciation @Jacinthe Lagueux Medium: Verre thermoform\u00e9, st\u00e9atite Dimensions: 24 x 38 x 17 cm Prix: $900.00 &nbsp; &nbsp; Titre de l&#8217;oeuvre: Entre l&#8217;\u00e2me et le &hellip;","og_url":"https:\/\/www.capri-matique.com\/client\/aprfae5\/les-oeuvres-de-jacinthe-lagueux\/","og_site_name":"Association de personnes retrait\u00e9es de la FAE","article_published_time":"2020-02-14T19:02:14+00:00","article_modified_time":"2020-04-14T20:41:54+00:00","og_image":[{"url":"https:\/\/capri-matique.com\/client\/aprfae5\/wp-content\/uploads\/2020\/02\/Bijoux-uniques-300x225.jpg"}],"twitter_card":"summary","twitter_misc":{"\u00c9crit par":"Chantal Couture"},"schema":{"@context":"https:\/\/schema.org","@graph":[{"@type":"WebSite","@id":"https:\/\/www.capri-matique.com\/client\/aprfae5\/#website","url":"https:\/\/www.capri-matique.com\/client\/aprfae5\/","name":"Association de personnes retrait\u00e9es de la FAE","description":"L&#039;association qui nous unit","potentialAction":[{"@type":"SearchAction","target":{"@type":"EntryPoint","urlTemplate":"https:\/\/www.capri-matique.com\/client\/aprfae5\/?s={search_term_string}"},"query-input":"required name=search_term_string"}],"inLanguage":"fr-FR"},{"@type":"ImageObject","@id":"https:\/\/www.capri-matique.com\/client\/aprfae5\/les-oeuvres-de-jacinthe-lagueux\/#primaryimage","inLanguage":"fr-FR","url":"https:\/\/capri-matique.com\/client\/aprfae5\/wp-content\/uploads\/2020\/02\/Bijoux-uniques-300x225.jpg","contentUrl":"https:\/\/capri-matique.com\/client\/aprfae5\/wp-content\/uploads\/2020\/02\/Bijoux-uniques-300x225.jpg"},{"@type":"WebPage","@id":"https:\/\/www.capri-matique.com\/client\/aprfae5\/les-oeuvres-de-jacinthe-lagueux\/#webpage","url":"https:\/\/www.capri-matique.com\/client\/aprfae5\/les-oeuvres-de-jacinthe-lagueux\/","name":"Les oeuvres de Jacinthe Lagueux - Association de personnes retrait\u00e9es de la FAE","isPartOf":{"@id":"https:\/\/www.capri-matique.com\/client\/aprfae5\/#website"},"primaryImageOfPage":{"@id":"https:\/\/www.capri-matique.com\/client\/aprfae5\/les-oeuvres-de-jacinthe-lagueux\/#primaryimage"},"datePublished":"2020-02-14T19:02:14+00:00","dateModified":"2020-04-14T20:41:54+00:00","author":{"@id":"https:\/\/www.capri-matique.com\/client\/aprfae5\/#\/schema\/person\/d49ddfd2ee6ceb42ef2fbcdda1753954"},"breadcrumb":{"@id":"https:\/\/www.capri-matique.com\/client\/aprfae5\/les-oeuvres-de-jacinthe-lagueux\/#breadcrumb"},"inLanguage":"fr-FR","potentialAction":[{"@type":"ReadAction","target":["https:\/\/www.capri-matique.com\/client\/aprfae5\/les-oeuvres-de-jacinthe-lagueux\/"]}]},{"@type":"BreadcrumbList","@id":"https:\/\/www.capri-matique.com\/client\/aprfae5\/les-oeuvres-de-jacinthe-lagueux\/#breadcrumb","itemListElement":[{"@type":"ListItem","position":1,"name":"Accueil","item":"https:\/\/www.capri-matique.com\/client\/aprfae5\/"},{"@type":"ListItem","position":2,"name":"Les oeuvres de Jacinthe Lagueux"}]},{"@type":"Person","@id":"https:\/\/www.capri-matique.com\/client\/aprfae5\/#\/schema\/person\/d49ddfd2ee6ceb42ef2fbcdda1753954","name":"Chantal Couture","url":"https:\/\/www.capri-matique.com\/client\/aprfae5\/author\/chantal-couture\/"}]}},"_links":{"self":[{"href":"https:\/\/www.capri-matique.com\/client\/aprfae5\/wp-json\/wp\/v2\/posts\/5451","targetHints":{"allow":["GET"]}}],"collection":[{"href":"https:\/\/www.capri-matique.com\/client\/aprfae5\/wp-json\/wp\/v2\/posts"}],"about":[{"href":"https:\/\/www.capri-matique.com\/client\/aprfae5\/wp-json\/wp\/v2\/types\/post"}],"author":[{"embeddable":true,"href":"https:\/\/www.capri-matique.com\/client\/aprfae5\/wp-json\/wp\/v2\/users\/2"}],"replies":[{"embeddable":true,"href":"https:\/\/www.capri-matique.com\/client\/aprfae5\/wp-json\/wp\/v2\/comments?post=5451"}],"version-history":[{"count":8,"href":"https:\/\/www.capri-matique.com\/client\/aprfae5\/wp-json\/wp\/v2\/posts\/5451\/revisions"}],"predecessor-version":[{"id":5456,"href":"https:\/\/www.capri-matique.com\/client\/aprfae5\/wp-json\/wp\/v2\/posts\/5451\/revisions\/5456"}],"wp:attachment":[{"href":"https:\/\/www.capri-matique.com\/client\/aprfae5\/wp-json\/wp\/v2\/media?parent=5451"}],"wp:term":[{"taxonomy":"category","embeddable":true,"href":"https:\/\/www.capri-matique.com\/client\/aprfae5\/wp-json\/wp\/v2\/categories?post=5451"},{"taxonomy":"post_tag","embeddable":true,"href":"https:\/\/www.capri-matique.com\/client\/aprfae5\/wp-json\/wp\/v2\/tags?post=5451"}],"curies":[{"name":"wp","href":"https:\/\/api.w.org\/{rel}","templated":true}]}}