{"id":5410,"date":"2020-01-31T14:26:06","date_gmt":"2020-01-31T19:26:06","guid":{"rendered":"https:\/\/capri-matique.com\/client\/aprfae5\/?p=5410"},"modified":"2020-01-31T14:27:52","modified_gmt":"2020-01-31T19:27:52","slug":"penurie-de-main-doeuvre-quebec-tarde-a-implanter-des-solutions","status":"publish","type":"post","link":"https:\/\/www.capri-matique.com\/client\/aprfae5\/penurie-de-main-doeuvre-quebec-tarde-a-implanter-des-solutions\/","title":{"rendered":"P\u00e9nurie de main-d\u2019\u0153uvre  : Qu\u00e9bec tarde \u00e0 implanter des solutions"},"content":{"rendered":"<p style=\"text-align: justify;\">L\u2019APRFAE lan\u00e7ait r\u00e9cemment son <a href=\"https:\/\/capri-matique.com\/client\/aprfae5\/wp-content\/uploads\/2019\/12\/Guide-retour-au-travail-des-personnnes-retraite\u0301es-final4.pdf\" target=\"_blank\" rel=\"noopener noreferrer\">Guide sur le retour au travail des personnes retrait\u00e9es<\/a>. Plusieurs facteurs ont conduit l\u2019Association \u00e0 aller de l\u2019avant avec ce projet, notamment par solidarit\u00e9 avec les enseignantes et enseignants. En effet, le retour au travail des personnes retrait\u00e9es de la FAE att\u00e9nue l\u2019importance de la p\u00e9nurie en occupant des postes laiss\u00e9s vacants ou en permettant aux profs de b\u00e9n\u00e9ficier des journ\u00e9es de cong\u00e9s auxquelles ils ont droit, mais qui sont souvent remises \u00e0 plus tard, faute de trouver une ou un suppl\u00e9ant.<br \/>\nLa p\u00e9nurie de main d\u2019\u0153uvre est particuli\u00e8rement visible dans les services publics et on observe des probl\u00e9matiques similaires dans les secteurs de la sant\u00e9 et de l\u2019\u00e9ducation\u00a0: surcharges de travail, conditions d\u2019exercice difficiles, salaires peu int\u00e9ressants, autonomie professionnelle non reconnue, etc.<br \/>\nLe Journal de Montr\u00e9al s\u2019int\u00e9resse ces jours-ci \u00e0 la question en publiant une s\u00e9rie d\u2019articles sur le sujet. Entre autres, il parle de l\u2019<a href=\"https:\/\/www.journaldemontreal.com\/2020\/01\/19\/la-suppleance-a-eu-raison-des-enseignants\" target=\"_blank\" rel=\"noopener noreferrer\">exode de jeunes enseignantes et enseignants<\/a> qui trouvent refuge notamment chez nos voisins ontariens. Selon les statistiques, les travailleurs \u00e9tablis \u00e0 l\u2019ext\u00e9rieur du Qu\u00e9bec reviennent rarement au bercail apr\u00e8s une p\u00e9riode d&#8217;environ six ann\u00e9es. Pass\u00e9 ce d\u00e9lai, ces personnes ont recr\u00e9\u00e9 un r\u00e9seau ou ont fond\u00e9 une famille et se plaisent dans leur milieu d&#8217;adoption. Comme il existe peu de donn\u00e9es sur le ph\u00e9nom\u00e8ne de l&#8217;\u00e9migration qu\u00e9b\u00e9coise, il est difficile d&#8217;\u00e9tablir des strat\u00e9gies afin de retenir ces travailleurs dont l&#8217;expertise est convoit\u00e9e. Le minist\u00e8re de l\u2019Emploi n\u2019aurait pas de programme d\u00e9di\u00e9 \u00e0 la r\u00e9tention de cette main-d\u2019\u0153uvre et se consacrerait plut\u00f4t \u00e0 l\u2019embauche de travailleurs \u00e9trangers!<\/p>\n<p style=\"text-align: justify;\">Un dossier \u00e0 suivre\u2026<\/p>\n","protected":false},"excerpt":{"rendered":"<p>L\u2019APRFAE lan\u00e7ait r\u00e9cemment son Guide sur le retour au travail des personnes retrait\u00e9es. Plusieurs facteurs ont conduit l\u2019Association \u00e0 aller de l\u2019avant avec ce projet, notamment par solidarit\u00e9 avec les enseignantes et enseignants. En effet, le retour au travail des personnes retrait\u00e9es de la FAE att\u00e9nue l\u2019importance de la p\u00e9nurie en occupant des postes laiss\u00e9s &hellip;<\/p>\n","protected":false},"author":2,"featured_media":0,"comment_status":"closed","ping_status":"open","sticky":false,"template":"","format":"standard","meta":{"footnotes":""},"categories":[1],"tags":[],"class_list":["post-5410","post","type-post","status-publish","format-standard","hentry","category-uncategorized"],"yoast_head":"<!-- This site is optimized with the Yoast SEO plugin v17.3 - https:\/\/yoast.com\/wordpress\/plugins\/seo\/ -->\n<title>P\u00e9nurie de main-d\u2019\u0153uvre : Qu\u00e9bec tarde \u00e0 implanter des solutions - Association de personnes retrait\u00e9es de la FAE<\/title>\n<meta name=\"robots\" content=\"noindex, follow, max-snippet:-1, max-image-preview:large, max-video-preview:-1\" \/>\n<meta property=\"og:locale\" content=\"fr_FR\" \/>\n<meta property=\"og:type\" content=\"article\" \/>\n<meta property=\"og:title\" content=\"P\u00e9nurie de main-d\u2019\u0153uvre : Qu\u00e9bec tarde \u00e0 implanter des solutions - Association de personnes retrait\u00e9es de la FAE\" \/>\n<meta property=\"og:description\" content=\"L\u2019APRFAE lan\u00e7ait r\u00e9cemment son Guide sur le retour au travail des personnes retrait\u00e9es. Plusieurs facteurs ont conduit l\u2019Association \u00e0 aller de l\u2019avant avec ce projet, notamment par solidarit\u00e9 avec les enseignantes et enseignants. En effet, le retour au travail des personnes retrait\u00e9es de la FAE att\u00e9nue l\u2019importance de la p\u00e9nurie en occupant des postes laiss\u00e9s &hellip;\" \/>\n<meta property=\"og:url\" content=\"https:\/\/www.capri-matique.com\/client\/aprfae5\/penurie-de-main-doeuvre-quebec-tarde-a-implanter-des-solutions\/\" \/>\n<meta property=\"og:site_name\" content=\"Association de personnes retrait\u00e9es de la FAE\" \/>\n<meta property=\"article:published_time\" content=\"2020-01-31T19:26:06+00:00\" \/>\n<meta property=\"article:modified_time\" content=\"2020-01-31T19:27:52+00:00\" \/>\n<meta name=\"twitter:card\" content=\"summary\" \/>\n<meta name=\"twitter:label1\" content=\"\u00c9crit par\" \/>\n\t<meta name=\"twitter:data1\" content=\"Chantal Couture\" \/>\n\t<meta name=\"twitter:label2\" content=\"Dur\u00e9e de lecture estim\u00e9e\" \/>\n\t<meta name=\"twitter:data2\" content=\"2 minutes\" \/>\n<script type=\"application\/ld+json\" class=\"yoast-schema-graph\">{\"@context\":\"https:\/\/schema.org\",\"@graph\":[{\"@type\":\"WebSite\",\"@id\":\"https:\/\/www.capri-matique.com\/client\/aprfae5\/#website\",\"url\":\"https:\/\/www.capri-matique.com\/client\/aprfae5\/\",\"name\":\"Association de personnes retrait\\u00e9es de la FAE\",\"description\":\"L&#039;association qui nous unit\",\"potentialAction\":[{\"@type\":\"SearchAction\",\"target\":{\"@type\":\"EntryPoint\",\"urlTemplate\":\"https:\/\/www.capri-matique.com\/client\/aprfae5\/?s={search_term_string}\"},\"query-input\":\"required name=search_term_string\"}],\"inLanguage\":\"fr-FR\"},{\"@type\":\"WebPage\",\"@id\":\"https:\/\/www.capri-matique.com\/client\/aprfae5\/penurie-de-main-doeuvre-quebec-tarde-a-implanter-des-solutions\/#webpage\",\"url\":\"https:\/\/www.capri-matique.com\/client\/aprfae5\/penurie-de-main-doeuvre-quebec-tarde-a-implanter-des-solutions\/\",\"name\":\"P\\u00e9nurie de main-d\\u2019\\u0153uvre : Qu\\u00e9bec tarde \\u00e0 implanter des solutions - Association de personnes retrait\\u00e9es de la FAE\",\"isPartOf\":{\"@id\":\"https:\/\/www.capri-matique.com\/client\/aprfae5\/#website\"},\"datePublished\":\"2020-01-31T19:26:06+00:00\",\"dateModified\":\"2020-01-31T19:27:52+00:00\",\"author\":{\"@id\":\"https:\/\/www.capri-matique.com\/client\/aprfae5\/#\/schema\/person\/d49ddfd2ee6ceb42ef2fbcdda1753954\"},\"breadcrumb\":{\"@id\":\"https:\/\/www.capri-matique.com\/client\/aprfae5\/penurie-de-main-doeuvre-quebec-tarde-a-implanter-des-solutions\/#breadcrumb\"},\"inLanguage\":\"fr-FR\",\"potentialAction\":[{\"@type\":\"ReadAction\",\"target\":[\"https:\/\/www.capri-matique.com\/client\/aprfae5\/penurie-de-main-doeuvre-quebec-tarde-a-implanter-des-solutions\/\"]}]},{\"@type\":\"BreadcrumbList\",\"@id\":\"https:\/\/www.capri-matique.com\/client\/aprfae5\/penurie-de-main-doeuvre-quebec-tarde-a-implanter-des-solutions\/#breadcrumb\",\"itemListElement\":[{\"@type\":\"ListItem\",\"position\":1,\"name\":\"Accueil\",\"item\":\"https:\/\/www.capri-matique.com\/client\/aprfae5\/\"},{\"@type\":\"ListItem\",\"position\":2,\"name\":\"P\\u00e9nurie de main-d\\u2019\\u0153uvre : Qu\\u00e9bec tarde \\u00e0 implanter des solutions\"}]},{\"@type\":\"Person\",\"@id\":\"https:\/\/www.capri-matique.com\/client\/aprfae5\/#\/schema\/person\/d49ddfd2ee6ceb42ef2fbcdda1753954\",\"name\":\"Chantal Couture\",\"url\":\"https:\/\/www.capri-matique.com\/client\/aprfae5\/author\/chantal-couture\/\"}]}<\/script>\n<!-- \/ Yoast SEO plugin. -->","yoast_head_json":{"title":"P\u00e9nurie de main-d\u2019\u0153uvre : Qu\u00e9bec tarde \u00e0 implanter des solutions - Association de personnes retrait\u00e9es de la FAE","robots":{"index":"noindex","follow":"follow","max-snippet":"max-snippet:-1","max-image-preview":"max-image-preview:large","max-video-preview":"max-video-preview:-1"},"og_locale":"fr_FR","og_type":"article","og_title":"P\u00e9nurie de main-d\u2019\u0153uvre : Qu\u00e9bec tarde \u00e0 implanter des solutions - Association de personnes retrait\u00e9es de la FAE","og_description":"L\u2019APRFAE lan\u00e7ait r\u00e9cemment son Guide sur le retour au travail des personnes retrait\u00e9es. Plusieurs facteurs ont conduit l\u2019Association \u00e0 aller de l\u2019avant avec ce projet, notamment par solidarit\u00e9 avec les enseignantes et enseignants. En effet, le retour au travail des personnes retrait\u00e9es de la FAE att\u00e9nue l\u2019importance de la p\u00e9nurie en occupant des postes laiss\u00e9s &hellip;","og_url":"https:\/\/www.capri-matique.com\/client\/aprfae5\/penurie-de-main-doeuvre-quebec-tarde-a-implanter-des-solutions\/","og_site_name":"Association de personnes retrait\u00e9es de la FAE","article_published_time":"2020-01-31T19:26:06+00:00","article_modified_time":"2020-01-31T19:27:52+00:00","twitter_card":"summary","twitter_misc":{"\u00c9crit par":"Chantal Couture","Dur\u00e9e de lecture estim\u00e9e":"2 minutes"},"schema":{"@context":"https:\/\/schema.org","@graph":[{"@type":"WebSite","@id":"https:\/\/www.capri-matique.com\/client\/aprfae5\/#website","url":"https:\/\/www.capri-matique.com\/client\/aprfae5\/","name":"Association de personnes retrait\u00e9es de la FAE","description":"L&#039;association qui nous unit","potentialAction":[{"@type":"SearchAction","target":{"@type":"EntryPoint","urlTemplate":"https:\/\/www.capri-matique.com\/client\/aprfae5\/?s={search_term_string}"},"query-input":"required name=search_term_string"}],"inLanguage":"fr-FR"},{"@type":"WebPage","@id":"https:\/\/www.capri-matique.com\/client\/aprfae5\/penurie-de-main-doeuvre-quebec-tarde-a-implanter-des-solutions\/#webpage","url":"https:\/\/www.capri-matique.com\/client\/aprfae5\/penurie-de-main-doeuvre-quebec-tarde-a-implanter-des-solutions\/","name":"P\u00e9nurie de main-d\u2019\u0153uvre : Qu\u00e9bec tarde \u00e0 implanter des solutions - Association de personnes retrait\u00e9es de la FAE","isPartOf":{"@id":"https:\/\/www.capri-matique.com\/client\/aprfae5\/#website"},"datePublished":"2020-01-31T19:26:06+00:00","dateModified":"2020-01-31T19:27:52+00:00","author":{"@id":"https:\/\/www.capri-matique.com\/client\/aprfae5\/#\/schema\/person\/d49ddfd2ee6ceb42ef2fbcdda1753954"},"breadcrumb":{"@id":"https:\/\/www.capri-matique.com\/client\/aprfae5\/penurie-de-main-doeuvre-quebec-tarde-a-implanter-des-solutions\/#breadcrumb"},"inLanguage":"fr-FR","potentialAction":[{"@type":"ReadAction","target":["https:\/\/www.capri-matique.com\/client\/aprfae5\/penurie-de-main-doeuvre-quebec-tarde-a-implanter-des-solutions\/"]}]},{"@type":"BreadcrumbList","@id":"https:\/\/www.capri-matique.com\/client\/aprfae5\/penurie-de-main-doeuvre-quebec-tarde-a-implanter-des-solutions\/#breadcrumb","itemListElement":[{"@type":"ListItem","position":1,"name":"Accueil","item":"https:\/\/www.capri-matique.com\/client\/aprfae5\/"},{"@type":"ListItem","position":2,"name":"P\u00e9nurie de main-d\u2019\u0153uvre : Qu\u00e9bec tarde \u00e0 implanter des solutions"}]},{"@type":"Person","@id":"https:\/\/www.capri-matique.com\/client\/aprfae5\/#\/schema\/person\/d49ddfd2ee6ceb42ef2fbcdda1753954","name":"Chantal Couture","url":"https:\/\/www.capri-matique.com\/client\/aprfae5\/author\/chantal-couture\/"}]}},"_links":{"self":[{"href":"https:\/\/www.capri-matique.com\/client\/aprfae5\/wp-json\/wp\/v2\/posts\/5410","targetHints":{"allow":["GET"]}}],"collection":[{"href":"https:\/\/www.capri-matique.com\/client\/aprfae5\/wp-json\/wp\/v2\/posts"}],"about":[{"href":"https:\/\/www.capri-matique.com\/client\/aprfae5\/wp-json\/wp\/v2\/types\/post"}],"author":[{"embeddable":true,"href":"https:\/\/www.capri-matique.com\/client\/aprfae5\/wp-json\/wp\/v2\/users\/2"}],"replies":[{"embeddable":true,"href":"https:\/\/www.capri-matique.com\/client\/aprfae5\/wp-json\/wp\/v2\/comments?post=5410"}],"version-history":[{"count":3,"href":"https:\/\/www.capri-matique.com\/client\/aprfae5\/wp-json\/wp\/v2\/posts\/5410\/revisions"}],"predecessor-version":[{"id":5590,"href":"https:\/\/www.capri-matique.com\/client\/aprfae5\/wp-json\/wp\/v2\/posts\/5410\/revisions\/5590"}],"wp:attachment":[{"href":"https:\/\/www.capri-matique.com\/client\/aprfae5\/wp-json\/wp\/v2\/media?parent=5410"}],"wp:term":[{"taxonomy":"category","embeddable":true,"href":"https:\/\/www.capri-matique.com\/client\/aprfae5\/wp-json\/wp\/v2\/categories?post=5410"},{"taxonomy":"post_tag","embeddable":true,"href":"https:\/\/www.capri-matique.com\/client\/aprfae5\/wp-json\/wp\/v2\/tags?post=5410"}],"curies":[{"name":"wp","href":"https:\/\/api.w.org\/{rel}","templated":true}]}}