{"id":5255,"date":"2019-12-13T15:33:15","date_gmt":"2019-12-13T20:33:15","guid":{"rendered":"https:\/\/capri-matique.com\/client\/aprfae5\/?p=5255"},"modified":"2019-12-13T15:33:15","modified_gmt":"2019-12-13T20:33:15","slug":"ecrire-ca-libere","status":"publish","type":"post","link":"https:\/\/www.capri-matique.com\/client\/aprfae5\/ecrire-ca-libere\/","title":{"rendered":"\u00c9crire \u00e7a lib\u00e8re"},"content":{"rendered":"<p>En pleine conf\u00e9rence de l&#8217;ONU sur les changements climatiques, nous vous invitons \u00e0 faire parvenir vos messages d&#8217;encouragement \u00e0 Marinel Sumook Ubaldo. Depuis quelques jours, les d\u00e9cideur.es\u00a0du monde entier sont r\u00e9unis \u00e0 Madrid pour la Conf\u00e9rence des Nations Unies\u00a0sur les changements climatiques (COP 25).\u00a0Les d\u00e9cisions qui y seront prises auront des cons\u00e9quences pour nous toutes et tous, car c&#8217;est maintenant qu&#8217;il faut agir pour contrer les impacts futurs\u00a0des changements climatiques sur l&#8217;environnement et sur nos droits fondamentaux. Mais pour Marinel Sumook Ubaldo et bien d&#8217;autres personnes, les impacts du d\u00e9r\u00e8glement climatique se font d\u00e9j\u00e0 sentir.\u00a0Marinel n&#8217;avait que 16 ans lorsque\u00a0le\u00a0super\u00a0typhon Yolanda, qui a frapp\u00e9 les Philippines en novembre 2013, a ravag\u00e9 son village et la r\u00e9gion, d\u00e9truisant les maisons\u00a0et les moyens de subsistance\u00a0de\u00a0millions de personnes. Pour appuyer Marinel, <a href=\"https:\/\/agir.amnistie.ca\/page\/49647\/action\/1?utm_medium=email&amp;utm_source=engagingnetworks&amp;utm_campaign=suivimarathonMarinel&amp;utm_content=Suivi+marathon+Marinel&amp;ea.url.id=4433474\" target=\"_blank\" rel=\"noopener noreferrer\">cliquez-ici<\/a>.<\/p>\n","protected":false},"excerpt":{"rendered":"<p>En pleine conf\u00e9rence de l&#8217;ONU sur les changements climatiques, nous vous invitons \u00e0 faire parvenir vos messages d&#8217;encouragement \u00e0 Marinel Sumook Ubaldo. Depuis quelques jours, les d\u00e9cideur.es\u00a0du monde entier sont r\u00e9unis \u00e0 Madrid pour la Conf\u00e9rence des Nations Unies\u00a0sur les changements climatiques (COP 25).\u00a0Les d\u00e9cisions qui y seront prises auront des cons\u00e9quences pour nous toutes &hellip;<\/p>\n","protected":false},"author":2,"featured_media":0,"comment_status":"closed","ping_status":"open","sticky":false,"template":"","format":"standard","meta":{"footnotes":""},"categories":[1],"tags":[],"class_list":["post-5255","post","type-post","status-publish","format-standard","hentry","category-uncategorized"],"yoast_head":"<!-- This site is optimized with the Yoast SEO plugin v17.3 - https:\/\/yoast.com\/wordpress\/plugins\/seo\/ -->\n<title>\u00c9crire \u00e7a lib\u00e8re - Association de personnes retrait\u00e9es de la FAE<\/title>\n<meta name=\"robots\" content=\"noindex, follow, max-snippet:-1, max-image-preview:large, max-video-preview:-1\" \/>\n<meta property=\"og:locale\" content=\"fr_FR\" \/>\n<meta property=\"og:type\" content=\"article\" \/>\n<meta property=\"og:title\" content=\"\u00c9crire \u00e7a lib\u00e8re - Association de personnes retrait\u00e9es de la FAE\" \/>\n<meta property=\"og:description\" content=\"En pleine conf\u00e9rence de l&#8217;ONU sur les changements climatiques, nous vous invitons \u00e0 faire parvenir vos messages d&#8217;encouragement \u00e0 Marinel Sumook Ubaldo. Depuis quelques jours, les d\u00e9cideur.es\u00a0du monde entier sont r\u00e9unis \u00e0 Madrid pour la Conf\u00e9rence des Nations Unies\u00a0sur les changements climatiques (COP 25).\u00a0Les d\u00e9cisions qui y seront prises auront des cons\u00e9quences pour nous toutes &hellip;\" \/>\n<meta property=\"og:url\" content=\"https:\/\/www.capri-matique.com\/client\/aprfae5\/ecrire-ca-libere\/\" \/>\n<meta property=\"og:site_name\" content=\"Association de personnes retrait\u00e9es de la FAE\" \/>\n<meta property=\"article:published_time\" content=\"2019-12-13T20:33:15+00:00\" \/>\n<meta name=\"twitter:card\" content=\"summary\" \/>\n<meta name=\"twitter:label1\" content=\"\u00c9crit par\" \/>\n\t<meta name=\"twitter:data1\" content=\"Chantal Couture\" \/>\n\t<meta name=\"twitter:label2\" content=\"Dur\u00e9e de lecture estim\u00e9e\" \/>\n\t<meta name=\"twitter:data2\" content=\"1 minute\" \/>\n<script type=\"application\/ld+json\" class=\"yoast-schema-graph\">{\"@context\":\"https:\/\/schema.org\",\"@graph\":[{\"@type\":\"WebSite\",\"@id\":\"https:\/\/www.capri-matique.com\/client\/aprfae5\/#website\",\"url\":\"https:\/\/www.capri-matique.com\/client\/aprfae5\/\",\"name\":\"Association de personnes retrait\\u00e9es de la FAE\",\"description\":\"L&#039;association qui nous unit\",\"potentialAction\":[{\"@type\":\"SearchAction\",\"target\":{\"@type\":\"EntryPoint\",\"urlTemplate\":\"https:\/\/www.capri-matique.com\/client\/aprfae5\/?s={search_term_string}\"},\"query-input\":\"required name=search_term_string\"}],\"inLanguage\":\"fr-FR\"},{\"@type\":\"WebPage\",\"@id\":\"https:\/\/www.capri-matique.com\/client\/aprfae5\/ecrire-ca-libere\/#webpage\",\"url\":\"https:\/\/www.capri-matique.com\/client\/aprfae5\/ecrire-ca-libere\/\",\"name\":\"\\u00c9crire \\u00e7a lib\\u00e8re - Association de personnes retrait\\u00e9es de la FAE\",\"isPartOf\":{\"@id\":\"https:\/\/www.capri-matique.com\/client\/aprfae5\/#website\"},\"datePublished\":\"2019-12-13T20:33:15+00:00\",\"dateModified\":\"2019-12-13T20:33:15+00:00\",\"author\":{\"@id\":\"https:\/\/www.capri-matique.com\/client\/aprfae5\/#\/schema\/person\/d49ddfd2ee6ceb42ef2fbcdda1753954\"},\"breadcrumb\":{\"@id\":\"https:\/\/www.capri-matique.com\/client\/aprfae5\/ecrire-ca-libere\/#breadcrumb\"},\"inLanguage\":\"fr-FR\",\"potentialAction\":[{\"@type\":\"ReadAction\",\"target\":[\"https:\/\/www.capri-matique.com\/client\/aprfae5\/ecrire-ca-libere\/\"]}]},{\"@type\":\"BreadcrumbList\",\"@id\":\"https:\/\/www.capri-matique.com\/client\/aprfae5\/ecrire-ca-libere\/#breadcrumb\",\"itemListElement\":[{\"@type\":\"ListItem\",\"position\":1,\"name\":\"Accueil\",\"item\":\"https:\/\/www.capri-matique.com\/client\/aprfae5\/\"},{\"@type\":\"ListItem\",\"position\":2,\"name\":\"\\u00c9crire \\u00e7a lib\\u00e8re\"}]},{\"@type\":\"Person\",\"@id\":\"https:\/\/www.capri-matique.com\/client\/aprfae5\/#\/schema\/person\/d49ddfd2ee6ceb42ef2fbcdda1753954\",\"name\":\"Chantal Couture\",\"url\":\"https:\/\/www.capri-matique.com\/client\/aprfae5\/author\/chantal-couture\/\"}]}<\/script>\n<!-- \/ Yoast SEO plugin. -->","yoast_head_json":{"title":"\u00c9crire \u00e7a lib\u00e8re - Association de personnes retrait\u00e9es de la FAE","robots":{"index":"noindex","follow":"follow","max-snippet":"max-snippet:-1","max-image-preview":"max-image-preview:large","max-video-preview":"max-video-preview:-1"},"og_locale":"fr_FR","og_type":"article","og_title":"\u00c9crire \u00e7a lib\u00e8re - Association de personnes retrait\u00e9es de la FAE","og_description":"En pleine conf\u00e9rence de l&#8217;ONU sur les changements climatiques, nous vous invitons \u00e0 faire parvenir vos messages d&#8217;encouragement \u00e0 Marinel Sumook Ubaldo. Depuis quelques jours, les d\u00e9cideur.es\u00a0du monde entier sont r\u00e9unis \u00e0 Madrid pour la Conf\u00e9rence des Nations Unies\u00a0sur les changements climatiques (COP 25).\u00a0Les d\u00e9cisions qui y seront prises auront des cons\u00e9quences pour nous toutes &hellip;","og_url":"https:\/\/www.capri-matique.com\/client\/aprfae5\/ecrire-ca-libere\/","og_site_name":"Association de personnes retrait\u00e9es de la FAE","article_published_time":"2019-12-13T20:33:15+00:00","twitter_card":"summary","twitter_misc":{"\u00c9crit par":"Chantal Couture","Dur\u00e9e de lecture estim\u00e9e":"1 minute"},"schema":{"@context":"https:\/\/schema.org","@graph":[{"@type":"WebSite","@id":"https:\/\/www.capri-matique.com\/client\/aprfae5\/#website","url":"https:\/\/www.capri-matique.com\/client\/aprfae5\/","name":"Association de personnes retrait\u00e9es de la FAE","description":"L&#039;association qui nous unit","potentialAction":[{"@type":"SearchAction","target":{"@type":"EntryPoint","urlTemplate":"https:\/\/www.capri-matique.com\/client\/aprfae5\/?s={search_term_string}"},"query-input":"required name=search_term_string"}],"inLanguage":"fr-FR"},{"@type":"WebPage","@id":"https:\/\/www.capri-matique.com\/client\/aprfae5\/ecrire-ca-libere\/#webpage","url":"https:\/\/www.capri-matique.com\/client\/aprfae5\/ecrire-ca-libere\/","name":"\u00c9crire \u00e7a lib\u00e8re - Association de personnes retrait\u00e9es de la FAE","isPartOf":{"@id":"https:\/\/www.capri-matique.com\/client\/aprfae5\/#website"},"datePublished":"2019-12-13T20:33:15+00:00","dateModified":"2019-12-13T20:33:15+00:00","author":{"@id":"https:\/\/www.capri-matique.com\/client\/aprfae5\/#\/schema\/person\/d49ddfd2ee6ceb42ef2fbcdda1753954"},"breadcrumb":{"@id":"https:\/\/www.capri-matique.com\/client\/aprfae5\/ecrire-ca-libere\/#breadcrumb"},"inLanguage":"fr-FR","potentialAction":[{"@type":"ReadAction","target":["https:\/\/www.capri-matique.com\/client\/aprfae5\/ecrire-ca-libere\/"]}]},{"@type":"BreadcrumbList","@id":"https:\/\/www.capri-matique.com\/client\/aprfae5\/ecrire-ca-libere\/#breadcrumb","itemListElement":[{"@type":"ListItem","position":1,"name":"Accueil","item":"https:\/\/www.capri-matique.com\/client\/aprfae5\/"},{"@type":"ListItem","position":2,"name":"\u00c9crire \u00e7a lib\u00e8re"}]},{"@type":"Person","@id":"https:\/\/www.capri-matique.com\/client\/aprfae5\/#\/schema\/person\/d49ddfd2ee6ceb42ef2fbcdda1753954","name":"Chantal Couture","url":"https:\/\/www.capri-matique.com\/client\/aprfae5\/author\/chantal-couture\/"}]}},"_links":{"self":[{"href":"https:\/\/www.capri-matique.com\/client\/aprfae5\/wp-json\/wp\/v2\/posts\/5255","targetHints":{"allow":["GET"]}}],"collection":[{"href":"https:\/\/www.capri-matique.com\/client\/aprfae5\/wp-json\/wp\/v2\/posts"}],"about":[{"href":"https:\/\/www.capri-matique.com\/client\/aprfae5\/wp-json\/wp\/v2\/types\/post"}],"author":[{"embeddable":true,"href":"https:\/\/www.capri-matique.com\/client\/aprfae5\/wp-json\/wp\/v2\/users\/2"}],"replies":[{"embeddable":true,"href":"https:\/\/www.capri-matique.com\/client\/aprfae5\/wp-json\/wp\/v2\/comments?post=5255"}],"version-history":[{"count":1,"href":"https:\/\/www.capri-matique.com\/client\/aprfae5\/wp-json\/wp\/v2\/posts\/5255\/revisions"}],"predecessor-version":[{"id":5256,"href":"https:\/\/www.capri-matique.com\/client\/aprfae5\/wp-json\/wp\/v2\/posts\/5255\/revisions\/5256"}],"wp:attachment":[{"href":"https:\/\/www.capri-matique.com\/client\/aprfae5\/wp-json\/wp\/v2\/media?parent=5255"}],"wp:term":[{"taxonomy":"category","embeddable":true,"href":"https:\/\/www.capri-matique.com\/client\/aprfae5\/wp-json\/wp\/v2\/categories?post=5255"},{"taxonomy":"post_tag","embeddable":true,"href":"https:\/\/www.capri-matique.com\/client\/aprfae5\/wp-json\/wp\/v2\/tags?post=5255"}],"curies":[{"name":"wp","href":"https:\/\/api.w.org\/{rel}","templated":true}]}}