{"id":5215,"date":"2019-11-27T09:32:04","date_gmt":"2019-11-27T14:32:04","guid":{"rendered":"https:\/\/capri-matique.com\/client\/aprfae5\/?p=5215"},"modified":"2019-11-27T09:48:46","modified_gmt":"2019-11-27T14:48:46","slug":"des-idees-pour-des-milieux-inclusifs","status":"publish","type":"post","link":"https:\/\/www.capri-matique.com\/client\/aprfae5\/des-idees-pour-des-milieux-inclusifs\/","title":{"rendered":"Des id\u00e9es pour des milieux inclusifs"},"content":{"rendered":"<p style=\"text-align: justify;\">Le 26 novembre, la ministre Marguerite Blais d\u00e9voilait le mod\u00e8le de la Maison des a\u00een\u00e9s, une autre promesse du gouvernement caquiste. Pour l&#8217;instant, le concept propose des regroupements de petites habitations de 12 chambres, r\u00e9parties autour d&#8217;une place ext\u00e9rieure, \u00e0 l&#8217;usage des pensionnaires. Des aires communes sont pr\u00e9vues pour recevoir les proches et la famille. On promet \u00e9galement plus d&#8217;intimit\u00e9, l&#8217;air climatis\u00e9, et d&#8217;autres propositions d&#8217;ordre cosm\u00e9tique pour faire oublier qu&#8217;on se trouve en fait dans une maison de soins. Une annonce remplie de chiffres, pour faire plaisir aux &#8220;grandes personnes qui aiment beaucoup les chiffres&#8221;.<\/p>\n<p style=\"text-align: justify;\">Un nombre croissant de familles, de proches-aidants et les personnes vieillissantes elles-m\u00eames, sont pr\u00e9occup\u00e9es par l\u2019h\u00e9bergement des personnes a\u00een\u00e9es et les types de soins qui y sont offerts. Malgr\u00e9 toutes les histoires d&#8217;horreur qu&#8217;on entend, on retrouve pourtant des mod\u00e8les inspirants un peu partout \u00e0 travers le monde. Ce qui fait le succ\u00e8s des projets pr\u00e9sent\u00e9s ici, ce sont les possibilit\u00e9s d\u2019\u00e9changes entre les g\u00e9n\u00e9rations, en des milieux o\u00f9 la vieillesse est repr\u00e9sent\u00e9e de mani\u00e8re positive. Par exemple, l\u2019organisme <a href=\"https:\/\/www.oldyssey.org\/oldyssey-vieillissement\" target=\"_blank\" rel=\"noopener noreferrer\">Oldyssey<\/a> parcourt la plan\u00e8te pour comprendre comment vivent &#8220;les vieux&#8221; et a r\u00e9pertori\u00e9 plusieurs exemples de projets qui rapprochent les g\u00e9n\u00e9rations. Ils ont d&#8217;ailleurs publi\u00e9 r\u00e9cemment le livre <em>Un tour du monde de la vieillesse.<\/em> Le mod\u00e8le de la maison de Saltzgitter, en Allemagne est tellement concluant qu\u2019il a \u00e9t\u00e9 implant\u00e9 dans environ 500 habitations \u00e0 travers le pays. Il s\u2019agit de maisons autog\u00e9r\u00e9es o\u00f9 des gens de tous \u00e2ges se c\u00f4toient. Les personnes peuvent rester ancr\u00e9es dans la soci\u00e9t\u00e9 et participer \u00e0 des ateliers, par exemple en aidant des enfants \u00e0 faire leurs devoirs. Les contacts entre personnes a\u00een\u00e9es et enfants sont favoris\u00e9s, et les usagers peuvent profiter d\u2019ateliers pour stimuler leur m\u00e9moire. En France, un autre projet qui retient l\u2019attention est celui de la Marpa-\u00e9cole Les 2 Aires. Cette r\u00e9sidence rassemble sur un m\u00eame espace l&#8217;\u00e9cole \u00e9l\u00e9mentaire et les r\u00e9sidents de la Marpa.\u00a0Enfin, le Vill\u00e2ge des Aub\u00e9pins est un autre exemple d\u2019initiative prometteuse, avec une id\u00e9e toute simple\u00a0: implanter en plein c\u0153ur du village la maison de retraite. Une place du village et une rue commer\u00e7ante sont int\u00e9gr\u00e9es \u00e0 l\u2019\u00e9tablissement.<\/p>\n<p style=\"text-align: justify;\">Le nouveau mod\u00e8le propos\u00e9 par la CAQ reste assez flou au sujet des types de soins qui seront offerts, ainsi que sur le mode de recrutement des pr\u00e9pos\u00e9es et pr\u00e9pos\u00e9s aux b\u00e9n\u00e9ficiaires qui seront n\u00e9cessaires pour assurer la qualit\u00e9 des services. Cependant, l&#8217;intention est louable puisque plusieurs places devraient \u00eatre bient\u00f4t disponibles et de ce fait le projet r\u00e9pond, au moins en partie, aux besoins d&#8217;une client\u00e8le grandissante. Esp\u00e9rons que pour les volets soins et animation de ces maisons, le gouvernement saura s&#8217;inspirer des meilleures pratiques.<\/p>\n","protected":false},"excerpt":{"rendered":"<p>Le 26 novembre, la ministre Marguerite Blais d\u00e9voilait le mod\u00e8le de la Maison des a\u00een\u00e9s, une autre promesse du gouvernement caquiste. Pour l&#8217;instant, le concept propose des regroupements de petites habitations de 12 chambres, r\u00e9parties autour d&#8217;une place ext\u00e9rieure, \u00e0 l&#8217;usage des pensionnaires. Des aires communes sont pr\u00e9vues pour recevoir les proches et la famille. &hellip;<\/p>\n","protected":false},"author":2,"featured_media":0,"comment_status":"closed","ping_status":"open","sticky":false,"template":"","format":"standard","meta":{"footnotes":""},"categories":[1],"tags":[],"class_list":["post-5215","post","type-post","status-publish","format-standard","hentry","category-uncategorized"],"yoast_head":"<!-- This site is optimized with the Yoast SEO plugin v17.3 - https:\/\/yoast.com\/wordpress\/plugins\/seo\/ -->\n<title>Des id\u00e9es pour des milieux inclusifs - Association de personnes retrait\u00e9es de la FAE<\/title>\n<meta name=\"robots\" content=\"noindex, follow, max-snippet:-1, max-image-preview:large, max-video-preview:-1\" \/>\n<meta property=\"og:locale\" content=\"fr_FR\" \/>\n<meta property=\"og:type\" content=\"article\" \/>\n<meta property=\"og:title\" content=\"Des id\u00e9es pour des milieux inclusifs - Association de personnes retrait\u00e9es de la FAE\" \/>\n<meta property=\"og:description\" content=\"Le 26 novembre, la ministre Marguerite Blais d\u00e9voilait le mod\u00e8le de la Maison des a\u00een\u00e9s, une autre promesse du gouvernement caquiste. Pour l&#8217;instant, le concept propose des regroupements de petites habitations de 12 chambres, r\u00e9parties autour d&#8217;une place ext\u00e9rieure, \u00e0 l&#8217;usage des pensionnaires. Des aires communes sont pr\u00e9vues pour recevoir les proches et la famille. &hellip;\" \/>\n<meta property=\"og:url\" content=\"https:\/\/www.capri-matique.com\/client\/aprfae5\/des-idees-pour-des-milieux-inclusifs\/\" \/>\n<meta property=\"og:site_name\" content=\"Association de personnes retrait\u00e9es de la FAE\" \/>\n<meta property=\"article:published_time\" content=\"2019-11-27T14:32:04+00:00\" \/>\n<meta property=\"article:modified_time\" content=\"2019-11-27T14:48:46+00:00\" \/>\n<meta name=\"twitter:card\" content=\"summary\" \/>\n<meta name=\"twitter:label1\" content=\"\u00c9crit par\" \/>\n\t<meta name=\"twitter:data1\" content=\"Chantal Couture\" \/>\n\t<meta name=\"twitter:label2\" content=\"Dur\u00e9e de lecture estim\u00e9e\" \/>\n\t<meta name=\"twitter:data2\" content=\"3 minutes\" \/>\n<script type=\"application\/ld+json\" class=\"yoast-schema-graph\">{\"@context\":\"https:\/\/schema.org\",\"@graph\":[{\"@type\":\"WebSite\",\"@id\":\"https:\/\/www.capri-matique.com\/client\/aprfae5\/#website\",\"url\":\"https:\/\/www.capri-matique.com\/client\/aprfae5\/\",\"name\":\"Association de personnes retrait\\u00e9es de la FAE\",\"description\":\"L&#039;association qui nous unit\",\"potentialAction\":[{\"@type\":\"SearchAction\",\"target\":{\"@type\":\"EntryPoint\",\"urlTemplate\":\"https:\/\/www.capri-matique.com\/client\/aprfae5\/?s={search_term_string}\"},\"query-input\":\"required name=search_term_string\"}],\"inLanguage\":\"fr-FR\"},{\"@type\":\"WebPage\",\"@id\":\"https:\/\/www.capri-matique.com\/client\/aprfae5\/des-idees-pour-des-milieux-inclusifs\/#webpage\",\"url\":\"https:\/\/www.capri-matique.com\/client\/aprfae5\/des-idees-pour-des-milieux-inclusifs\/\",\"name\":\"Des id\\u00e9es pour des milieux inclusifs - Association de personnes retrait\\u00e9es de la FAE\",\"isPartOf\":{\"@id\":\"https:\/\/www.capri-matique.com\/client\/aprfae5\/#website\"},\"datePublished\":\"2019-11-27T14:32:04+00:00\",\"dateModified\":\"2019-11-27T14:48:46+00:00\",\"author\":{\"@id\":\"https:\/\/www.capri-matique.com\/client\/aprfae5\/#\/schema\/person\/d49ddfd2ee6ceb42ef2fbcdda1753954\"},\"breadcrumb\":{\"@id\":\"https:\/\/www.capri-matique.com\/client\/aprfae5\/des-idees-pour-des-milieux-inclusifs\/#breadcrumb\"},\"inLanguage\":\"fr-FR\",\"potentialAction\":[{\"@type\":\"ReadAction\",\"target\":[\"https:\/\/www.capri-matique.com\/client\/aprfae5\/des-idees-pour-des-milieux-inclusifs\/\"]}]},{\"@type\":\"BreadcrumbList\",\"@id\":\"https:\/\/www.capri-matique.com\/client\/aprfae5\/des-idees-pour-des-milieux-inclusifs\/#breadcrumb\",\"itemListElement\":[{\"@type\":\"ListItem\",\"position\":1,\"name\":\"Accueil\",\"item\":\"https:\/\/www.capri-matique.com\/client\/aprfae5\/\"},{\"@type\":\"ListItem\",\"position\":2,\"name\":\"Des id\\u00e9es pour des milieux inclusifs\"}]},{\"@type\":\"Person\",\"@id\":\"https:\/\/www.capri-matique.com\/client\/aprfae5\/#\/schema\/person\/d49ddfd2ee6ceb42ef2fbcdda1753954\",\"name\":\"Chantal Couture\",\"url\":\"https:\/\/www.capri-matique.com\/client\/aprfae5\/author\/chantal-couture\/\"}]}<\/script>\n<!-- \/ Yoast SEO plugin. -->","yoast_head_json":{"title":"Des id\u00e9es pour des milieux inclusifs - Association de personnes retrait\u00e9es de la FAE","robots":{"index":"noindex","follow":"follow","max-snippet":"max-snippet:-1","max-image-preview":"max-image-preview:large","max-video-preview":"max-video-preview:-1"},"og_locale":"fr_FR","og_type":"article","og_title":"Des id\u00e9es pour des milieux inclusifs - Association de personnes retrait\u00e9es de la FAE","og_description":"Le 26 novembre, la ministre Marguerite Blais d\u00e9voilait le mod\u00e8le de la Maison des a\u00een\u00e9s, une autre promesse du gouvernement caquiste. Pour l&#8217;instant, le concept propose des regroupements de petites habitations de 12 chambres, r\u00e9parties autour d&#8217;une place ext\u00e9rieure, \u00e0 l&#8217;usage des pensionnaires. Des aires communes sont pr\u00e9vues pour recevoir les proches et la famille. &hellip;","og_url":"https:\/\/www.capri-matique.com\/client\/aprfae5\/des-idees-pour-des-milieux-inclusifs\/","og_site_name":"Association de personnes retrait\u00e9es de la FAE","article_published_time":"2019-11-27T14:32:04+00:00","article_modified_time":"2019-11-27T14:48:46+00:00","twitter_card":"summary","twitter_misc":{"\u00c9crit par":"Chantal Couture","Dur\u00e9e de lecture estim\u00e9e":"3 minutes"},"schema":{"@context":"https:\/\/schema.org","@graph":[{"@type":"WebSite","@id":"https:\/\/www.capri-matique.com\/client\/aprfae5\/#website","url":"https:\/\/www.capri-matique.com\/client\/aprfae5\/","name":"Association de personnes retrait\u00e9es de la FAE","description":"L&#039;association qui nous unit","potentialAction":[{"@type":"SearchAction","target":{"@type":"EntryPoint","urlTemplate":"https:\/\/www.capri-matique.com\/client\/aprfae5\/?s={search_term_string}"},"query-input":"required name=search_term_string"}],"inLanguage":"fr-FR"},{"@type":"WebPage","@id":"https:\/\/www.capri-matique.com\/client\/aprfae5\/des-idees-pour-des-milieux-inclusifs\/#webpage","url":"https:\/\/www.capri-matique.com\/client\/aprfae5\/des-idees-pour-des-milieux-inclusifs\/","name":"Des id\u00e9es pour des milieux inclusifs - Association de personnes retrait\u00e9es de la FAE","isPartOf":{"@id":"https:\/\/www.capri-matique.com\/client\/aprfae5\/#website"},"datePublished":"2019-11-27T14:32:04+00:00","dateModified":"2019-11-27T14:48:46+00:00","author":{"@id":"https:\/\/www.capri-matique.com\/client\/aprfae5\/#\/schema\/person\/d49ddfd2ee6ceb42ef2fbcdda1753954"},"breadcrumb":{"@id":"https:\/\/www.capri-matique.com\/client\/aprfae5\/des-idees-pour-des-milieux-inclusifs\/#breadcrumb"},"inLanguage":"fr-FR","potentialAction":[{"@type":"ReadAction","target":["https:\/\/www.capri-matique.com\/client\/aprfae5\/des-idees-pour-des-milieux-inclusifs\/"]}]},{"@type":"BreadcrumbList","@id":"https:\/\/www.capri-matique.com\/client\/aprfae5\/des-idees-pour-des-milieux-inclusifs\/#breadcrumb","itemListElement":[{"@type":"ListItem","position":1,"name":"Accueil","item":"https:\/\/www.capri-matique.com\/client\/aprfae5\/"},{"@type":"ListItem","position":2,"name":"Des id\u00e9es pour des milieux inclusifs"}]},{"@type":"Person","@id":"https:\/\/www.capri-matique.com\/client\/aprfae5\/#\/schema\/person\/d49ddfd2ee6ceb42ef2fbcdda1753954","name":"Chantal Couture","url":"https:\/\/www.capri-matique.com\/client\/aprfae5\/author\/chantal-couture\/"}]}},"_links":{"self":[{"href":"https:\/\/www.capri-matique.com\/client\/aprfae5\/wp-json\/wp\/v2\/posts\/5215","targetHints":{"allow":["GET"]}}],"collection":[{"href":"https:\/\/www.capri-matique.com\/client\/aprfae5\/wp-json\/wp\/v2\/posts"}],"about":[{"href":"https:\/\/www.capri-matique.com\/client\/aprfae5\/wp-json\/wp\/v2\/types\/post"}],"author":[{"embeddable":true,"href":"https:\/\/www.capri-matique.com\/client\/aprfae5\/wp-json\/wp\/v2\/users\/2"}],"replies":[{"embeddable":true,"href":"https:\/\/www.capri-matique.com\/client\/aprfae5\/wp-json\/wp\/v2\/comments?post=5215"}],"version-history":[{"count":2,"href":"https:\/\/www.capri-matique.com\/client\/aprfae5\/wp-json\/wp\/v2\/posts\/5215\/revisions"}],"predecessor-version":[{"id":5220,"href":"https:\/\/www.capri-matique.com\/client\/aprfae5\/wp-json\/wp\/v2\/posts\/5215\/revisions\/5220"}],"wp:attachment":[{"href":"https:\/\/www.capri-matique.com\/client\/aprfae5\/wp-json\/wp\/v2\/media?parent=5215"}],"wp:term":[{"taxonomy":"category","embeddable":true,"href":"https:\/\/www.capri-matique.com\/client\/aprfae5\/wp-json\/wp\/v2\/categories?post=5215"},{"taxonomy":"post_tag","embeddable":true,"href":"https:\/\/www.capri-matique.com\/client\/aprfae5\/wp-json\/wp\/v2\/tags?post=5215"}],"curies":[{"name":"wp","href":"https:\/\/api.w.org\/{rel}","templated":true}]}}