{"id":5126,"date":"2019-11-01T11:49:17","date_gmt":"2019-11-01T15:49:17","guid":{"rendered":"https:\/\/capri-matique.com\/client\/aprfae5\/?p=5126"},"modified":"2019-11-01T11:51:31","modified_gmt":"2019-11-01T15:51:31","slug":"hausses-des-loyers-dans-les-residences-privees-pour-personnes-ainees","status":"publish","type":"post","link":"https:\/\/www.capri-matique.com\/client\/aprfae5\/hausses-des-loyers-dans-les-residences-privees-pour-personnes-ainees\/","title":{"rendered":"Hausses des loyers dans les r\u00e9sidences priv\u00e9es pour personnes a\u00een\u00e9es"},"content":{"rendered":"<p>La question de l\u2019offre d\u2019h\u00e9bergement pour les personnes a\u00een\u00e9es occupe de plus en plus de place dans l\u2019actualit\u00e9. Ainsi, <a href=\"https:\/\/ici.radio-canada.ca\/nouvelle\/1340984\/regie-logement-aines-peu-adaptee-aines-loyer\" target=\"_blank\" rel=\"noopener noreferrer\">Radio-Canada<\/a> nous apprenait derni\u00e8rement que 27 locataires d&#8217;une r\u00e9sidence priv\u00e9e de la r\u00e9gion de Qu\u00e9bec ont d\u00fb se pr\u00e9senter r\u00e9cemment \u00e0 une audience de la R\u00e9gie du logement pour contester leurs augmentations de loyer. Selon certains observateurs, la pr\u00e9sence de personnes a\u00een\u00e9es devant la R\u00e9gie du logement est rare, mais on peut pr\u00e9sumer que ce ph\u00e9nom\u00e8ne deviendra de plus en plus courant dans les prochaines ann\u00e9es. Ces audiences sont particuli\u00e8rement \u00e9prouvantes pour des personnes dont la moyenne d\u2019\u00e2ge est \u00e9tablie \u00e0 84 ans et l\u2019exercice n\u2019est pas adapt\u00e9 \u00e0 leur r\u00e9alit\u00e9. Face \u00e0 cette probl\u00e9matique, des voix s\u2019\u00e9l\u00e8vent pour r\u00e9clamer la mise en place d\u2019un contr\u00f4le automatique des loyers. Il faut cesser de faire porter aux locataires la responsabilit\u00e9 de refuser les hausses de loyer.<\/p>\n<p><strong>Des guides pour mieux s&#8217;y retrouver<\/strong><\/p>\n<p>Une r\u00e9vision des politiques est souhaitable mais en attendant, nous vous pr\u00e9sentons deux outils qui ont \u00e9t\u00e9 \u00e9labor\u00e9s afin d\u2019aider autant les personnes \u00e2g\u00e9es qui recherchent un logement que les personnes qui les accompagnent dans ces d\u00e9marches. Pilot\u00e9s par le Secr\u00e9tariat aux a\u00een\u00e9s du minist\u00e8re de la Sant\u00e9 et des Services sociaux, ces deux guides visent \u00e0 informer les locataires actuels et futurs de r\u00e9sidences priv\u00e9es pour a\u00een\u00e9s de leurs droits et obligations. Des publications bienvenues!<br \/>\nPour t\u00e9l\u00e9charger les guides, <a href=\"https:\/\/www.rdl.gouv.qc.ca\/fr\/actualites\/guides-pour-les-locataires-des-residences-privees-pour-aines\" target=\"_blank\" rel=\"noopener noreferrer\">cliquez ici.<\/a><\/p>\n","protected":false},"excerpt":{"rendered":"<p>La question de l\u2019offre d\u2019h\u00e9bergement pour les personnes a\u00een\u00e9es occupe de plus en plus de place dans l\u2019actualit\u00e9. Ainsi, Radio-Canada nous apprenait derni\u00e8rement que 27 locataires d&#8217;une r\u00e9sidence priv\u00e9e de la r\u00e9gion de Qu\u00e9bec ont d\u00fb se pr\u00e9senter r\u00e9cemment \u00e0 une audience de la R\u00e9gie du logement pour contester leurs augmentations de loyer. Selon certains &hellip;<\/p>\n","protected":false},"author":2,"featured_media":0,"comment_status":"closed","ping_status":"open","sticky":false,"template":"","format":"standard","meta":{"footnotes":""},"categories":[1],"tags":[],"class_list":["post-5126","post","type-post","status-publish","format-standard","hentry","category-uncategorized"],"yoast_head":"<!-- This site is optimized with the Yoast SEO plugin v17.3 - https:\/\/yoast.com\/wordpress\/plugins\/seo\/ -->\n<title>Hausses des loyers dans les r\u00e9sidences priv\u00e9es pour personnes a\u00een\u00e9es - Association de personnes retrait\u00e9es de la FAE<\/title>\n<meta name=\"robots\" content=\"noindex, follow, max-snippet:-1, max-image-preview:large, max-video-preview:-1\" \/>\n<meta property=\"og:locale\" content=\"fr_FR\" \/>\n<meta property=\"og:type\" content=\"article\" \/>\n<meta property=\"og:title\" content=\"Hausses des loyers dans les r\u00e9sidences priv\u00e9es pour personnes a\u00een\u00e9es - Association de personnes retrait\u00e9es de la FAE\" \/>\n<meta property=\"og:description\" content=\"La question de l\u2019offre d\u2019h\u00e9bergement pour les personnes a\u00een\u00e9es occupe de plus en plus de place dans l\u2019actualit\u00e9. Ainsi, Radio-Canada nous apprenait derni\u00e8rement que 27 locataires d&#8217;une r\u00e9sidence priv\u00e9e de la r\u00e9gion de Qu\u00e9bec ont d\u00fb se pr\u00e9senter r\u00e9cemment \u00e0 une audience de la R\u00e9gie du logement pour contester leurs augmentations de loyer. Selon certains &hellip;\" \/>\n<meta property=\"og:url\" content=\"https:\/\/www.capri-matique.com\/client\/aprfae5\/hausses-des-loyers-dans-les-residences-privees-pour-personnes-ainees\/\" \/>\n<meta property=\"og:site_name\" content=\"Association de personnes retrait\u00e9es de la FAE\" \/>\n<meta property=\"article:published_time\" content=\"2019-11-01T15:49:17+00:00\" \/>\n<meta property=\"article:modified_time\" content=\"2019-11-01T15:51:31+00:00\" \/>\n<meta name=\"twitter:card\" content=\"summary\" \/>\n<meta name=\"twitter:label1\" content=\"\u00c9crit par\" \/>\n\t<meta name=\"twitter:data1\" content=\"Chantal Couture\" \/>\n\t<meta name=\"twitter:label2\" content=\"Dur\u00e9e de lecture estim\u00e9e\" \/>\n\t<meta name=\"twitter:data2\" content=\"1 minute\" \/>\n<script type=\"application\/ld+json\" class=\"yoast-schema-graph\">{\"@context\":\"https:\/\/schema.org\",\"@graph\":[{\"@type\":\"WebSite\",\"@id\":\"https:\/\/www.capri-matique.com\/client\/aprfae5\/#website\",\"url\":\"https:\/\/www.capri-matique.com\/client\/aprfae5\/\",\"name\":\"Association de personnes retrait\\u00e9es de la FAE\",\"description\":\"L&#039;association qui nous unit\",\"potentialAction\":[{\"@type\":\"SearchAction\",\"target\":{\"@type\":\"EntryPoint\",\"urlTemplate\":\"https:\/\/www.capri-matique.com\/client\/aprfae5\/?s={search_term_string}\"},\"query-input\":\"required name=search_term_string\"}],\"inLanguage\":\"fr-FR\"},{\"@type\":\"WebPage\",\"@id\":\"https:\/\/www.capri-matique.com\/client\/aprfae5\/hausses-des-loyers-dans-les-residences-privees-pour-personnes-ainees\/#webpage\",\"url\":\"https:\/\/www.capri-matique.com\/client\/aprfae5\/hausses-des-loyers-dans-les-residences-privees-pour-personnes-ainees\/\",\"name\":\"Hausses des loyers dans les r\\u00e9sidences priv\\u00e9es pour personnes a\\u00een\\u00e9es - Association de personnes retrait\\u00e9es de la FAE\",\"isPartOf\":{\"@id\":\"https:\/\/www.capri-matique.com\/client\/aprfae5\/#website\"},\"datePublished\":\"2019-11-01T15:49:17+00:00\",\"dateModified\":\"2019-11-01T15:51:31+00:00\",\"author\":{\"@id\":\"https:\/\/www.capri-matique.com\/client\/aprfae5\/#\/schema\/person\/d49ddfd2ee6ceb42ef2fbcdda1753954\"},\"breadcrumb\":{\"@id\":\"https:\/\/www.capri-matique.com\/client\/aprfae5\/hausses-des-loyers-dans-les-residences-privees-pour-personnes-ainees\/#breadcrumb\"},\"inLanguage\":\"fr-FR\",\"potentialAction\":[{\"@type\":\"ReadAction\",\"target\":[\"https:\/\/www.capri-matique.com\/client\/aprfae5\/hausses-des-loyers-dans-les-residences-privees-pour-personnes-ainees\/\"]}]},{\"@type\":\"BreadcrumbList\",\"@id\":\"https:\/\/www.capri-matique.com\/client\/aprfae5\/hausses-des-loyers-dans-les-residences-privees-pour-personnes-ainees\/#breadcrumb\",\"itemListElement\":[{\"@type\":\"ListItem\",\"position\":1,\"name\":\"Accueil\",\"item\":\"https:\/\/www.capri-matique.com\/client\/aprfae5\/\"},{\"@type\":\"ListItem\",\"position\":2,\"name\":\"Hausses des loyers dans les r\\u00e9sidences priv\\u00e9es pour personnes a\\u00een\\u00e9es\"}]},{\"@type\":\"Person\",\"@id\":\"https:\/\/www.capri-matique.com\/client\/aprfae5\/#\/schema\/person\/d49ddfd2ee6ceb42ef2fbcdda1753954\",\"name\":\"Chantal Couture\",\"url\":\"https:\/\/www.capri-matique.com\/client\/aprfae5\/author\/chantal-couture\/\"}]}<\/script>\n<!-- \/ Yoast SEO plugin. -->","yoast_head_json":{"title":"Hausses des loyers dans les r\u00e9sidences priv\u00e9es pour personnes a\u00een\u00e9es - Association de personnes retrait\u00e9es de la FAE","robots":{"index":"noindex","follow":"follow","max-snippet":"max-snippet:-1","max-image-preview":"max-image-preview:large","max-video-preview":"max-video-preview:-1"},"og_locale":"fr_FR","og_type":"article","og_title":"Hausses des loyers dans les r\u00e9sidences priv\u00e9es pour personnes a\u00een\u00e9es - Association de personnes retrait\u00e9es de la FAE","og_description":"La question de l\u2019offre d\u2019h\u00e9bergement pour les personnes a\u00een\u00e9es occupe de plus en plus de place dans l\u2019actualit\u00e9. Ainsi, Radio-Canada nous apprenait derni\u00e8rement que 27 locataires d&#8217;une r\u00e9sidence priv\u00e9e de la r\u00e9gion de Qu\u00e9bec ont d\u00fb se pr\u00e9senter r\u00e9cemment \u00e0 une audience de la R\u00e9gie du logement pour contester leurs augmentations de loyer. Selon certains &hellip;","og_url":"https:\/\/www.capri-matique.com\/client\/aprfae5\/hausses-des-loyers-dans-les-residences-privees-pour-personnes-ainees\/","og_site_name":"Association de personnes retrait\u00e9es de la FAE","article_published_time":"2019-11-01T15:49:17+00:00","article_modified_time":"2019-11-01T15:51:31+00:00","twitter_card":"summary","twitter_misc":{"\u00c9crit par":"Chantal Couture","Dur\u00e9e de lecture estim\u00e9e":"1 minute"},"schema":{"@context":"https:\/\/schema.org","@graph":[{"@type":"WebSite","@id":"https:\/\/www.capri-matique.com\/client\/aprfae5\/#website","url":"https:\/\/www.capri-matique.com\/client\/aprfae5\/","name":"Association de personnes retrait\u00e9es de la FAE","description":"L&#039;association qui nous unit","potentialAction":[{"@type":"SearchAction","target":{"@type":"EntryPoint","urlTemplate":"https:\/\/www.capri-matique.com\/client\/aprfae5\/?s={search_term_string}"},"query-input":"required name=search_term_string"}],"inLanguage":"fr-FR"},{"@type":"WebPage","@id":"https:\/\/www.capri-matique.com\/client\/aprfae5\/hausses-des-loyers-dans-les-residences-privees-pour-personnes-ainees\/#webpage","url":"https:\/\/www.capri-matique.com\/client\/aprfae5\/hausses-des-loyers-dans-les-residences-privees-pour-personnes-ainees\/","name":"Hausses des loyers dans les r\u00e9sidences priv\u00e9es pour personnes a\u00een\u00e9es - Association de personnes retrait\u00e9es de la FAE","isPartOf":{"@id":"https:\/\/www.capri-matique.com\/client\/aprfae5\/#website"},"datePublished":"2019-11-01T15:49:17+00:00","dateModified":"2019-11-01T15:51:31+00:00","author":{"@id":"https:\/\/www.capri-matique.com\/client\/aprfae5\/#\/schema\/person\/d49ddfd2ee6ceb42ef2fbcdda1753954"},"breadcrumb":{"@id":"https:\/\/www.capri-matique.com\/client\/aprfae5\/hausses-des-loyers-dans-les-residences-privees-pour-personnes-ainees\/#breadcrumb"},"inLanguage":"fr-FR","potentialAction":[{"@type":"ReadAction","target":["https:\/\/www.capri-matique.com\/client\/aprfae5\/hausses-des-loyers-dans-les-residences-privees-pour-personnes-ainees\/"]}]},{"@type":"BreadcrumbList","@id":"https:\/\/www.capri-matique.com\/client\/aprfae5\/hausses-des-loyers-dans-les-residences-privees-pour-personnes-ainees\/#breadcrumb","itemListElement":[{"@type":"ListItem","position":1,"name":"Accueil","item":"https:\/\/www.capri-matique.com\/client\/aprfae5\/"},{"@type":"ListItem","position":2,"name":"Hausses des loyers dans les r\u00e9sidences priv\u00e9es pour personnes a\u00een\u00e9es"}]},{"@type":"Person","@id":"https:\/\/www.capri-matique.com\/client\/aprfae5\/#\/schema\/person\/d49ddfd2ee6ceb42ef2fbcdda1753954","name":"Chantal Couture","url":"https:\/\/www.capri-matique.com\/client\/aprfae5\/author\/chantal-couture\/"}]}},"_links":{"self":[{"href":"https:\/\/www.capri-matique.com\/client\/aprfae5\/wp-json\/wp\/v2\/posts\/5126","targetHints":{"allow":["GET"]}}],"collection":[{"href":"https:\/\/www.capri-matique.com\/client\/aprfae5\/wp-json\/wp\/v2\/posts"}],"about":[{"href":"https:\/\/www.capri-matique.com\/client\/aprfae5\/wp-json\/wp\/v2\/types\/post"}],"author":[{"embeddable":true,"href":"https:\/\/www.capri-matique.com\/client\/aprfae5\/wp-json\/wp\/v2\/users\/2"}],"replies":[{"embeddable":true,"href":"https:\/\/www.capri-matique.com\/client\/aprfae5\/wp-json\/wp\/v2\/comments?post=5126"}],"version-history":[{"count":4,"href":"https:\/\/www.capri-matique.com\/client\/aprfae5\/wp-json\/wp\/v2\/posts\/5126\/revisions"}],"predecessor-version":[{"id":5130,"href":"https:\/\/www.capri-matique.com\/client\/aprfae5\/wp-json\/wp\/v2\/posts\/5126\/revisions\/5130"}],"wp:attachment":[{"href":"https:\/\/www.capri-matique.com\/client\/aprfae5\/wp-json\/wp\/v2\/media?parent=5126"}],"wp:term":[{"taxonomy":"category","embeddable":true,"href":"https:\/\/www.capri-matique.com\/client\/aprfae5\/wp-json\/wp\/v2\/categories?post=5126"},{"taxonomy":"post_tag","embeddable":true,"href":"https:\/\/www.capri-matique.com\/client\/aprfae5\/wp-json\/wp\/v2\/tags?post=5126"}],"curies":[{"name":"wp","href":"https:\/\/api.w.org\/{rel}","templated":true}]}}