{"id":5064,"date":"2019-10-02T14:44:17","date_gmt":"2019-10-02T18:44:17","guid":{"rendered":"https:\/\/capri-matique.com\/client\/aprfae5\/?p=5064"},"modified":"2019-10-02T14:44:17","modified_gmt":"2019-10-02T18:44:17","slug":"journee-internationale-des-personnes-agees-1er-octobre-2019","status":"publish","type":"post","link":"https:\/\/www.capri-matique.com\/client\/aprfae5\/journee-internationale-des-personnes-agees-1er-octobre-2019\/","title":{"rendered":"Journ\u00e9e internationale des personnes \u00e2g\u00e9es &#8211; 1er octobre 2019"},"content":{"rendered":"<p style=\"text-align: justify;\">&#8220;Au printemps, Fernand Dansereau pr\u00e9sentait sur grand \u00e9cran le troisi\u00e8me et dernier opus de sa trilogie consacr\u00e9e \u00e0 la vieillesse. Avec le vieil \u00e2ge et l\u2019esp\u00e9rance, il se mettait en qu\u00eate des moyens de vivre plus sereinement le d\u00e9clin qui nous guette tous. Les a-t-il trouv\u00e9s? Oui, d\u2019une certaine fa\u00e7on, r\u00e9pond-il. Parce qu\u2019il accepte mieux d\u2019\u00eatre \u00abbougonneux\u00bb.&#8221;<\/p>\n<p style=\"text-align: justify;\">Cet extrait provient d&#8217;une entrevue avec ce cr\u00e9ateur de renom, parue dans le cahier sp\u00e9cial &#8220;Vieillir mieux&#8221; du journal Le Devoir du 28 septembre dernier. Pour souligner la Journ\u00e9e internationale des personnes \u00e2g\u00e9es, nous avons choisi de partager avec vous ce tr\u00e8s beau texte.\u00a0 Pour lire l&#8217;article, <a href=\"https:\/\/www.ledevoir.com\/societe\/sante\/563379\/je-me-suis-reconcilie-avec-ma-finitude\" target=\"_blank\" rel=\"noopener noreferrer\">c&#8217;est ici<\/a>!<\/p>\n","protected":false},"excerpt":{"rendered":"<p>&#8220;Au printemps, Fernand Dansereau pr\u00e9sentait sur grand \u00e9cran le troisi\u00e8me et dernier opus de sa trilogie consacr\u00e9e \u00e0 la vieillesse. Avec le vieil \u00e2ge et l\u2019esp\u00e9rance, il se mettait en qu\u00eate des moyens de vivre plus sereinement le d\u00e9clin qui nous guette tous. Les a-t-il trouv\u00e9s? Oui, d\u2019une certaine fa\u00e7on, r\u00e9pond-il. Parce qu\u2019il accepte mieux &hellip;<\/p>\n","protected":false},"author":2,"featured_media":0,"comment_status":"closed","ping_status":"open","sticky":false,"template":"","format":"standard","meta":{"footnotes":""},"categories":[1],"tags":[],"class_list":["post-5064","post","type-post","status-publish","format-standard","hentry","category-uncategorized"],"yoast_head":"<!-- This site is optimized with the Yoast SEO plugin v17.3 - https:\/\/yoast.com\/wordpress\/plugins\/seo\/ -->\n<title>Journ\u00e9e internationale des personnes \u00e2g\u00e9es - 1er octobre 2019 - Association de personnes retrait\u00e9es de la FAE<\/title>\n<meta name=\"robots\" content=\"noindex, follow, max-snippet:-1, max-image-preview:large, max-video-preview:-1\" \/>\n<meta property=\"og:locale\" content=\"fr_FR\" \/>\n<meta property=\"og:type\" content=\"article\" \/>\n<meta property=\"og:title\" content=\"Journ\u00e9e internationale des personnes \u00e2g\u00e9es - 1er octobre 2019 - Association de personnes retrait\u00e9es de la FAE\" \/>\n<meta property=\"og:description\" content=\"&#8220;Au printemps, Fernand Dansereau pr\u00e9sentait sur grand \u00e9cran le troisi\u00e8me et dernier opus de sa trilogie consacr\u00e9e \u00e0 la vieillesse. Avec le vieil \u00e2ge et l\u2019esp\u00e9rance, il se mettait en qu\u00eate des moyens de vivre plus sereinement le d\u00e9clin qui nous guette tous. Les a-t-il trouv\u00e9s? Oui, d\u2019une certaine fa\u00e7on, r\u00e9pond-il. Parce qu\u2019il accepte mieux &hellip;\" \/>\n<meta property=\"og:url\" content=\"https:\/\/www.capri-matique.com\/client\/aprfae5\/journee-internationale-des-personnes-agees-1er-octobre-2019\/\" \/>\n<meta property=\"og:site_name\" content=\"Association de personnes retrait\u00e9es de la FAE\" \/>\n<meta property=\"article:published_time\" content=\"2019-10-02T18:44:17+00:00\" \/>\n<meta name=\"twitter:card\" content=\"summary\" \/>\n<meta name=\"twitter:label1\" content=\"\u00c9crit par\" \/>\n\t<meta name=\"twitter:data1\" content=\"Chantal Couture\" \/>\n\t<meta name=\"twitter:label2\" content=\"Dur\u00e9e de lecture estim\u00e9e\" \/>\n\t<meta name=\"twitter:data2\" content=\"1 minute\" \/>\n<script type=\"application\/ld+json\" class=\"yoast-schema-graph\">{\"@context\":\"https:\/\/schema.org\",\"@graph\":[{\"@type\":\"WebSite\",\"@id\":\"https:\/\/www.capri-matique.com\/client\/aprfae5\/#website\",\"url\":\"https:\/\/www.capri-matique.com\/client\/aprfae5\/\",\"name\":\"Association de personnes retrait\\u00e9es de la FAE\",\"description\":\"L&#039;association qui nous unit\",\"potentialAction\":[{\"@type\":\"SearchAction\",\"target\":{\"@type\":\"EntryPoint\",\"urlTemplate\":\"https:\/\/www.capri-matique.com\/client\/aprfae5\/?s={search_term_string}\"},\"query-input\":\"required name=search_term_string\"}],\"inLanguage\":\"fr-FR\"},{\"@type\":\"WebPage\",\"@id\":\"https:\/\/www.capri-matique.com\/client\/aprfae5\/journee-internationale-des-personnes-agees-1er-octobre-2019\/#webpage\",\"url\":\"https:\/\/www.capri-matique.com\/client\/aprfae5\/journee-internationale-des-personnes-agees-1er-octobre-2019\/\",\"name\":\"Journ\\u00e9e internationale des personnes \\u00e2g\\u00e9es - 1er octobre 2019 - Association de personnes retrait\\u00e9es de la FAE\",\"isPartOf\":{\"@id\":\"https:\/\/www.capri-matique.com\/client\/aprfae5\/#website\"},\"datePublished\":\"2019-10-02T18:44:17+00:00\",\"dateModified\":\"2019-10-02T18:44:17+00:00\",\"author\":{\"@id\":\"https:\/\/www.capri-matique.com\/client\/aprfae5\/#\/schema\/person\/d49ddfd2ee6ceb42ef2fbcdda1753954\"},\"breadcrumb\":{\"@id\":\"https:\/\/www.capri-matique.com\/client\/aprfae5\/journee-internationale-des-personnes-agees-1er-octobre-2019\/#breadcrumb\"},\"inLanguage\":\"fr-FR\",\"potentialAction\":[{\"@type\":\"ReadAction\",\"target\":[\"https:\/\/www.capri-matique.com\/client\/aprfae5\/journee-internationale-des-personnes-agees-1er-octobre-2019\/\"]}]},{\"@type\":\"BreadcrumbList\",\"@id\":\"https:\/\/www.capri-matique.com\/client\/aprfae5\/journee-internationale-des-personnes-agees-1er-octobre-2019\/#breadcrumb\",\"itemListElement\":[{\"@type\":\"ListItem\",\"position\":1,\"name\":\"Accueil\",\"item\":\"https:\/\/www.capri-matique.com\/client\/aprfae5\/\"},{\"@type\":\"ListItem\",\"position\":2,\"name\":\"Journ\\u00e9e internationale des personnes \\u00e2g\\u00e9es &#8211; 1er octobre 2019\"}]},{\"@type\":\"Person\",\"@id\":\"https:\/\/www.capri-matique.com\/client\/aprfae5\/#\/schema\/person\/d49ddfd2ee6ceb42ef2fbcdda1753954\",\"name\":\"Chantal Couture\",\"url\":\"https:\/\/www.capri-matique.com\/client\/aprfae5\/author\/chantal-couture\/\"}]}<\/script>\n<!-- \/ Yoast SEO plugin. -->","yoast_head_json":{"title":"Journ\u00e9e internationale des personnes \u00e2g\u00e9es - 1er octobre 2019 - Association de personnes retrait\u00e9es de la FAE","robots":{"index":"noindex","follow":"follow","max-snippet":"max-snippet:-1","max-image-preview":"max-image-preview:large","max-video-preview":"max-video-preview:-1"},"og_locale":"fr_FR","og_type":"article","og_title":"Journ\u00e9e internationale des personnes \u00e2g\u00e9es - 1er octobre 2019 - Association de personnes retrait\u00e9es de la FAE","og_description":"&#8220;Au printemps, Fernand Dansereau pr\u00e9sentait sur grand \u00e9cran le troisi\u00e8me et dernier opus de sa trilogie consacr\u00e9e \u00e0 la vieillesse. Avec le vieil \u00e2ge et l\u2019esp\u00e9rance, il se mettait en qu\u00eate des moyens de vivre plus sereinement le d\u00e9clin qui nous guette tous. Les a-t-il trouv\u00e9s? Oui, d\u2019une certaine fa\u00e7on, r\u00e9pond-il. Parce qu\u2019il accepte mieux &hellip;","og_url":"https:\/\/www.capri-matique.com\/client\/aprfae5\/journee-internationale-des-personnes-agees-1er-octobre-2019\/","og_site_name":"Association de personnes retrait\u00e9es de la FAE","article_published_time":"2019-10-02T18:44:17+00:00","twitter_card":"summary","twitter_misc":{"\u00c9crit par":"Chantal Couture","Dur\u00e9e de lecture estim\u00e9e":"1 minute"},"schema":{"@context":"https:\/\/schema.org","@graph":[{"@type":"WebSite","@id":"https:\/\/www.capri-matique.com\/client\/aprfae5\/#website","url":"https:\/\/www.capri-matique.com\/client\/aprfae5\/","name":"Association de personnes retrait\u00e9es de la FAE","description":"L&#039;association qui nous unit","potentialAction":[{"@type":"SearchAction","target":{"@type":"EntryPoint","urlTemplate":"https:\/\/www.capri-matique.com\/client\/aprfae5\/?s={search_term_string}"},"query-input":"required name=search_term_string"}],"inLanguage":"fr-FR"},{"@type":"WebPage","@id":"https:\/\/www.capri-matique.com\/client\/aprfae5\/journee-internationale-des-personnes-agees-1er-octobre-2019\/#webpage","url":"https:\/\/www.capri-matique.com\/client\/aprfae5\/journee-internationale-des-personnes-agees-1er-octobre-2019\/","name":"Journ\u00e9e internationale des personnes \u00e2g\u00e9es - 1er octobre 2019 - Association de personnes retrait\u00e9es de la FAE","isPartOf":{"@id":"https:\/\/www.capri-matique.com\/client\/aprfae5\/#website"},"datePublished":"2019-10-02T18:44:17+00:00","dateModified":"2019-10-02T18:44:17+00:00","author":{"@id":"https:\/\/www.capri-matique.com\/client\/aprfae5\/#\/schema\/person\/d49ddfd2ee6ceb42ef2fbcdda1753954"},"breadcrumb":{"@id":"https:\/\/www.capri-matique.com\/client\/aprfae5\/journee-internationale-des-personnes-agees-1er-octobre-2019\/#breadcrumb"},"inLanguage":"fr-FR","potentialAction":[{"@type":"ReadAction","target":["https:\/\/www.capri-matique.com\/client\/aprfae5\/journee-internationale-des-personnes-agees-1er-octobre-2019\/"]}]},{"@type":"BreadcrumbList","@id":"https:\/\/www.capri-matique.com\/client\/aprfae5\/journee-internationale-des-personnes-agees-1er-octobre-2019\/#breadcrumb","itemListElement":[{"@type":"ListItem","position":1,"name":"Accueil","item":"https:\/\/www.capri-matique.com\/client\/aprfae5\/"},{"@type":"ListItem","position":2,"name":"Journ\u00e9e internationale des personnes \u00e2g\u00e9es &#8211; 1er octobre 2019"}]},{"@type":"Person","@id":"https:\/\/www.capri-matique.com\/client\/aprfae5\/#\/schema\/person\/d49ddfd2ee6ceb42ef2fbcdda1753954","name":"Chantal Couture","url":"https:\/\/www.capri-matique.com\/client\/aprfae5\/author\/chantal-couture\/"}]}},"_links":{"self":[{"href":"https:\/\/www.capri-matique.com\/client\/aprfae5\/wp-json\/wp\/v2\/posts\/5064","targetHints":{"allow":["GET"]}}],"collection":[{"href":"https:\/\/www.capri-matique.com\/client\/aprfae5\/wp-json\/wp\/v2\/posts"}],"about":[{"href":"https:\/\/www.capri-matique.com\/client\/aprfae5\/wp-json\/wp\/v2\/types\/post"}],"author":[{"embeddable":true,"href":"https:\/\/www.capri-matique.com\/client\/aprfae5\/wp-json\/wp\/v2\/users\/2"}],"replies":[{"embeddable":true,"href":"https:\/\/www.capri-matique.com\/client\/aprfae5\/wp-json\/wp\/v2\/comments?post=5064"}],"version-history":[{"count":1,"href":"https:\/\/www.capri-matique.com\/client\/aprfae5\/wp-json\/wp\/v2\/posts\/5064\/revisions"}],"predecessor-version":[{"id":5065,"href":"https:\/\/www.capri-matique.com\/client\/aprfae5\/wp-json\/wp\/v2\/posts\/5064\/revisions\/5065"}],"wp:attachment":[{"href":"https:\/\/www.capri-matique.com\/client\/aprfae5\/wp-json\/wp\/v2\/media?parent=5064"}],"wp:term":[{"taxonomy":"category","embeddable":true,"href":"https:\/\/www.capri-matique.com\/client\/aprfae5\/wp-json\/wp\/v2\/categories?post=5064"},{"taxonomy":"post_tag","embeddable":true,"href":"https:\/\/www.capri-matique.com\/client\/aprfae5\/wp-json\/wp\/v2\/tags?post=5064"}],"curies":[{"name":"wp","href":"https:\/\/api.w.org\/{rel}","templated":true}]}}