{"id":4988,"date":"2019-09-18T13:58:28","date_gmt":"2019-09-18T17:58:28","guid":{"rendered":"https:\/\/capri-matique.com\/client\/aprfae5\/?p=4988"},"modified":"2019-09-18T13:58:28","modified_gmt":"2019-09-18T17:58:28","slug":"nouveau-responsable-politique-de-laprfae","status":"publish","type":"post","link":"https:\/\/www.capri-matique.com\/client\/aprfae5\/nouveau-responsable-politique-de-laprfae\/","title":{"rendered":"Nouveau responsable politique de l&#8217;APRFAE"},"content":{"rendered":"<p>Nous tenons \u00e0 souhaiter la bienvenue \u00e0 M. Beno\u00eet Gigu\u00e8re, \u00e9lu vice-pr\u00e9sident au secr\u00e9tariat, \u00e0 la tr\u00e9sorerie et \u00e0 l\u2019administration de la FAE en juin dernier. Parmi les dossiers sous sa gouverne, il sera entre autres, responsable de l\u2019APRFAE.<\/p>\n<p>D\u2019abord enseignant en \u00e9thique et culture religieuse, M. Gigu\u00e8re a \u00e9t\u00e9 pr\u00e9sident du Syndicat de l\u2019enseignement des Seigneuries de 2010 \u00e0 2019 et a ainsi contribu\u00e9 activement \u00e0 la plupart des instances de la FAE, dont les 2 derni\u00e8res n\u00e9gociations. Son passage au SES l\u2019a amen\u00e9 \u00e0 \u00eatre impliqu\u00e9 \u00e0 tous les niveaux de la gestion et des aspects administratifs d\u2019un syndicat, tout en assurant un service direct aux membres. Fort de ces exp\u00e9riences, c\u2019est avec enthousiasme qu\u2019il entrevoit ses nouveaux d\u00e9fis \u00e0 la F\u00e9d\u00e9ration.<\/p>\n<p>En tant que p\u00e8re, citoyen et militant, il est convaincu que l\u2019\u00c9ducation est la cl\u00e9 pour combattre la pauvret\u00e9 et l\u2019exclusion, favorisant ainsi la formation de citoyennes et citoyens libres. La d\u00e9fense du bien commun, l\u2019avancement de l\u2019\u00c9ducation et l\u2019am\u00e9lioration des services publics et des conditions de vie de l\u2019ensemble de la soci\u00e9t\u00e9 sont au c\u0153ur de ses pr\u00e9occupations.<\/p>\n<p>Bienvenue parmi nous!<\/p>\n","protected":false},"excerpt":{"rendered":"<p>Nous tenons \u00e0 souhaiter la bienvenue \u00e0 M. Beno\u00eet Gigu\u00e8re, \u00e9lu vice-pr\u00e9sident au secr\u00e9tariat, \u00e0 la tr\u00e9sorerie et \u00e0 l\u2019administration de la FAE en juin dernier. Parmi les dossiers sous sa gouverne, il sera entre autres, responsable de l\u2019APRFAE. D\u2019abord enseignant en \u00e9thique et culture religieuse, M. Gigu\u00e8re a \u00e9t\u00e9 pr\u00e9sident du Syndicat de l\u2019enseignement &hellip;<\/p>\n","protected":false},"author":2,"featured_media":0,"comment_status":"closed","ping_status":"open","sticky":false,"template":"","format":"standard","meta":{"footnotes":""},"categories":[1],"tags":[],"class_list":["post-4988","post","type-post","status-publish","format-standard","hentry","category-uncategorized"],"yoast_head":"<!-- This site is optimized with the Yoast SEO plugin v17.3 - https:\/\/yoast.com\/wordpress\/plugins\/seo\/ -->\n<title>Nouveau responsable politique de l&#039;APRFAE - Association de personnes retrait\u00e9es de la FAE<\/title>\n<meta name=\"robots\" content=\"noindex, follow, max-snippet:-1, max-image-preview:large, max-video-preview:-1\" \/>\n<meta property=\"og:locale\" content=\"fr_FR\" \/>\n<meta property=\"og:type\" content=\"article\" \/>\n<meta property=\"og:title\" content=\"Nouveau responsable politique de l&#039;APRFAE - Association de personnes retrait\u00e9es de la FAE\" \/>\n<meta property=\"og:description\" content=\"Nous tenons \u00e0 souhaiter la bienvenue \u00e0 M. Beno\u00eet Gigu\u00e8re, \u00e9lu vice-pr\u00e9sident au secr\u00e9tariat, \u00e0 la tr\u00e9sorerie et \u00e0 l\u2019administration de la FAE en juin dernier. Parmi les dossiers sous sa gouverne, il sera entre autres, responsable de l\u2019APRFAE. D\u2019abord enseignant en \u00e9thique et culture religieuse, M. Gigu\u00e8re a \u00e9t\u00e9 pr\u00e9sident du Syndicat de l\u2019enseignement &hellip;\" \/>\n<meta property=\"og:url\" content=\"https:\/\/www.capri-matique.com\/client\/aprfae5\/nouveau-responsable-politique-de-laprfae\/\" \/>\n<meta property=\"og:site_name\" content=\"Association de personnes retrait\u00e9es de la FAE\" \/>\n<meta property=\"article:published_time\" content=\"2019-09-18T17:58:28+00:00\" \/>\n<meta name=\"twitter:card\" content=\"summary\" \/>\n<meta name=\"twitter:label1\" content=\"\u00c9crit par\" \/>\n\t<meta name=\"twitter:data1\" content=\"Chantal Couture\" \/>\n\t<meta name=\"twitter:label2\" content=\"Dur\u00e9e de lecture estim\u00e9e\" \/>\n\t<meta name=\"twitter:data2\" content=\"1 minute\" \/>\n<script type=\"application\/ld+json\" class=\"yoast-schema-graph\">{\"@context\":\"https:\/\/schema.org\",\"@graph\":[{\"@type\":\"WebSite\",\"@id\":\"https:\/\/www.capri-matique.com\/client\/aprfae5\/#website\",\"url\":\"https:\/\/www.capri-matique.com\/client\/aprfae5\/\",\"name\":\"Association de personnes retrait\\u00e9es de la FAE\",\"description\":\"L&#039;association qui nous unit\",\"potentialAction\":[{\"@type\":\"SearchAction\",\"target\":{\"@type\":\"EntryPoint\",\"urlTemplate\":\"https:\/\/www.capri-matique.com\/client\/aprfae5\/?s={search_term_string}\"},\"query-input\":\"required name=search_term_string\"}],\"inLanguage\":\"fr-FR\"},{\"@type\":\"WebPage\",\"@id\":\"https:\/\/www.capri-matique.com\/client\/aprfae5\/nouveau-responsable-politique-de-laprfae\/#webpage\",\"url\":\"https:\/\/www.capri-matique.com\/client\/aprfae5\/nouveau-responsable-politique-de-laprfae\/\",\"name\":\"Nouveau responsable politique de l'APRFAE - Association de personnes retrait\\u00e9es de la FAE\",\"isPartOf\":{\"@id\":\"https:\/\/www.capri-matique.com\/client\/aprfae5\/#website\"},\"datePublished\":\"2019-09-18T17:58:28+00:00\",\"dateModified\":\"2019-09-18T17:58:28+00:00\",\"author\":{\"@id\":\"https:\/\/www.capri-matique.com\/client\/aprfae5\/#\/schema\/person\/d49ddfd2ee6ceb42ef2fbcdda1753954\"},\"breadcrumb\":{\"@id\":\"https:\/\/www.capri-matique.com\/client\/aprfae5\/nouveau-responsable-politique-de-laprfae\/#breadcrumb\"},\"inLanguage\":\"fr-FR\",\"potentialAction\":[{\"@type\":\"ReadAction\",\"target\":[\"https:\/\/www.capri-matique.com\/client\/aprfae5\/nouveau-responsable-politique-de-laprfae\/\"]}]},{\"@type\":\"BreadcrumbList\",\"@id\":\"https:\/\/www.capri-matique.com\/client\/aprfae5\/nouveau-responsable-politique-de-laprfae\/#breadcrumb\",\"itemListElement\":[{\"@type\":\"ListItem\",\"position\":1,\"name\":\"Accueil\",\"item\":\"https:\/\/www.capri-matique.com\/client\/aprfae5\/\"},{\"@type\":\"ListItem\",\"position\":2,\"name\":\"Nouveau responsable politique de l&#8217;APRFAE\"}]},{\"@type\":\"Person\",\"@id\":\"https:\/\/www.capri-matique.com\/client\/aprfae5\/#\/schema\/person\/d49ddfd2ee6ceb42ef2fbcdda1753954\",\"name\":\"Chantal Couture\",\"url\":\"https:\/\/www.capri-matique.com\/client\/aprfae5\/author\/chantal-couture\/\"}]}<\/script>\n<!-- \/ Yoast SEO plugin. -->","yoast_head_json":{"title":"Nouveau responsable politique de l'APRFAE - Association de personnes retrait\u00e9es de la FAE","robots":{"index":"noindex","follow":"follow","max-snippet":"max-snippet:-1","max-image-preview":"max-image-preview:large","max-video-preview":"max-video-preview:-1"},"og_locale":"fr_FR","og_type":"article","og_title":"Nouveau responsable politique de l'APRFAE - Association de personnes retrait\u00e9es de la FAE","og_description":"Nous tenons \u00e0 souhaiter la bienvenue \u00e0 M. Beno\u00eet Gigu\u00e8re, \u00e9lu vice-pr\u00e9sident au secr\u00e9tariat, \u00e0 la tr\u00e9sorerie et \u00e0 l\u2019administration de la FAE en juin dernier. Parmi les dossiers sous sa gouverne, il sera entre autres, responsable de l\u2019APRFAE. D\u2019abord enseignant en \u00e9thique et culture religieuse, M. Gigu\u00e8re a \u00e9t\u00e9 pr\u00e9sident du Syndicat de l\u2019enseignement &hellip;","og_url":"https:\/\/www.capri-matique.com\/client\/aprfae5\/nouveau-responsable-politique-de-laprfae\/","og_site_name":"Association de personnes retrait\u00e9es de la FAE","article_published_time":"2019-09-18T17:58:28+00:00","twitter_card":"summary","twitter_misc":{"\u00c9crit par":"Chantal Couture","Dur\u00e9e de lecture estim\u00e9e":"1 minute"},"schema":{"@context":"https:\/\/schema.org","@graph":[{"@type":"WebSite","@id":"https:\/\/www.capri-matique.com\/client\/aprfae5\/#website","url":"https:\/\/www.capri-matique.com\/client\/aprfae5\/","name":"Association de personnes retrait\u00e9es de la FAE","description":"L&#039;association qui nous unit","potentialAction":[{"@type":"SearchAction","target":{"@type":"EntryPoint","urlTemplate":"https:\/\/www.capri-matique.com\/client\/aprfae5\/?s={search_term_string}"},"query-input":"required name=search_term_string"}],"inLanguage":"fr-FR"},{"@type":"WebPage","@id":"https:\/\/www.capri-matique.com\/client\/aprfae5\/nouveau-responsable-politique-de-laprfae\/#webpage","url":"https:\/\/www.capri-matique.com\/client\/aprfae5\/nouveau-responsable-politique-de-laprfae\/","name":"Nouveau responsable politique de l'APRFAE - Association de personnes retrait\u00e9es de la FAE","isPartOf":{"@id":"https:\/\/www.capri-matique.com\/client\/aprfae5\/#website"},"datePublished":"2019-09-18T17:58:28+00:00","dateModified":"2019-09-18T17:58:28+00:00","author":{"@id":"https:\/\/www.capri-matique.com\/client\/aprfae5\/#\/schema\/person\/d49ddfd2ee6ceb42ef2fbcdda1753954"},"breadcrumb":{"@id":"https:\/\/www.capri-matique.com\/client\/aprfae5\/nouveau-responsable-politique-de-laprfae\/#breadcrumb"},"inLanguage":"fr-FR","potentialAction":[{"@type":"ReadAction","target":["https:\/\/www.capri-matique.com\/client\/aprfae5\/nouveau-responsable-politique-de-laprfae\/"]}]},{"@type":"BreadcrumbList","@id":"https:\/\/www.capri-matique.com\/client\/aprfae5\/nouveau-responsable-politique-de-laprfae\/#breadcrumb","itemListElement":[{"@type":"ListItem","position":1,"name":"Accueil","item":"https:\/\/www.capri-matique.com\/client\/aprfae5\/"},{"@type":"ListItem","position":2,"name":"Nouveau responsable politique de l&#8217;APRFAE"}]},{"@type":"Person","@id":"https:\/\/www.capri-matique.com\/client\/aprfae5\/#\/schema\/person\/d49ddfd2ee6ceb42ef2fbcdda1753954","name":"Chantal Couture","url":"https:\/\/www.capri-matique.com\/client\/aprfae5\/author\/chantal-couture\/"}]}},"_links":{"self":[{"href":"https:\/\/www.capri-matique.com\/client\/aprfae5\/wp-json\/wp\/v2\/posts\/4988","targetHints":{"allow":["GET"]}}],"collection":[{"href":"https:\/\/www.capri-matique.com\/client\/aprfae5\/wp-json\/wp\/v2\/posts"}],"about":[{"href":"https:\/\/www.capri-matique.com\/client\/aprfae5\/wp-json\/wp\/v2\/types\/post"}],"author":[{"embeddable":true,"href":"https:\/\/www.capri-matique.com\/client\/aprfae5\/wp-json\/wp\/v2\/users\/2"}],"replies":[{"embeddable":true,"href":"https:\/\/www.capri-matique.com\/client\/aprfae5\/wp-json\/wp\/v2\/comments?post=4988"}],"version-history":[{"count":1,"href":"https:\/\/www.capri-matique.com\/client\/aprfae5\/wp-json\/wp\/v2\/posts\/4988\/revisions"}],"predecessor-version":[{"id":4989,"href":"https:\/\/www.capri-matique.com\/client\/aprfae5\/wp-json\/wp\/v2\/posts\/4988\/revisions\/4989"}],"wp:attachment":[{"href":"https:\/\/www.capri-matique.com\/client\/aprfae5\/wp-json\/wp\/v2\/media?parent=4988"}],"wp:term":[{"taxonomy":"category","embeddable":true,"href":"https:\/\/www.capri-matique.com\/client\/aprfae5\/wp-json\/wp\/v2\/categories?post=4988"},{"taxonomy":"post_tag","embeddable":true,"href":"https:\/\/www.capri-matique.com\/client\/aprfae5\/wp-json\/wp\/v2\/tags?post=4988"}],"curies":[{"name":"wp","href":"https:\/\/api.w.org\/{rel}","templated":true}]}}